{"id":38509,"date":"2025-04-20T09:11:08","date_gmt":"2025-04-20T09:11:08","guid":{"rendered":"https:\/\/www.europesays.com\/fr\/38509\/"},"modified":"2025-04-20T09:11:08","modified_gmt":"2025-04-20T09:11:08","slug":"informer-pour-guerir-toulon-des-traumas-de-la-colonisation","status":"publish","type":"post","link":"https:\/\/www.europesays.com\/fr\/38509\/","title":{"rendered":"Informer pour gu\u00e9rir Toulon des traumas de la colonisation"},"content":{"rendered":"\n<p>C\u2019est devant le panneau d\u2019expression libre du boulevard Tess\u00e9 que nous retrouvons les militants associatifs qui font vivre tout au long de l\u2019ann\u00e9e le Comptoir des id\u00e9es, lors d\u2019une nouvelle s\u00e9ance d\u2019affichage. Il s\u2019agit cette fois d\u2019inviter la population \u00e0 venir d\u00e9battre et s\u2019informer sur ce que l\u2019espace public nous enseigne de notre histoire et des rapports de dominations, non dig\u00e9r\u00e9s et tr\u00e8s souvent insuffisamment document\u00e9s parce qu\u2019encore douloureux.<\/p>\n<p>Dans le Port du Levant se dresse par exemple une st\u00e8le \u00e9rig\u00e9e \u00e0 Toulon, Porte d\u2019Italie, pour les \u00ab\u00a0Martyrs de l\u2019Alg\u00e9rie fran\u00e7aise\u00a0\u00bb. Un monument au travers duquel on \u00ab\u00a0continue d\u2019honorer Roger Degueldre, chef des commandos Delta de l\u2019OAS, responsable de l\u2019assassinat de six fonctionnaires de l\u2019\u00c9ducation nationale le 15\u00a0mars 1962 \u00e0 Alger\u00a0\u00bb, comme n\u2019a jamais cess\u00e9 de le d\u00e9noncer pendant des d\u00e9cennies le regrett\u00e9 Fran\u00e7ois Nadiras, l\u2019ancien pr\u00e9sident de la section toulonnaise de la Ligue des droits de l\u2019homme.<\/p>\n<p>\u00c7a fait un an et demi qu\u2019on travaille avec Fran\u00e7oise Verg\u00e8s et Sa\u00efd Bouamama autour du th\u00e8me \u00ab\u00a0d\u00e9coloniser l\u2019espace public de Toulon\u00a0\u00bb, commence Pier Ndoumbe le chor\u00e9graphe et com\u00e9dien engag\u00e9, cocr\u00e9ateur du laboratoire Nion Far. Une d\u00e9ambulation au c\u0153ur de la ville et de ses mus\u00e9es qui leur ont permis d\u2019\u00e9crire des textes qui seront lus au cours de la soir\u00e9e.<\/p>\n<p> Et lutter contre le racisme\n              <\/p>\n<p>L\u2019id\u00e9e est d\u2019interroger ce qui reste dans l\u2019imaginaire collectif de ces personnages au pass\u00e9 criminel. \u00ab\u00a0Dans un contexte marqu\u00e9 par une augmentation de la violence et une banalisation du racisme et du fascisme, la probl\u00e9matique de la d\u00e9colonisation de l\u2019espace public s\u2019av\u00e8re cruciale. Toulon, port militaire, occupe en effet une position centrale dans le projet d\u2019expansion coloniale\u00a0\u00bb, insiste-t-il, en rappelant que \u00ab\u00a0du point de vue architectural, g\u00e9opolitique et psychologique, les constructions, les appellations des rues et des lieux publics refl\u00e8tent notre histoire commune\u00a0\u00bb.<\/p>\n<p>L\u2019id\u00e9e \u00e9tant de r\u00e9parer les imaginaires en donnant l\u2019information pour lutter contre l\u2019ignorance et les replis identitaires. \u00ab\u00a0Sa\u00efd Boumana met en avant la question des traumas pour montrer comment on parvient \u00e0 les transcender en en parlant, parce que ce n\u2019est pas en mettant le couvercle sur les choses qu\u2019on r\u00e9sout les probl\u00e8mes.\u00a0\u00bb Et de rappeler qu\u2019au moment de l\u2019exp\u00e9dition alg\u00e9rienne, un tiers de la population a \u00e9t\u00e9 massacr\u00e9. \u00ab\u00a0On essaie de collectivement avancer et construire un monde o\u00f9 on cohabite.\u00a0\u00bb<\/p>\n<p>Par rapport au mus\u00e9e, c\u2019est la m\u00eame d\u00e9marche, explique Pier Ndoumbe. Avec en plus la question de savoir si et comment il peut \u00eatre r\u00e9invent\u00e9 sous une forme plus populaire et plus riche des diversit\u00e9s culturelles. \u00ab\u00a0La population de Toulon est tr\u00e8s tr\u00e8s riche, il y a des Arabes, il y a des Kanaks, des Turcs&#8230; et toutes ces histoires peuvent \u00eatre assembl\u00e9es dans un espace, une galerie\u00a0\u00bb, insiste le militant associatif. L\u2019id\u00e9e \u00e9tant de faire se rencontrer les gens. Et de conclure\u00a0: \u00ab\u00a0Notre arme contre le racisme c\u2019est l\u2019information.\u00a0\u00bb Apr\u00e8s avoir donn\u00e9 lecture des r\u00e9cits et laisser une large place au d\u00e9bat, la soir\u00e9e sera suivie d\u2019une performance artistique.<\/p>\n<p>Rencontre sur le th\u00e8me le jeudi 24\u00a0avril, \u00e0 19h, \u00e0 la salle H\u00e9lice, 68 avenue Victor-Agostini<\/p>\n","protected":false},"excerpt":{"rendered":"C\u2019est devant le panneau d\u2019expression libre du boulevard Tess\u00e9 que nous retrouvons les militants associatifs qui font vivre&hellip;\n","protected":false},"author":2,"featured_media":38510,"comment_status":"","ping_status":"","sticky":false,"template":"","format":"standard","meta":{"footnotes":""},"categories":[9619],"tags":[1111,11,1292,1777,674,1011,27,12,882,25,2310],"class_list":{"0":"post-38509","1":"post","2":"type-post","3":"status-publish","4":"format-standard","5":"has-post-thumbnail","7":"category-toulon","8":"tag-actu","9":"tag-actualites","10":"tag-debat","11":"tag-eu","12":"tag-europe","13":"tag-fr","14":"tag-france","15":"tag-news","16":"tag-provence-alpes-cote-dazur","17":"tag-republique-francaise","18":"tag-toulon"},"share_on_mastodon":{"url":"https:\/\/pubeurope.com\/@fr\/114369520169611638","error":""},"_links":{"self":[{"href":"https:\/\/www.europesays.com\/fr\/wp-json\/wp\/v2\/posts\/38509","targetHints":{"allow":["GET"]}}],"collection":[{"href":"https:\/\/www.europesays.com\/fr\/wp-json\/wp\/v2\/posts"}],"about":[{"href":"https:\/\/www.europesays.com\/fr\/wp-json\/wp\/v2\/types\/post"}],"author":[{"embeddable":true,"href":"https:\/\/www.europesays.com\/fr\/wp-json\/wp\/v2\/users\/2"}],"replies":[{"embeddable":true,"href":"https:\/\/www.europesays.com\/fr\/wp-json\/wp\/v2\/comments?post=38509"}],"version-history":[{"count":0,"href":"https:\/\/www.europesays.com\/fr\/wp-json\/wp\/v2\/posts\/38509\/revisions"}],"wp:featuredmedia":[{"embeddable":true,"href":"https:\/\/www.europesays.com\/fr\/wp-json\/wp\/v2\/media\/38510"}],"wp:attachment":[{"href":"https:\/\/www.europesays.com\/fr\/wp-json\/wp\/v2\/media?parent=38509"}],"wp:term":[{"taxonomy":"category","embeddable":true,"href":"https:\/\/www.europesays.com\/fr\/wp-json\/wp\/v2\/categories?post=38509"},{"taxonomy":"post_tag","embeddable":true,"href":"https:\/\/www.europesays.com\/fr\/wp-json\/wp\/v2\/tags?post=38509"}],"curies":[{"name":"wp","href":"https:\/\/api.w.org\/{rel}","templated":true}]}}