{"id":385090,"date":"2025-09-12T10:45:11","date_gmt":"2025-09-12T10:45:11","guid":{"rendered":"https:\/\/www.europesays.com\/fr\/385090\/"},"modified":"2025-09-12T10:45:11","modified_gmt":"2025-09-12T10:45:11","slug":"syndicats-et-mouvement-bloquons-tout-sunissent-une-journee-noire-se-profile-a-toulouse","status":"publish","type":"post","link":"https:\/\/www.europesays.com\/fr\/385090\/","title":{"rendered":"Syndicats et mouvement \u00ab\u00a0Bloquons tout\u00a0\u00bb s&rsquo;unissent, une \u00ab\u00a0journ\u00e9e noire\u00a0\u00bb se profile \u00e0 Toulouse"},"content":{"rendered":"<p>            Par<br \/>\n        <strong><br \/>\n            <a href=\"https:\/\/actu.fr\/auteur\/enzo-legros\" title=\"Consulter tous les articles de Enzo Legros\" rel=\"nofollow noopener\" target=\"_blank\">Enzo Legros<\/a><br \/>\n        <\/strong><\/p>\n<p>        Publi\u00e9 le<\/p>\n<p>            12 sept. 2025 \u00e0 12h11        <\/p>\n<p>Pour certains, <a href=\"https:\/\/actu.fr\/occitanie\/toulouse_31555\/direct-bloquons-tout-perturbations-dans-les-transports-manifestations-greves-ce-qu-il-se-passe-a-toulouse_63135101.html\" rel=\"nofollow noopener\" target=\"_blank\"><strong>la mobilisation du 10\u00a0septembre<\/strong> 2025 \u00e0 Toulouse<\/a> est source de d\u00e9ception. Pour d\u2019autres, ce n\u2019est que le commencement d\u2019un mouvement qui se veut <strong>persistant<\/strong>. Preuve en est, quelques heures apr\u00e8s la fin de la journ\u00e9e d\u2019action, de nombreuses personnes se sont projet\u00e9es vers l\u2019avenir. Dans un premier temps, aucune d\u00e9cision n\u2019a \u00e9t\u00e9 prise. Mais, le choix de se joindre \u00e0 une <strong>\u00ab\u2009journ\u00e9e noire\u2009\u00bb<\/strong> pr\u00e9vue <strong>le 18\u00a0septembre<\/strong> par de nombreux syndicats est d\u00e9sormais scell\u00e9. Voici ce qui est pr\u00e9vu pour l\u2019acte deux de <a href=\"https:\/\/actu.fr\/tag\/bloquons-tout\" rel=\"nofollow noopener\" target=\"_blank\">\u00ab\u2009Bloquons tout\u2009\u00bb<\/a>.<\/p>\n<p>Gr\u00e8ve massive le 18\u00a0septembre<\/p>\n<p class=\" wall-content\">Sans parler de <a href=\"https:\/\/actu.fr\/tag\/manifestations\" rel=\"nofollow noopener\" target=\"_blank\">manifestations<\/a>, le 18\u00a0septembre 2025 se profile comme une journ\u00e9e de gr\u00e8ve massive dans beaucoup de secteurs professionnels. Une <strong>union intersyndicale<\/strong>, construite \u00e0 l\u2019\u00e9chelle nationale, avait d\u00e9j\u00e0 coch\u00e9 cette date dans son agenda d\u00e8s le mois d\u2019ao\u00fbt. La liste des syndicats en gr\u00e8ve est longue, et peut encore \u00e9voluer\u2009: CFDT, CGT, FO, CFE-CGC, CFTC, UNSA, FSU, SOLIDAIRES.<\/p>\n<p class=\" wall-content\">Le <strong>\u00ab\u2009blocage\u2009\u00bb de Toulouse<\/strong> pourrait \u00eatre <strong>beaucoup plus important<\/strong> que celui op\u00e9r\u00e9 le 10\u00a0septembre, <a href=\"https:\/\/actu.fr\/occitanie\/toulouse_31555\/bloquons-tout-a-toulouse-bus-metros-trains-ecoles-voici-les-perturbations-a-prevoir_63133690.html\" rel=\"nofollow noopener\" target=\"_blank\">puisqu\u2019une gr\u00e8ve a \u00e9t\u00e9 annonc\u00e9e<\/a> du c\u00f4t\u00e9 de <a href=\"https:\/\/actu.fr\/tag\/sncf\" rel=\"nofollow noopener\" target=\"_blank\">la SNCF<\/a>, avec un appel lanc\u00e9 dans la f\u00e9d\u00e9ration CGT des cheminots, la principale organisation syndicale de travailleurs de la compagnie ferroviaire.<\/p>\n<p>Les \u00e9coles aussi concern\u00e9es<\/p>\n<p class=\" wall-content\">Les branches de m\u00e9tiers concern\u00e9es par l\u2019appel \u00e0 la gr\u00e8ve du 18\u00a0septembre sont nombreuses. \u00ab\u2009Les h\u00f4pitaux, l\u2019\u00e9nergie, les industries, les transports, l\u2019audiovisuel public et la culture sont d\u00e9j\u00e0 mobilis\u00e9s\u2009\u00bb, indique la CGT <a href=\"https:\/\/actu.fr\/occitanie\/haute-garonne_31\" rel=\"nofollow noopener\" target=\"_blank\">en Haute-Garonne<\/a>. <strong>Les \u00e9coles seront aussi s\u00fbrement impact\u00e9es.<\/strong> Des syndicats d\u2019enseignants, dont FSU-SNUipp 31 et l\u2019UNSA, vont se joindre \u00e0 la gr\u00e8ve, pour d\u00e9noncer \u00ab\u2009le budget d\u2019aust\u00e9rit\u00e9\u2009\u00bb <a href=\"https:\/\/actu.fr\/politique\/demission-de-francois-bayrou-ce-nouveau-record-navrant-detenu-par-emmanuel-macron_63133779.html\" rel=\"nofollow noopener\" target=\"_blank\">de l\u2019ancien premier ministre Fran\u00e7ois Bayrou.<\/a><\/p>\n<p class=\" wall-content\">Certaines <a href=\"https:\/\/actu.fr\/occitanie\/toulouse_31555\/toulouse-six-ecoles-neuves-vont-ouvrir-leurs-portes-a-la-rentree-de-septembre-voici-ou_63082854.html\" rel=\"nofollow noopener\" target=\"_blank\"><strong>\u00e9coles de Toulouse<\/strong><\/a> ont d\u00e9j\u00e0 annonc\u00e9 la gr\u00e8ve aux parents d\u2019\u00e9l\u00e8ves. Pour les professeurs, la col\u00e8re provient \u00e9galement de la position du nouveau directeur acad\u00e9mique des services de l\u2019Education nationale, Christian Mendiv\u00e9, qui souhaite <a href=\"https:\/\/actu.fr\/occitanie\/toulouse_31555\/haute-garonne-voici-les-ecoles-menacees-par-une-fermeture-ou-ouverture-de-classe-en-plein-mois-de-septembre_63121659.html\" rel=\"nofollow noopener\" target=\"_blank\">fermer des classes quelques jours apr\u00e8s la rentr\u00e9e scolaire<\/a> dans le d\u00e9partement. Le non-renouvellement d\u2019enseignants contractualis\u00e9s l\u2019ann\u00e9e derni\u00e8re est aussi un sujet de col\u00e8re.<\/p>\n<p>\u00ab\u2009Bloquons tout\u2009\u00bb se joint aux syndicats<\/p>\n<p class=\" wall-content\">La mobilisation du 18 septembre est diff\u00e9rente, par son organisation, de la premi\u00e8re journ\u00e9e du mouvement \u00ab\u2009Bloquons tout\u2009\u00bb . <strong><a href=\"https:\/\/actu.fr\/societe\/gros-blocages-ou-effets-d-annonce-a-quoi-faut-il-vraiment-s-attendre-le-10-septembre_63117418.html\" rel=\"nofollow noopener\" target=\"_blank\">Un flou demeurait<\/a><\/strong> \u00e0 Toulouse, jusqu\u2019\u00e0 la matin\u00e9e m\u00eame de mercredi, <strong>sur l\u2019ampleur r\u00e9elle<\/strong> qu\u2019allait prendre le 10\u00a0septembre, puisque les syndicats se sont joints que tr\u00e8s tard \u00e0 l\u2019appel. Cette fois, le 18\u00a0septembre <strong>est une gr\u00e8ve intersyndicale, \u00e0 laquelle se joint \u00ab\u2009Bloquons tout\u2009\u00bb.<\/strong><\/p>\n<p>Votre r\u00e9gion, votre actu !<\/p>\n<p>Recevez chaque jour les infos qui comptent pour vous.<\/p>\n<p>\t<a href=\"https:\/\/actu.fr\/newsletter\" class=\"ac-btn ac-btn--corner ac-btn--medium ac-btn--blue800\" rel=\"nofollow noopener\" target=\"_blank\">S&rsquo;incrire<\/a><\/p>\n<p class=\" wall-content\">Concr\u00e8tement, la gr\u00e8ve est donc d\u00e9j\u00e0 act\u00e9e dans beaucoup de syndicats, et la survenue <strong>d\u2019une action forte dans la Ville rose est plus tangible<\/strong> dans les transports et l\u2019\u00e9ducation. Mais le lien avec le mouvement \u00ab\u2009Bloquons tout\u2009\u00bb est bien pr\u00e9sent. Dans un communiqu\u00e9, le syndicat SUD indique vouloir <strong>\u00ab\u2009construire la suite de cette mobilisation<\/strong> par la gr\u00e8ve\u2009\u00bb, le 18\u00a0septembre, pendant que le FSU-SNUipp appelle \u00ab\u2009\u00e0 pr\u00e9parer les suites des mobilisations pour faire tomber ce budget\u2009\u00bb.<\/p>\n<p>Des manifestations \u00e0 pr\u00e9voir\u2009?<\/p>\n<p class=\" wall-content\">Pour l\u2019instant, <strong>aucun rendez-vous n\u2019a \u00e9t\u00e9 annonc\u00e9<\/strong> pour une manifestation d\u2019ampleur dans Toulouse le 18 septembre. Pour le 10 septembre, la date et le lieu pr\u00e9cis \u00e9taient tomb\u00e9s dans les ultimes jours. Toutefois, la mobilisation par la manifestation est clairement envisag\u00e9e dans tous les communiqu\u00e9s des syndicats de Haute-Garonne.<\/p>\n<p class=\" wall-content\">Sur les r\u00e9seaux sociaux, le mouvement \u00ab\u2009Bloquons tout\u2009\u00bb travaille bien sur la construction du 18\u00a0septembre, <strong>le deuxi\u00e8me acte<\/strong> de sa mobilisation nationale.<\/p>\n<p class=\" wall-content\">Personnalisez votre actualit\u00e9 en ajoutant vos villes et m\u00e9dias en favori avec <a href=\"https:\/\/moncompte.actu.fr\" title=\"D\u00e9couvez Mon Actu\" rel=\"nofollow noopener\" data-trk=\"{&quot;cta&quot;:{&quot;action&quot;:&quot;https:\\\/\\\/moncompte.actu.fr&quot;,&quot;category&quot;:&quot;mon compte&quot;,&quot;from&quot;:&quot;article footer&quot;,&quot;name&quot;:&quot;Mon actu&quot;,&quot;type&quot;:&quot;cta&quot;}}\" target=\"_blank\">Mon Actu<\/a>.<\/p>\n","protected":false},"excerpt":{"rendered":"Par Enzo Legros Publi\u00e9 le 12 sept. 2025 \u00e0 12h11 Pour certains, la mobilisation du 10\u00a0septembre 2025 \u00e0&hellip;\n","protected":false},"author":2,"featured_media":385091,"comment_status":"","ping_status":"","sticky":false,"template":"","format":"standard","meta":{"footnotes":""},"categories":[2816],"tags":[1111,11,47212,1777,674,1011,27,1272,12,2680,25,104,2312],"class_list":{"0":"post-385090","1":"post","2":"type-post","3":"status-publish","4":"format-standard","5":"has-post-thumbnail","7":"category-toulouse","8":"tag-actu","9":"tag-actualites","10":"tag-bloquons-tout","11":"tag-eu","12":"tag-europe","13":"tag-fr","14":"tag-france","15":"tag-manifestations","16":"tag-news","17":"tag-occitanie","18":"tag-republique-francaise","19":"tag-societe","20":"tag-toulouse"},"share_on_mastodon":{"url":"https:\/\/pubeurope.com\/@fr\/115190924937416354","error":""},"_links":{"self":[{"href":"https:\/\/www.europesays.com\/fr\/wp-json\/wp\/v2\/posts\/385090","targetHints":{"allow":["GET"]}}],"collection":[{"href":"https:\/\/www.europesays.com\/fr\/wp-json\/wp\/v2\/posts"}],"about":[{"href":"https:\/\/www.europesays.com\/fr\/wp-json\/wp\/v2\/types\/post"}],"author":[{"embeddable":true,"href":"https:\/\/www.europesays.com\/fr\/wp-json\/wp\/v2\/users\/2"}],"replies":[{"embeddable":true,"href":"https:\/\/www.europesays.com\/fr\/wp-json\/wp\/v2\/comments?post=385090"}],"version-history":[{"count":0,"href":"https:\/\/www.europesays.com\/fr\/wp-json\/wp\/v2\/posts\/385090\/revisions"}],"wp:featuredmedia":[{"embeddable":true,"href":"https:\/\/www.europesays.com\/fr\/wp-json\/wp\/v2\/media\/385091"}],"wp:attachment":[{"href":"https:\/\/www.europesays.com\/fr\/wp-json\/wp\/v2\/media?parent=385090"}],"wp:term":[{"taxonomy":"category","embeddable":true,"href":"https:\/\/www.europesays.com\/fr\/wp-json\/wp\/v2\/categories?post=385090"},{"taxonomy":"post_tag","embeddable":true,"href":"https:\/\/www.europesays.com\/fr\/wp-json\/wp\/v2\/tags?post=385090"}],"curies":[{"name":"wp","href":"https:\/\/api.w.org\/{rel}","templated":true}]}}