{"id":385092,"date":"2025-09-12T10:46:11","date_gmt":"2025-09-12T10:46:11","guid":{"rendered":"https:\/\/www.europesays.com\/fr\/385092\/"},"modified":"2025-09-12T10:46:11","modified_gmt":"2025-09-12T10:46:11","slug":"lille-flashe-en-exces-de-vitesse-sur-la22-il-conteste-lamende-et-obtient-gain-de-cause-dans-le-doute","status":"publish","type":"post","link":"https:\/\/www.europesays.com\/fr\/385092\/","title":{"rendered":"Lille. Flash\u00e9 en exc\u00e8s de vitesse sur l&rsquo;A22, il conteste l&rsquo;amende et obtient gain de cause \u00ab\u00a0dans le doute\u00a0\u00bb"},"content":{"rendered":"<p>            Par<br \/>\n        <strong><br \/>\n            <a href=\"https:\/\/actu.fr\/auteur\/redaction-lille\" title=\"Consulter tous les articles de R\u00e9daction Lille\" target=\"_blank\" rel=\"noopener\">R\u00e9daction Lille<\/a><br \/>\n        <\/strong><\/p>\n<p>        Publi\u00e9 le<\/p>\n<p>            12 sept. 2025 \u00e0 11h46        <\/p>\n<p data-end=\"719\">Mardi 9 septembre 2025, un <b>homme de 29 ans<\/b> \u00e9tait devant le <b>tribunal de police<\/b> de <a href=\"https:\/\/actu.fr\/hauts-de-france\/lille_59350\" target=\"_blank\" rel=\"noopener\">Lille<\/a> (Nord) pour un <a href=\"https:\/\/actu.fr\/tag\/exces-de-vitesse\" target=\"_blank\" rel=\"noopener\">exc\u00e8s de vitesse<\/a> ne d\u00e9passant pas plus de 20 km\/h la limitation. Verbalis\u00e9, il <b>contestait en effet l\u2019amende<\/b> car il affirme<b> ne plus \u00eatre le propri\u00e9taire du v\u00e9hicule<\/b>, suite \u00e0 la vente de celui-ci trois semaines plus t\u00f4t. Au <b>b\u00e9n\u00e9fice du doute<\/b>, voici comment il a obtenu la relaxe.<\/p>\n<p>Il obtient la relaxe \u00e0 Lille apr\u00e8s un exc\u00e8s de vitesse<\/p>\n<p data-end=\"1145\" class=\" wall-content\">Le 27 octobre 2023 \u00e0 9 h 52, une voiture est flash\u00e9e sur l\u2019A22 en exc\u00e8s de vitesse ne d\u00e9passant pas plus de 20 km\/h la limitation. Devant le tribunal de police, l\u2019homme affirme avoir vendu son v\u00e9hicule trois semaines auparavant.<\/p>\n<p data-end=\"1499\" class=\" wall-content\">Acte de cession, carte grise, pi\u00e8ces d\u2019identit\u00e9\u2026 au tribunal de police, le pr\u00e9venu de 29 ans apporte tous les documents n\u00e9cessaires afin de se disculper. Mais un probl\u00e8me persiste : au moment des faits, l\u2019acheteur du v\u00e9hicule n\u2019avait toujours pas re\u00e7u sa carte grise. Le pr\u00e9venu \u00e9tait alors toujours propri\u00e9taire de la voiture sans qu\u2019il ne le sache.<\/p>\n<p data-end=\"1933\" class=\" wall-content\">\u00ab\u00a0Vous vous \u00eates un peu embrouill\u00e9, vos documents ne sont pas tr\u00e8s nets\u00a0\u00bb, affirme peu convaincu l\u2019officier du minist\u00e8re public.<\/p>\n<p data-end=\"1933\" class=\" wall-content\">Malgr\u00e9 des documents qu\u2019il juge \u00ab\u00a0pas tr\u00e8s formels\u00a0\u00bb et \u00ab\u00a0un peu limites\u00a0\u00bb, il conc\u00e8de tout de m\u00eame avoir d\u00e9cel\u00e9 un \u00ab\u00a0faisceau d\u2019indices prouvant la non-culpabilit\u00e9\u00a0\u00bb du pr\u00e9venu. Il requiert alors la relaxe au b\u00e9n\u00e9fice du doute.<\/p>\n<p data-end=\"2146\" class=\" wall-content\">La pr\u00e9sidente du tribunal rappelle cependant le \u00ab\u00a0manque de clart\u00e9 limpide\u00a0\u00bb et la \u00a0\u00bb possible falsification facile\u00a0\u00bb des documents apport\u00e9s par le pr\u00e9venu. Pourtant, au b\u00e9n\u00e9fice du doute, elle relaxe l\u2019homme de 29 ans.<\/p>\n<p data-end=\"2165\" class=\" wall-content\"><b>Par Zo\u00e9 Hondt<\/b><\/p>\n<p class=\" wall-content\">Personnalisez votre actualit\u00e9 en ajoutant vos villes et m\u00e9dias en favori avec <a href=\"https:\/\/moncompte.actu.fr\" title=\"D\u00e9couvez Mon Actu\" rel=\"nofollow noopener\" data-trk=\"{&quot;cta&quot;:{&quot;action&quot;:&quot;https:\\\/\\\/moncompte.actu.fr&quot;,&quot;category&quot;:&quot;mon compte&quot;,&quot;from&quot;:&quot;article footer&quot;,&quot;name&quot;:&quot;Mon actu&quot;,&quot;type&quot;:&quot;cta&quot;}}\" target=\"_blank\">Mon Actu<\/a>.<\/p>\n","protected":false},"excerpt":{"rendered":"Par R\u00e9daction Lille Publi\u00e9 le 12 sept. 2025 \u00e0 11h46 Mardi 9 septembre 2025, un homme de 29&hellip;\n","protected":false},"author":2,"featured_media":385093,"comment_status":"","ping_status":"","sticky":false,"template":"","format":"standard","meta":{"footnotes":""},"categories":[2815],"tags":[1111,11,1777,674,5915,118,1011,27,811,303,1307,12,25],"class_list":{"0":"post-385092","1":"post","2":"type-post","3":"status-publish","4":"format-standard","5":"has-post-thumbnail","7":"category-lille","8":"tag-actu","9":"tag-actualites","10":"tag-eu","11":"tag-europe","12":"tag-exces-de-vitesse","13":"tag-faits-divers","14":"tag-fr","15":"tag-france","16":"tag-hauts-de-france","17":"tag-justice","18":"tag-lille","19":"tag-news","20":"tag-republique-francaise"},"share_on_mastodon":{"url":"https:\/\/pubeurope.com\/@fr\/115190928833808873","error":""},"_links":{"self":[{"href":"https:\/\/www.europesays.com\/fr\/wp-json\/wp\/v2\/posts\/385092","targetHints":{"allow":["GET"]}}],"collection":[{"href":"https:\/\/www.europesays.com\/fr\/wp-json\/wp\/v2\/posts"}],"about":[{"href":"https:\/\/www.europesays.com\/fr\/wp-json\/wp\/v2\/types\/post"}],"author":[{"embeddable":true,"href":"https:\/\/www.europesays.com\/fr\/wp-json\/wp\/v2\/users\/2"}],"replies":[{"embeddable":true,"href":"https:\/\/www.europesays.com\/fr\/wp-json\/wp\/v2\/comments?post=385092"}],"version-history":[{"count":0,"href":"https:\/\/www.europesays.com\/fr\/wp-json\/wp\/v2\/posts\/385092\/revisions"}],"wp:featuredmedia":[{"embeddable":true,"href":"https:\/\/www.europesays.com\/fr\/wp-json\/wp\/v2\/media\/385093"}],"wp:attachment":[{"href":"https:\/\/www.europesays.com\/fr\/wp-json\/wp\/v2\/media?parent=385092"}],"wp:term":[{"taxonomy":"category","embeddable":true,"href":"https:\/\/www.europesays.com\/fr\/wp-json\/wp\/v2\/categories?post=385092"},{"taxonomy":"post_tag","embeddable":true,"href":"https:\/\/www.europesays.com\/fr\/wp-json\/wp\/v2\/tags?post=385092"}],"curies":[{"name":"wp","href":"https:\/\/api.w.org\/{rel}","templated":true}]}}