{"id":385096,"date":"2025-09-12T10:48:12","date_gmt":"2025-09-12T10:48:12","guid":{"rendered":"https:\/\/www.europesays.com\/fr\/385096\/"},"modified":"2025-09-12T10:48:12","modified_gmt":"2025-09-12T10:48:12","slug":"lunion-de-la-droite-a-marseille-aujourdhui-cest-un-fait-affirme-romain-simmarano","status":"publish","type":"post","link":"https:\/\/www.europesays.com\/fr\/385096\/","title":{"rendered":"\u00ab\u00a0L&rsquo;union de la droite \u00e0 Marseille, aujourd&rsquo;hui, c&rsquo;est un fait\u00a0\u00bb, affirme Romain Simmarano"},"content":{"rendered":"<p><strong>Pour ces deuxi\u00e8mes universit\u00e9s d\u2019\u00e9t\u00e9 de la droite marseillaise, vous avez choisi le th\u00e8me \u00ab\u00a0Tous unis sous les m\u00eames couleurs\u00a0\u00bb. C\u2019\u00e9tait d\u00e9j\u00e0 le message affich\u00e9 l\u2019an dernier apr\u00e8s les divisions et la d\u00e9faite de\u00a02020.\u00a0Qu\u2019est-ce qui a chang\u00e9 alors qu\u2019aucun candidat n\u2019est officiellement d\u00e9clar\u00e9 pour <a href=\"https:\/\/www.laprovence.com\/article\/politique\/49408614025393\/municipales-2026-a-avignon-le-lr-julien-aubert-tend-la-main-a-olivier-galzi\" target=\"_blank\" rel=\"noopener\">l\u2019\u00e9lection municipale\u00a0<\/a>?<\/strong>&#13;\n<\/p>\n<p><a href=\"https:\/\/www.laprovence.com\/article\/politique\/26423049729033\/la-droite-marseillaise-prete-a-chasser-en-meute-pour-la-municipale-de-2026\" target=\"_blank\" rel=\"noopener\">L\u2019an dernier, c\u2019\u00e9tait un souhait <\/a>et samedi, ce sera un fait. On a r\u00e9ussi par des efforts patients, avec parfois des turbulences \u00e0 organiser cette union de la droite, du centre, des \u00e9colos raisonnables et des sociaux-d\u00e9mocrates comp\u00e9tents. C\u2019est tr\u00e8s important pour nous de poser ce constat. Sur la forme, on a r\u00e9ussi \u00e0 mettre autour de la table, les personnalit\u00e9s, les militants, les adh\u00e9rents et faire en sorte qu\u2019ils se c\u00f4toient, qu\u2019ils se connaissent. Mais on y est aussi arriv\u00e9 sur le fond. Il y a un sens \u00e0 ce qu\u2019un centre pro-business, pro-emploi et une droite forte sur ses valeurs r\u00e9galiennes travaillent ensemble pour proposer un projet commun. \u2029<\/p>\n<p><strong>Projet qui demeure encore opaque pour la grande majorit\u00e9 des Marseillais faute d\u2019incarnation\u00a0?<\/strong>&#13;\n<\/p>\n<p>Pour l\u2019instant, les Marseillais se fichent dans leur immense majorit\u00e9 de l\u2019\u00e9lection municipale. La priorit\u00e9 pour eux, c\u2019est la rentr\u00e9e, c\u2019est comment le pays va tourner, comment\u00a0va leur famille. Dans le m\u00eame temps, nous avons la responsabilit\u00e9 politique de proposer quelque chose le plus t\u00f4t possible aux Marseillais. Pour une G\u00e9n\u00e9ration pour Marseille, depuis le premier jour, nous avons le souhait de mettre tr\u00e8s rapidement sur la table, une incarnation des valeurs, un projet ficel\u00e9, un programme, une \u00e9quipe. Nous aurons l\u2019occasion de montrer ce samedi que nous sommes pr\u00eats \u00e0 pr\u00e9senter un projet et une candidate, que l\u2019on appelle de nos v\u0153ux, Martine Vassal.<\/p>\n<p><strong>Une enqu\u00eate pr\u00e9liminaire a \u00e9t\u00e9 ouverte pour d\u00e9tournement de fonds et trafic d\u2019influence apr\u00e8s un signalement au parquet visant Martine Vassal. Est-elle toujours, selon vous, la candidate la mieux plac\u00e9e pour conduire cette liste d\u2019union de la droite\u00a0?<\/strong>&#13;\n<\/p>\n<p>Oui, c\u2019est toujours la meilleure candidate pour nous. <a href=\"https:\/\/www.laprovence.com\/article\/region\/34384060656123\/enquete-securite-candidature-a-marseille-martine-vassal-regle-ses-comptes\" target=\"_blank\" rel=\"noopener\">Elle a r\u00e9pondu ces derniers jours <\/a>de fa\u00e7on tr\u00e8s claire \u00e0 l\u2019article du Nouvel Observateur. La vie politique est faite de temp\u00eates, de secousses, de moments difficiles. Et on voit bien que cette campagne commence tr\u00e8s t\u00f4t dans le caniveau de la part de nos adversaires. La seule r\u00e9action possible pour les gens courageux qui ont envie de faire r\u00e9ussir leur ville, c\u2019est de ne surtout pas flancher dans ce genre de moment. \u2029<\/p>\n<p><strong>Sur l\u2019union, il y a quand m\u00eame encore une inconnue qui s\u2019appelle Fr\u00e9d\u00e9ric Collart. Il s\u2019est d\u00e9clar\u00e9 candidat, a lanc\u00e9 son comit\u00e9 de soutien\u2026<\/strong>&#13;\n<\/p>\n<p>Il n\u2019y a de toute fa\u00e7on aucune issue positive \u00e0 des aventures individuelles. Ceux qui veulent s&rsquo;y essayer, qu\u2019ils soient professeurs, qu\u2019ils soient politiques aguerris\u2026 m\u00e8neront comme en 2020, notre famille politique \u00e0 la d\u00e9rive et \u00e0 la d\u00e9faite. Une nouvelle fois, la seule logique qui compte, c\u2019est celle de l\u2019unit\u00e9 pour un projet qui rende la vie des Marseillais, plus facile, plus agr\u00e9able, plus simple. Si Fr\u00e9d\u00e9ric Collart souhaite se joindre \u00e0 cette unit\u00e9, il est toujours le bienvenu. \u2029<\/p>\n<p><strong>Dans le paysage politique instable au plan national, Renaud Muselier appelle \u00e0 s\u2019exon\u00e9rer des partis, est-ce que c\u2019est possible\u00a0?<\/strong>&#13;\n<\/p>\n<p>Il faut justement tirer toutes les le\u00e7ons de ce d\u00e9sordre parisien et \u00e0 Marseille faire exactement l\u2019inverse. Arr\u00eater de se poser 1\u00a0000 questions et proposer aux Marseillais d\u2019am\u00e9liorer leur s\u00e9curit\u00e9. Il y a une loi police municipale qui arrive au Parlement \u00e0 l\u2019automne, elle permettra d\u2019utiliser des drones, elle permettra de donner plus de comp\u00e9tences. Faisons-le\u00a0! Sur le logement \u00e9tudiant, on a des centaines de b\u00e2timents municipaux qui aujourd\u2019hui ne sont m\u00eame pas inventori\u00e9s et sont compl\u00e8tement \u00e0 l\u2019abandon. \u2029Utilisons-les pour cr\u00e9er du logement \u00e9tudiant. Sur le pouvoir d\u2019achat, baissons les imp\u00f4ts locaux\u2026 Redonnons du souffle et de l\u2019air aux Marseillais. Il y a des choses simples, des actes imm\u00e9diats qui peuvent changer la vie. Il faut que nous soyons un p\u00f4le de stabilit\u00e9 dans le d\u00e9sordre national et international.<\/p>\n<p><strong>Votre mouvement Une G\u00e9n\u00e9ration pour Marseille avait pour objectif de renouveler et rajeunir le personnel politique \u00e0 droite. Pour accorder l\u2019investiture \u00e0 cette liste d\u2019union, chaque formation (LR, Nouveau Centre, Horizons, Renaissance\u2026) va pousser pour que ses t\u00e9nors soient dans les 20 premiers de la liste d\u2019union, cela va laisser peu de place aux nouveaux visages\u00a0?<\/strong>&#13;\n<\/p>\n<p>C\u2019est vrai qu\u2019on a construit le collectif pour \u00e7a. Mais la vie politique n\u2019est pas un tapis de roses. On ne trouve sa place que du moment qu\u2019on p\u00e8se, qu\u2019on apporte quelque chose en termes de r\u00e9seau, de talent. Et justement, on va trouver notre place dans ces futurs \u00e9quilibres, non pas parce qu\u2019on est jeunes mais parce qu\u2019on est comp\u00e9tents et qu\u2019on a quelque chose \u00e0 apporter.\u00a0<\/p>\n","protected":false},"excerpt":{"rendered":"Pour ces deuxi\u00e8mes universit\u00e9s d\u2019\u00e9t\u00e9 de la droite marseillaise, vous avez choisi le th\u00e8me \u00ab\u00a0Tous unis sous les&hellip;\n","protected":false},"author":2,"featured_media":385097,"comment_status":"","ping_status":"","sticky":false,"template":"","format":"standard","meta":{"footnotes":""},"categories":[2814],"tags":[17,5734,1111,11,11796,3335,6592,1777,674,1011,27,4537,884,3554,12,316,882,25],"class_list":{"0":"post-385096","1":"post","2":"type-post","3":"status-publish","4":"format-standard","5":"has-post-thumbnail","7":"category-marseille","8":"tag-17","9":"tag-5734","10":"tag-actu","11":"tag-actualites","12":"tag-aujourdhui","13":"tag-centre","14":"tag-droite","15":"tag-eu","16":"tag-europe","17":"tag-fr","18":"tag-france","19":"tag-lunion","20":"tag-marseille","21":"tag-municipales","22":"tag-news","23":"tag-politique","24":"tag-provence-alpes-cote-dazur","25":"tag-republique-francaise"},"share_on_mastodon":{"url":"https:\/\/pubeurope.com\/@fr\/115190936609972716","error":""},"_links":{"self":[{"href":"https:\/\/www.europesays.com\/fr\/wp-json\/wp\/v2\/posts\/385096","targetHints":{"allow":["GET"]}}],"collection":[{"href":"https:\/\/www.europesays.com\/fr\/wp-json\/wp\/v2\/posts"}],"about":[{"href":"https:\/\/www.europesays.com\/fr\/wp-json\/wp\/v2\/types\/post"}],"author":[{"embeddable":true,"href":"https:\/\/www.europesays.com\/fr\/wp-json\/wp\/v2\/users\/2"}],"replies":[{"embeddable":true,"href":"https:\/\/www.europesays.com\/fr\/wp-json\/wp\/v2\/comments?post=385096"}],"version-history":[{"count":0,"href":"https:\/\/www.europesays.com\/fr\/wp-json\/wp\/v2\/posts\/385096\/revisions"}],"wp:featuredmedia":[{"embeddable":true,"href":"https:\/\/www.europesays.com\/fr\/wp-json\/wp\/v2\/media\/385097"}],"wp:attachment":[{"href":"https:\/\/www.europesays.com\/fr\/wp-json\/wp\/v2\/media?parent=385096"}],"wp:term":[{"taxonomy":"category","embeddable":true,"href":"https:\/\/www.europesays.com\/fr\/wp-json\/wp\/v2\/categories?post=385096"},{"taxonomy":"post_tag","embeddable":true,"href":"https:\/\/www.europesays.com\/fr\/wp-json\/wp\/v2\/tags?post=385096"}],"curies":[{"name":"wp","href":"https:\/\/api.w.org\/{rel}","templated":true}]}}