{"id":385098,"date":"2025-09-12T10:49:12","date_gmt":"2025-09-12T10:49:12","guid":{"rendered":"https:\/\/www.europesays.com\/fr\/385098\/"},"modified":"2025-09-12T10:49:12","modified_gmt":"2025-09-12T10:49:12","slug":"sncf-dimportants-retards-et-des-trains-supprimes-a-la-gare-saint-charles-de-marseille-ce-quil-se-passe","status":"publish","type":"post","link":"https:\/\/www.europesays.com\/fr\/385098\/","title":{"rendered":"SNCF. D&rsquo;importants retards et des trains supprim\u00e9s \u00e0 la gare Saint-Charles de Marseille, ce qu&rsquo;il se passe"},"content":{"rendered":"<p>            Par<br \/>\n        <strong><br \/>\n            <a href=\"https:\/\/actu.fr\/auteur\/thibault-nadal-actu-fr\" title=\"Consulter tous les articles de Thibault Nadal\" target=\"_blank\" rel=\"noopener\">Thibault Nadal<\/a><br \/>\n        <\/strong><\/p>\n<p>        Publi\u00e9 le<\/p>\n<p>            12 sept. 2025 \u00e0 12h16        <\/p>\n<p>Pagaille \u00e0 <a href=\"https:\/\/actu.fr\/tag\/gare-saint-charles\" target=\"_blank\" rel=\"noopener\">la gare Saint-Charles<\/a> \u00e0 l\u2019aube d\u2019un des derniers week-ends de l\u2019\u00e9t\u00e9. Depuis ce vendredi matin 12\u00a0septembre 2025, <strong>un incident majeur<\/strong> impacte fortement le trafic \u00e0 l\u2019arriv\u00e9e et au d\u00e9part des trains entre Paris et <a href=\"https:\/\/actu.fr\/marseille\/\" target=\"_blank\" rel=\"noopener\">Marseille<\/a>.<\/p>\n<p class=\" wall-content\">Voici ce qu\u2019il se passe.<\/p>\n<p>Des trains supprim\u00e9s en r\u00e9gion Paca<\/p>\n<p class=\" wall-content\">Sur le site de la gare, plusieurs trains sont affich\u00e9s avec plus d\u2019une heure de retard, notamment ceux en provenance de Paris. La raison\u2009? \u00ab\u2009Une panne de signalisation caus\u00e9e par <strong>un vol de c\u00e2bles<\/strong> a \u00e9t\u00e9 d\u00e9tect\u00e9e entre Sully et Le Creusot-Montchanin (Sa\u00f4ne-et-Loire)\u2009\u00bb, indique la SNCF sur son site.<\/p>\n<p class=\" wall-content\">Contact\u00e9e par nos confr\u00e8res <a href=\"https:\/\/actu.fr\/auvergne-rhone-alpes\/lyon_69123\/sncf-la-ligne-paris-lyon-paralysee-grosse-pagaille-en-cours-a-la-gare-lyon-part-dieu_63153241.html\" target=\"_blank\" rel=\"noopener\">d\u2019actu Lyon<\/a>, la compagne indique qu\u2019il s\u2019agit d\u2019un<strong> acte de malveillance<\/strong> et que \u00ab\u2009le temps perdu \u00e0 cause du <strong>ralentissement des trains ou trajets d\u00e9tourn\u00e9s est estim\u00e9 entre 20\u00a0minutes \u00e0 2h<\/strong>\u2009\u00bb.<\/p>\n<p class=\" wall-content\">C\u2019est notamment le cas en direction des autres villes de la R\u00e9gion Sud o\u00f9 les retards affich\u00e9s d\u20191h30. Des trains en direction de Toulon et de Nice sont \u00e9galement supprim\u00e9s.<\/p>\n<p>Un retour \u00e0 la normale pr\u00e9vu samedi matin<\/p>\n<p class=\" wall-content\">Ces perturbations concernent <strong>l\u2019ensemble des compagnies<\/strong>\u2009: SNCF, Ouigo et Trenitalia<\/p>\n<p class=\" wall-content\">Pour permettre un bon fonctionnement des trains, SNCF R\u00e9seau \u00ab\u2009pr\u00e9voit <strong>une fin de travaux vers 21h ce soir<\/strong> et un retour \u00e0 la normale sur la ligne Sud est demain matin\u2009\u00bb.<\/p>\n<p class=\" wall-content\">Personnalisez votre actualit\u00e9 en ajoutant vos villes et m\u00e9dias en favori avec <a href=\"https:\/\/moncompte.actu.fr\" title=\"D\u00e9couvez Mon Actu\" rel=\"nofollow noopener\" data-trk=\"{&quot;cta&quot;:{&quot;action&quot;:&quot;https:\\\/\\\/moncompte.actu.fr&quot;,&quot;category&quot;:&quot;mon compte&quot;,&quot;from&quot;:&quot;article footer&quot;,&quot;name&quot;:&quot;Mon actu&quot;,&quot;type&quot;:&quot;cta&quot;}}\" target=\"_blank\">Mon Actu<\/a>.<\/p>\n","protected":false},"excerpt":{"rendered":"Par Thibault Nadal Publi\u00e9 le 12 sept. 2025 \u00e0 12h16 Pagaille \u00e0 la gare Saint-Charles \u00e0 l\u2019aube d\u2019un&hellip;\n","protected":false},"author":2,"featured_media":350244,"comment_status":"","ping_status":"","sticky":false,"template":"","format":"standard","meta":{"footnotes":""},"categories":[2814],"tags":[1111,11,1777,674,1011,27,6305,884,12,882,25,2215,104,2214],"class_list":{"0":"post-385098","1":"post","2":"type-post","3":"status-publish","4":"format-standard","5":"has-post-thumbnail","7":"category-marseille","8":"tag-actu","9":"tag-actualites","10":"tag-eu","11":"tag-europe","12":"tag-fr","13":"tag-france","14":"tag-gare-saint-charles","15":"tag-marseille","16":"tag-news","17":"tag-provence-alpes-cote-dazur","18":"tag-republique-francaise","19":"tag-sncf","20":"tag-societe","21":"tag-tgv"},"share_on_mastodon":{"url":"https:\/\/pubeurope.com\/@fr\/115190940565018756","error":""},"_links":{"self":[{"href":"https:\/\/www.europesays.com\/fr\/wp-json\/wp\/v2\/posts\/385098","targetHints":{"allow":["GET"]}}],"collection":[{"href":"https:\/\/www.europesays.com\/fr\/wp-json\/wp\/v2\/posts"}],"about":[{"href":"https:\/\/www.europesays.com\/fr\/wp-json\/wp\/v2\/types\/post"}],"author":[{"embeddable":true,"href":"https:\/\/www.europesays.com\/fr\/wp-json\/wp\/v2\/users\/2"}],"replies":[{"embeddable":true,"href":"https:\/\/www.europesays.com\/fr\/wp-json\/wp\/v2\/comments?post=385098"}],"version-history":[{"count":0,"href":"https:\/\/www.europesays.com\/fr\/wp-json\/wp\/v2\/posts\/385098\/revisions"}],"wp:featuredmedia":[{"embeddable":true,"href":"https:\/\/www.europesays.com\/fr\/wp-json\/wp\/v2\/media\/350244"}],"wp:attachment":[{"href":"https:\/\/www.europesays.com\/fr\/wp-json\/wp\/v2\/media?parent=385098"}],"wp:term":[{"taxonomy":"category","embeddable":true,"href":"https:\/\/www.europesays.com\/fr\/wp-json\/wp\/v2\/categories?post=385098"},{"taxonomy":"post_tag","embeddable":true,"href":"https:\/\/www.europesays.com\/fr\/wp-json\/wp\/v2\/tags?post=385098"}],"curies":[{"name":"wp","href":"https:\/\/api.w.org\/{rel}","templated":true}]}}