{"id":385099,"date":"2025-09-12T10:50:10","date_gmt":"2025-09-12T10:50:10","guid":{"rendered":"https:\/\/www.europesays.com\/fr\/385099\/"},"modified":"2025-09-12T10:50:10","modified_gmt":"2025-09-12T10:50:10","slug":"lyon-filme-en-trottinette-electrique-surpuissante-sous-un-tunnel-du-peripherique","status":"publish","type":"post","link":"https:\/\/www.europesays.com\/fr\/385099\/","title":{"rendered":"Lyon. Film\u00e9 en trottinette \u00e9lectrique surpuissante sous un tunnel du p\u00e9riph\u00e9rique"},"content":{"rendered":"<p>            Par<br \/>\n        <strong><br \/>\n            <a href=\"https:\/\/actu.fr\/auteur\/julien-damboise\" title=\"Consulter tous les articles de Julien Damboise\" target=\"_blank\" rel=\"noopener\">Julien Damboise<\/a><br \/>\n        <\/strong><\/p>\n<p>        Publi\u00e9 le<\/p>\n<p>            12 sept. 2025 \u00e0 12h32        <\/p>\n<p><strong>INFO ACTU LYON<\/strong>. Sc\u00e8ne <a href=\"https:\/\/actu.fr\/insolite\" target=\"_blank\" rel=\"noopener\">insolite<\/a> et <strong>dangereuse<\/strong>, dans la nuit de jeudi \u00e0 vendredi pr\u00e8s de <a href=\"https:\/\/actu.fr\/auvergne-rhone-alpes\/lyon_69123\" target=\"_blank\" rel=\"noopener\">Lyon<\/a>, sur le p\u00e9riph\u00e9rique Laurent Bonnevay \u00e0 <a href=\"https:\/\/actu.fr\/auvergne-rhone-alpes\/villeurbanne_69266\" target=\"_blank\" rel=\"noopener\">Villeurbanne<\/a>. Un homme en trottinette \u00e9lectrique a \u00e9t\u00e9 <strong>film\u00e9 sur les voies rapides<\/strong>. Le conducteur qui a captur\u00e9 la sc\u00e8ne t\u00e9moigne aupr\u00e8s d\u2019actu Lyon.<\/p>\n<p>    <a href=\"https:\/\/www.google.com\/maps\/embed?pb=!1m18!1m12!1m3!1d412.4531204290688!2d4.910724702538793!3d45.76129622840598!2m3!1f211.45354478221407!2f44.87236764585067!3f0!3m2!1i1024!2i768!4f35!3m3!1m2!1s0x47f4c1ab82326f3f%3A0x2dab6557183602c5!2sBel%20Air%20-%20Les%20Brosses!5e1!3m2!1sfr!2sfr!4v1757669861857!5m2!1sfr!2sfr\" title=\"Ouvrie le lien\" target=\"_blank\" rel=\"noopener\">Cliquez ici pour visualiser le contenu<\/a><\/p>\n<p>Bande d\u2019arr\u00eat d\u2019urgence du p\u00e9riph\u2019<\/p>\n<p class=\" wall-content\">Sur les images partag\u00e9es sur les <a href=\"https:\/\/actu.fr\/tag\/reseaux-sociaux\" target=\"_blank\" rel=\"noopener\">r\u00e9seaux sociaux<\/a> par le compte Urgence Pneus 69, on d\u00e9couvre une partie avec quatre voies du p\u00e9riph\u00e9rique Laurent Bonnevay, <strong>plong\u00e9es dans le noir<\/strong> et film\u00e9es par un conducteur.<\/p>\n<p class=\" wall-content\"><strong>Sous le tunnel<\/strong> au niveau de la porte de la Soie, en direction du Nord, un homme en <a href=\"https:\/\/actu.fr\/tag\/trottinette-electrique\" target=\"_blank\" rel=\"noopener\">trottinette \u00e9lectrique<\/a> est visible. Il roule sur la bande d\u2019arr\u00eat d\u2019urgence avec son <strong>engin surpuissant<\/strong> qui brille gr\u00e2ce \u00e0 des lumi\u00e8res sur sa base.<\/p>\n<p class=\" wall-content\">Le conducteur du deux-roues a \u00e9galement un <strong>casque audio<\/strong>, alors qu\u2019il roule \u00e0 bonne allure, tout pr\u00e8s des automobilistes limit\u00e9s \u00e0 70 km\/h sur cette portion.<\/p>\n<p>\u00ab\u00a0Je ne te d\u00e9cris pas la suite\u00a0\u00bb<\/p>\n<p class=\" wall-content\">Une sc\u00e8ne captur\u00e9e \u00ab\u00a0vers 2 h du matin\u00a0\u00bb, d\u2019apr\u00e8s le conducteur qui a film\u00e9 la vid\u00e9o, contact\u00e9 par actu Lyon. L\u2019homme est en train de rentrer chez lui quand \u00ab\u00a0il se permet\u00a0\u00bb de sortir son t\u00e9l\u00e9phone portable pour immortaliser la sc\u00e8ne.<\/p>\n<blockquote class=\"ac-article-quote wall-content\">\n<p>J&rsquo;ai fait de la trottinette, je ne touche plus \u00e0 \u00e7a, d\u00e9j\u00e0 que sur une route ou un trottoir, c&rsquo;est dangereux&#8230; L\u00e0, si tu tombes, je ne te d\u00e9cris pas la suite&#8230; Une fois, j&rsquo;en ai vu une, de l&rsquo;autre c\u00f4t\u00e9. Elles vont partout.<\/p>\n<p>    <strong>Conducteur t\u00e9moin de la sc\u00e8ne<\/strong>\n            <\/p><\/blockquote>\n<p class=\" wall-content\">Une <strong>habitude<\/strong> qui n\u2019a donc pas tant surpris l\u2019homme au volant.<\/p>\n<p>Votre r\u00e9gion, votre actu !<\/p>\n<p>Recevez chaque jour les infos qui comptent pour vous.<\/p>\n<p>\t<a href=\"https:\/\/actu.fr\/newsletter\" class=\"ac-btn ac-btn--corner ac-btn--medium ac-btn--blue800\" target=\"_blank\" rel=\"noopener\">S&rsquo;incrire<\/a><br \/>\nQue dit la loi ?<\/p>\n<p class=\" wall-content\">Les nouveaux engins de d\u00e9placements personnels motoris\u00e9s (EDPM) comme la trottinette \u00e9lectrique, sont r\u00e9gies par le <strong>code de la route<\/strong>.<\/p>\n<p class=\" wall-content\">Il y a des r\u00e8gles, parmi elles, la vitesse maximale autoris\u00e9e pour les trottinettes \u00e9lectriques est de <strong>25 km\/h<\/strong> et l\u2019obligation d\u2019emprunter les voies cyclables quand il y en a, sinon les trottinettes doivent circuler sur les routes limit\u00e9es \u00e0 50 km\/h.<\/p>\n<p class=\" wall-content\">Personnalisez votre actualit\u00e9 en ajoutant vos villes et m\u00e9dias en favori avec <a href=\"https:\/\/moncompte.actu.fr\" title=\"D\u00e9couvez Mon Actu\" rel=\"nofollow noopener\" data-trk=\"{&quot;cta&quot;:{&quot;action&quot;:&quot;https:\\\/\\\/moncompte.actu.fr&quot;,&quot;category&quot;:&quot;mon compte&quot;,&quot;from&quot;:&quot;article footer&quot;,&quot;name&quot;:&quot;Mon actu&quot;,&quot;type&quot;:&quot;cta&quot;}}\" target=\"_blank\">Mon Actu<\/a>.<\/p>\n","protected":false},"excerpt":{"rendered":"Par Julien Damboise Publi\u00e9 le 12 sept. 2025 \u00e0 12h32 INFO ACTU LYON. Sc\u00e8ne insolite et dangereuse, dans&hellip;\n","protected":false},"author":2,"featured_media":385100,"comment_status":"","ping_status":"","sticky":false,"template":"","format":"standard","meta":{"footnotes":""},"categories":[1889],"tags":[1111,11,2430,1777,674,1011,27,1757,2428,12,15434,25,6960],"class_list":{"0":"post-385099","1":"post","2":"type-post","3":"status-publish","4":"format-standard","5":"has-post-thumbnail","7":"category-lyon","8":"tag-actu","9":"tag-actualites","10":"tag-auvergne-rhone-alpes","11":"tag-eu","12":"tag-europe","13":"tag-fr","14":"tag-france","15":"tag-insolite","16":"tag-lyon","17":"tag-news","18":"tag-peripherique-laurent-bonnevay","19":"tag-republique-francaise","20":"tag-trottinette-electrique"},"share_on_mastodon":{"url":"https:\/\/pubeurope.com\/@fr\/115190944505565178","error":""},"_links":{"self":[{"href":"https:\/\/www.europesays.com\/fr\/wp-json\/wp\/v2\/posts\/385099","targetHints":{"allow":["GET"]}}],"collection":[{"href":"https:\/\/www.europesays.com\/fr\/wp-json\/wp\/v2\/posts"}],"about":[{"href":"https:\/\/www.europesays.com\/fr\/wp-json\/wp\/v2\/types\/post"}],"author":[{"embeddable":true,"href":"https:\/\/www.europesays.com\/fr\/wp-json\/wp\/v2\/users\/2"}],"replies":[{"embeddable":true,"href":"https:\/\/www.europesays.com\/fr\/wp-json\/wp\/v2\/comments?post=385099"}],"version-history":[{"count":0,"href":"https:\/\/www.europesays.com\/fr\/wp-json\/wp\/v2\/posts\/385099\/revisions"}],"wp:featuredmedia":[{"embeddable":true,"href":"https:\/\/www.europesays.com\/fr\/wp-json\/wp\/v2\/media\/385100"}],"wp:attachment":[{"href":"https:\/\/www.europesays.com\/fr\/wp-json\/wp\/v2\/media?parent=385099"}],"wp:term":[{"taxonomy":"category","embeddable":true,"href":"https:\/\/www.europesays.com\/fr\/wp-json\/wp\/v2\/categories?post=385099"},{"taxonomy":"post_tag","embeddable":true,"href":"https:\/\/www.europesays.com\/fr\/wp-json\/wp\/v2\/tags?post=385099"}],"curies":[{"name":"wp","href":"https:\/\/api.w.org\/{rel}","templated":true}]}}