{"id":385101,"date":"2025-09-12T10:51:12","date_gmt":"2025-09-12T10:51:12","guid":{"rendered":"https:\/\/www.europesays.com\/fr\/385101\/"},"modified":"2025-09-12T10:51:12","modified_gmt":"2025-09-12T10:51:12","slug":"la-circulation-des-tgv-perturbee-entre-paris-et-lyon","status":"publish","type":"post","link":"https:\/\/www.europesays.com\/fr\/385101\/","title":{"rendered":"la circulation des TGV perturb\u00e9e entre Paris et Lyon"},"content":{"rendered":"<p>                            <img loading=\"lazy\" width=\"770\" height=\"433\" class=\"attachment-article size-article wp-post-image lazyload\" alt=\"Gare SNCF Lyon TGV\" decoding=\"async\" src=\"https:\/\/www.europesays.com\/fr\/wp-content\/uploads\/2025\/05\/Gare-de-la-part1dieu-\u00a9-Tim-Douet_0040-001-770x433.jpg\"  data- data-eio-rwidth=\"770\" data-eio-rheight=\"433\"\/><\/p>\n<p>Gare de la Part-Dieu \u00a9 Tim Douet<\/p>\n<p class=\"content\" style=\"font-size:1.2em;font-weight:700\">La circulation des TGV est fortement perturb\u00e9e ce vendredi entre Paris et Lyon.<\/p>\n<p>Le trafic est tr\u00e8s perturb\u00e9 ce vendredi entre Lyon et Paris comme sur l&rsquo;ensemble de la ligne Sud-Est a indiqu\u00e9 la SNCF. La compagnie ferroviaire indique qu&rsquo;un vol de c\u00e2bles est survenu sur la ligne en Sa\u00f4ne-et-Loire \u00e0 hauteur du Creusot. <\/p>\n<p>Ce vol a entra\u00een\u00e9 une panne de signalisation. \u00c0 11 h 30, la SNCF annon\u00e7ait des retard pouvant atteindre plus de 2 h sur la ligne, notamment entre Lyon et Paris. Certains trains sont par ailleurs d\u00e9tourn\u00e9s et circulent sur la ligne des TER. <\/p>\n<p>Les perturbations devraient durer toute la journ\u00e9e. Un retour \u00e0 la normale est esp\u00e9r\u00e9 samedi matin. <\/p>\n","protected":false},"excerpt":{"rendered":"Gare de la Part-Dieu \u00a9 Tim Douet La circulation des TGV est fortement perturb\u00e9e ce vendredi entre Paris&hellip;\n","protected":false},"author":2,"featured_media":110666,"comment_status":"","ping_status":"","sticky":false,"template":"","format":"standard","meta":{"footnotes":""},"categories":[1889],"tags":[1111,11,2430,1777,674,1011,27,2428,12,25],"class_list":{"0":"post-385101","1":"post","2":"type-post","3":"status-publish","4":"format-standard","5":"has-post-thumbnail","7":"category-lyon","8":"tag-actu","9":"tag-actualites","10":"tag-auvergne-rhone-alpes","11":"tag-eu","12":"tag-europe","13":"tag-fr","14":"tag-france","15":"tag-lyon","16":"tag-news","17":"tag-republique-francaise"},"share_on_mastodon":{"url":"https:\/\/pubeurope.com\/@fr\/115190948452118574","error":""},"_links":{"self":[{"href":"https:\/\/www.europesays.com\/fr\/wp-json\/wp\/v2\/posts\/385101","targetHints":{"allow":["GET"]}}],"collection":[{"href":"https:\/\/www.europesays.com\/fr\/wp-json\/wp\/v2\/posts"}],"about":[{"href":"https:\/\/www.europesays.com\/fr\/wp-json\/wp\/v2\/types\/post"}],"author":[{"embeddable":true,"href":"https:\/\/www.europesays.com\/fr\/wp-json\/wp\/v2\/users\/2"}],"replies":[{"embeddable":true,"href":"https:\/\/www.europesays.com\/fr\/wp-json\/wp\/v2\/comments?post=385101"}],"version-history":[{"count":0,"href":"https:\/\/www.europesays.com\/fr\/wp-json\/wp\/v2\/posts\/385101\/revisions"}],"wp:featuredmedia":[{"embeddable":true,"href":"https:\/\/www.europesays.com\/fr\/wp-json\/wp\/v2\/media\/110666"}],"wp:attachment":[{"href":"https:\/\/www.europesays.com\/fr\/wp-json\/wp\/v2\/media?parent=385101"}],"wp:term":[{"taxonomy":"category","embeddable":true,"href":"https:\/\/www.europesays.com\/fr\/wp-json\/wp\/v2\/categories?post=385101"},{"taxonomy":"post_tag","embeddable":true,"href":"https:\/\/www.europesays.com\/fr\/wp-json\/wp\/v2\/tags?post=385101"}],"curies":[{"name":"wp","href":"https:\/\/api.w.org\/{rel}","templated":true}]}}