{"id":385104,"date":"2025-09-12T10:57:13","date_gmt":"2025-09-12T10:57:13","guid":{"rendered":"https:\/\/www.europesays.com\/fr\/385104\/"},"modified":"2025-09-12T10:57:13","modified_gmt":"2025-09-12T10:57:13","slug":"a-phoenix-les-admirateurs-de-charlie-kirk-se-recueillent-devant-le-siege-de-son-mouvement-de-jeunesse","status":"publish","type":"post","link":"https:\/\/www.europesays.com\/fr\/385104\/","title":{"rendered":"\u00e0 Phoenix, les admirateurs de Charlie Kirk se recueillent devant le si\u00e8ge de son mouvement de jeunesse"},"content":{"rendered":"\n<p class=\"c-chapo \">\n  L&rsquo;influenceur conservateur organisait un \u00e9v\u00e9nement sur le campus de la Utah Valley University, dans l&rsquo;ouest du pays, jeudi, lorsqu&rsquo;il a \u00e9t\u00e9 tu\u00e9 par balle.\n<\/p>\n<p>            lire plus tard<\/p>\n<p id=\"dialog__title\" class=\"dialog__title\">Pour sauvegarder cet article, connectez-vous ou cr\u00e9ez un compte franceinfo<\/p>\n<p class=\"dialog__description\">Sans paiement. Sans abonnement.<\/p>\n<p>        Fermer la fen\u00eatre d\u2019activation des notifications France Info<\/p>\n<p>            cr\u00e9er votre compte<\/p>\n<p>            se connecter<\/p>\n<p>        Fermer la fen\u00eatre de pr\u00e9sentation<\/p>\n<p>    <img loading=\"lazy\" decoding=\"async\" class=\"signature__image lazyload\" width=\"100\" height=\"100\" data- alt=\"\" src=\"https:\/\/www.europesays.com\/fr\/wp-content\/uploads\/2025\/05\/64a7df4c5fe71_placeholder-36b69ec8.png\"\/><\/p>\n<p>    Publi\u00e9 le 12\/09\/2025 12:23<\/p>\n<p>      Mis \u00e0 jour le 12\/09\/2025 12:29<\/p>\n<p>        Temps de lecture : 2min<\/p>\n<p>    <img decoding=\"async\"  alt=\"Des Am\u00e9ricains d\u00e9posent des fleurs et des bougies devant un portrait de l'influenceur am\u00e9ricain Charlie Kirk, tu\u00e9 d'une balle, le 10 septembre 2025. (MELISSA MAJCHRZAK \/ AFP)\" width=\"432\" height=\"243\" src=\"https:\/\/www.europesays.com\/fr\/wp-content\/uploads\/2025\/09\/000-749c38v-68c3f5a69995c625382122.jpg\" fetchpriority=\"high\"\/><\/p>\n<p>      Des Am\u00e9ricains d\u00e9posent des fleurs et des bougies devant un portrait de l&rsquo;influenceur am\u00e9ricain Charlie Kirk, tu\u00e9 d&rsquo;une balle, le 10 septembre 2025. (MELISSA MAJCHRZAK \/ AFP)<\/p>\n<p>C&rsquo;est dans la ville de Phoenix, en Arizona, que Charlie Kirk, l&rsquo;influenceur pro-Trump, avait fait sa vie. C&rsquo;est l\u00e0 aussi qu&rsquo;il y avait install\u00e9 le si\u00e8ge de son mouvement de jeunesse : \u00ab\u00a0Turning Point USA\u00a0\u00bb. <a href=\"https:\/\/www.franceinfo.fr\/monde\/usa\/l-influenceur-conservateur-americrain-charlie-kirk-soutien-de-donald-trump-blesse-par-balle-sur-un-campus-universitaire_7484755.html\" rel=\"nofollow noopener\" target=\"_blank\">Depuis l&rsquo;annonce de sa mort<\/a>, jeudi 11 septembre, les habitants viennent se recueillir devant le b\u00e2timent, qui s&rsquo;est transform\u00e9 en m\u00e9morial.<\/p>\n<p>L&rsquo;immense drapeau am\u00e9ricain a \u00e9t\u00e9 mis en berne. Sur le trottoir, beaucoup de fleurs, des ballons en forme de c\u0153ur et une grande pancarte : \u00ab\u00a0Puisse Charlie \u00eatre re\u00e7u dans les bras mis\u00e9ricordieux de J\u00e9sus\u00a0\u00bb. Jennifer est tr\u00e8s \u00e9mue : \u00ab\u00a0Je suis d\u00e9vast\u00e9e. Absolument d\u00e9vast\u00e9e. Assassiner quelqu&rsquo;un qui croit au christianisme, qui aime sa femme et sa famille, et qui a foi en Dieu. On ne peut pas justifier \u00e7a.\u00a0\u00bb<\/p>\n<p>Pour elle, il est mort \u00e0 cause de l&rsquo;id\u00e9ologie politique : \u00ab\u00a0La gauche, la droite&#8230; Les gens doivent laisser tomber ces histoires. Vous avez vos convictions. J&rsquo;ai les miennes. Est-ce qu&rsquo;on ne peut pas simplement tous s&rsquo;entendre ?! Mais tout \u00e7a c&rsquo;est \u00e0 cause des m\u00e9dias. \u00c0 les entendre, c&rsquo;est toujours Trump le &lsquo;bad guy'\u00a0\u00bb.\u00a0<\/p>\n<blockquote class=\"ftvi_content_quote\">\n<p class=\"ftvi_citation_quote\">\u00ab\u00a0On a besoin de trouver comment rester unis, bordel\u00a0!\u00a0\u00bb<\/p>\n<\/blockquote>\n<p>Beaucoup de ceux qui viennent se recueillir soulignent le r\u00f4le important de Charlie Kirk dans leur vie. Kyrie elle aussi l&rsquo;a d\u00e9couvert sur les r\u00e9seaux sociaux : \u00ab\u00a0Je n&rsquo;ai pas toujours \u00e9t\u00e9 d&rsquo;accord avec lui mais il a \u00e9t\u00e9 une source d&rsquo;inspiration pour moi. Comme s&rsquo;il y avait une \u00e9tincelle d&rsquo;espoir et de lumi\u00e8re dans ses yeux. Il \u00e9tait passionn\u00e9 par ce en quoi il croyait. Il n&rsquo;avait pas peur d&rsquo;exprimer ses convictions.\u00a0\u00bb<\/p>\n<p>\u00ab\u00a0Charlie Kirk, c&rsquo;est quelqu&rsquo;un qui m&rsquo;a incit\u00e9e \u00e0 dire ce que je pensais, \u00e0 parler de ma foi et de mes opinions politiques &#8211; sans avoir peur de ce que les autres en diraient, poursuit Kyrie. Je pense que sa mort a relanc\u00e9 le mouvement qu&rsquo;il avait commenc\u00e9 ici et que sa voix est plus forte que jamais.\u00a0\u00bb<\/p>\n<p>Les passants forment un grand cercle et se tiennent par la main en fermant les yeux pour une pri\u00e8re improvis\u00e9e.<\/p>\n<p>    <img decoding=\"async\" class=\"cms-media-image lazyload\" alt=\"Rassemblement en hommage \u00e0 Charlie Kirk, jeudi 11 septembre, \u00e0 Phoenix, en Arizona. (ERIC THAYER \/ GETTY IMAGES NORTH AMERICA VIA AFP)\" width=\"720\" height=\"405.11203319502\" data- src=\"https:\/\/www.europesays.com\/fr\/wp-content\/uploads\/2025\/09\/063-2234255142-68c3b82d66c18707837408.jpg\"\/><\/p>\n<p>      Rassemblement en hommage \u00e0 Charlie Kirk, jeudi 11 septembre, \u00e0 Phoenix, en Arizona. (ERIC THAYER \/ GETTY IMAGES NORTH AMERICA VIA AFP)<\/p>\n<p>Il y a m\u00eame un pr\u00eatre orthodoxe avec sa longue robe noire et sa croix sur la poitrine : \u00ab\u00a0Je ne sais pas ce qu&rsquo;il peut y avoir dans la t\u00eate d&rsquo;un individu qui \u00f4te la vie. Mais pour moi, c&rsquo;est l&rsquo;incarnation d&rsquo;un monde froid et bris\u00e9. Il y a quelque chose de profond\u00e9ment inqui\u00e9tant dans notre soci\u00e9t\u00e9 \u00e0 voir ces drames se produire de plus en plus souvent.\u00a0\u00bb <\/p>\n<p>Les habitants de Phoenix ont entendu l&rsquo;appel de Donald Trump : ils assurent vouloir r\u00e9pondre de mani\u00e8re non-violente \u00e0 cet assassinat.<\/p>\n","protected":false},"excerpt":{"rendered":"L&rsquo;influenceur conservateur organisait un \u00e9v\u00e9nement sur le campus de la Utah Valley University, dans l&rsquo;ouest du pays, jeudi,&hellip;\n","protected":false},"author":2,"featured_media":385105,"comment_status":"","ping_status":"","sticky":false,"template":"","format":"standard","meta":{"footnotes":""},"categories":[1888],"tags":[1111,1928,11,1927,1777,674,1011,27,12,1926,626,1925,25],"class_list":{"0":"post-385104","1":"post","2":"type-post","3":"status-publish","4":"format-standard","5":"has-post-thumbnail","7":"category-paris","8":"tag-actu","9":"tag-actu-paris","10":"tag-actualites","11":"tag-actualites-paris","12":"tag-eu","13":"tag-europe","14":"tag-fr","15":"tag-france","16":"tag-news","17":"tag-news-paris","18":"tag-paris","19":"tag-paris-news","20":"tag-republique-francaise"},"share_on_mastodon":{"url":"https:\/\/pubeurope.com\/@fr\/115190972107923460","error":""},"_links":{"self":[{"href":"https:\/\/www.europesays.com\/fr\/wp-json\/wp\/v2\/posts\/385104","targetHints":{"allow":["GET"]}}],"collection":[{"href":"https:\/\/www.europesays.com\/fr\/wp-json\/wp\/v2\/posts"}],"about":[{"href":"https:\/\/www.europesays.com\/fr\/wp-json\/wp\/v2\/types\/post"}],"author":[{"embeddable":true,"href":"https:\/\/www.europesays.com\/fr\/wp-json\/wp\/v2\/users\/2"}],"replies":[{"embeddable":true,"href":"https:\/\/www.europesays.com\/fr\/wp-json\/wp\/v2\/comments?post=385104"}],"version-history":[{"count":0,"href":"https:\/\/www.europesays.com\/fr\/wp-json\/wp\/v2\/posts\/385104\/revisions"}],"wp:featuredmedia":[{"embeddable":true,"href":"https:\/\/www.europesays.com\/fr\/wp-json\/wp\/v2\/media\/385105"}],"wp:attachment":[{"href":"https:\/\/www.europesays.com\/fr\/wp-json\/wp\/v2\/media?parent=385104"}],"wp:term":[{"taxonomy":"category","embeddable":true,"href":"https:\/\/www.europesays.com\/fr\/wp-json\/wp\/v2\/categories?post=385104"},{"taxonomy":"post_tag","embeddable":true,"href":"https:\/\/www.europesays.com\/fr\/wp-json\/wp\/v2\/tags?post=385104"}],"curies":[{"name":"wp","href":"https:\/\/api.w.org\/{rel}","templated":true}]}}