{"id":385108,"date":"2025-09-12T11:00:14","date_gmt":"2025-09-12T11:00:14","guid":{"rendered":"https:\/\/www.europesays.com\/fr\/385108\/"},"modified":"2025-09-12T11:00:14","modified_gmt":"2025-09-12T11:00:14","slug":"baziszt-ouvre-sa-premiere-boutique-a-paris-et-collabore-avec-sezane","status":"publish","type":"post","link":"https:\/\/www.europesays.com\/fr\/385108\/","title":{"rendered":"Baziszt ouvre sa premi\u00e8re boutique \u00e0 Paris et collabore avec S\u00e9zane"},"content":{"rendered":"<p>\n                                    <b>Publi\u00e9 le<\/b><br \/>\n                                    <\/p>\n<p>                                        12 septembre 2025<\/p>\n<p class=\"article-content col-md-8 offset-md-1\">\n                                C&rsquo;est un joli coup de projecteur pour le label parisien haut de gamme Baziszt: ce 14 septembre, il signe une collaboration avec la marque de pr\u00eat-\u00e0-porter f\u00e9minin <a class=\"fnwAddLinks\" href=\"https:\/\/ma.fashionnetwork.com\/tags-sezane\" title=\"S\u00e9zane\" rel=\"nofollow noopener\" target=\"_blank\">S\u00e9zane<\/a>. \u00a0Une association inattendue entre l\u2019une des marques fran\u00e7aises phares et un nouvel acteur venu du masculin.<\/p>\n<p><img decoding=\"async\" class=\"news-image\" style=\"width:100%;max-width:690px;\" src=\"https:\/\/www.europesays.com\/fr\/wp-content\/uploads\/2025\/09\/3db7.jpg\" alt=\"Pi\u00e8ce de la collaboration S\u00e9zane et Baziszt\" loading=\"lazy\"\/>Pi\u00e8ce de la collaboration S\u00e9zane et Baziszt &#8211; S\u00e9zane<\/p>\n<p class=\"col-md-8 offset-md-1 article-content--texte\">Quand il initie sa ligne de chemises il y a trois ans, Zied Ben Amor entend habiller les hommes\u00a0: mati\u00e8res fluides et confortables, coupes ajust\u00e9es sans \u00eatre pr\u00e8s du corps et surtout de belles broderies exclusives r\u00e9alis\u00e9es \u00e0 la main\u00a0: son produit, d\u00e9lib\u00e9r\u00e9ment haut de gamme, se r\u00e9v\u00e8le original\u2026 et tombe juste.<br \/>\u00a0<br \/>Rep\u00e9r\u00e9e par <a class=\"fnwAddLinks\" href=\"https:\/\/ma.fashionnetwork.com\/tags-l-eclaireur\" title=\"L\u2019Eclaireur\" rel=\"nofollow noopener\" target=\"_blank\">L\u2019Eclaireur<\/a> \u00e0 Paris, l\u2019offre s\u00e9duit progressivement les points de vente haut de gamme en France (Lothaire \u00e0 Bordeaux, Solis \u00e0 Lyon, ActuelB \u00e0 Avignon) comme \u00e0 l\u2019international (<a class=\"fnwAddLinks\" href=\"https:\/\/ma.fashionnetwork.com\/tags-antonia\" title=\"Antonia\" rel=\"nofollow noopener\" target=\"_blank\">Antonia<\/a> \u00e0 Milan, Fashion Clinic \u00e0 Lisbonne et, depuis cette saison, chez <a class=\"fnwAddLinks\" href=\"https:\/\/ma.fashionnetwork.com\/tags-the-webster\" title=\"The Webster\" rel=\"nofollow noopener\" target=\"_blank\">The Webster<\/a> aux Etats-Unis).<\/p>\n<p class=\"col-md-8 offset-md-1 article-content--texte\">La marque, dont les prix des chemises d\u00e9butent \u00e0 400 euros avec des pi\u00e8ces confectionn\u00e9es entre l\u2019Inde, le P\u00e9rou et la Turquie, d\u00e9veloppe aussi une pr\u00e9sence dans les lieux d\u2019escapades estivales ou festives des stars et des grandes fortunes. A Comporta, <a class=\"fnwAddLinks\" href=\"https:\/\/ma.fashionnetwork.com\/tags-mykonos\" title=\"Mykonos\" rel=\"nofollow noopener\" target=\"_blank\">Mykonos<\/a>, Ibiza, Saint-Barth ou Bodrum, son design s\u00e9duit hommes d\u2019affaires \u00ab\u00a0en d\u00e9compression\u00a0\u00bb et de nombreux artistes et c\u00e9l\u00e9brit\u00e9s qui s\u2019affichent avec ses chemises. Ce qui donne une visibilit\u00e9 au label, comme lorsque le chanteur Joe Jonas porte l\u2019un de ses mod\u00e8les sur sc\u00e8ne en 2024. La marque est aussi pr\u00e9sente dans les boutiques des h\u00f4tels haut de gamme comme l\u2019Eden Rock (\u00e0 Saint-Barth\u00e9lemy) mais aussi dans les palaces du groupe des Airelles.<br \/>\u00a0<br \/>\u00ab\u00a0Dans ces lieux, les d\u00e9cideurs prennent le temps de d\u00e9couvrir des marques et de se faire plaisir. C\u2019est l\u00e0 que Morgane S\u00e9zalory (fondatrice de S\u00e9zane) a achet\u00e9 des chemises, preuve que cela ouvre aussi des opportunit\u00e9s, explique Jean-Marc Fellous, professionnel des relations de presse et associ\u00e9 de Zied Ben Amor dans Baziszt. Apr\u00e8s cela, elle a souhait\u00e9 nous rencontrer. Et le courant est tr\u00e8s bien pass\u00e9\u2026 elle nous a propos\u00e9 ce projet de collaboration\u00a0\u00bb.<\/p>\n<p><img decoding=\"async\" class=\"news-image\" style=\"width:100%;max-width:690px;\" src=\"https:\/\/www.europesays.com\/fr\/wp-content\/uploads\/2025\/09\/d342.jpg\" alt=\"Produit lifestyle de la collaboration\" loading=\"lazy\"\/>Produit lifestyle de la collaboration &#8211; S\u00e9zane<\/p>\n<p class=\"col-md-8 offset-md-1 article-content--texte\">La capsule, qui sera commercialis\u00e9e dans le r\u00e9seau de S\u00e9zane et sur sa plateforme digitale; proposera un vestiaire pour femme mais aussi des v\u00eatements pour enfant ainsi que des produits lifestyle. Au finale c&rsquo;est une proposition d&rsquo;une cinquantaine de r\u00e9f\u00e9rences qui a \u00e9t\u00e9 construite. Celle-ci int\u00e8gre des chemises amples avec de grandes fleurs brod\u00e9es mais aussi de la maille et des accessoires et reprend les broderies artisanales de Baziszt que S\u00e9zane applique sur ses propres silhouettes.<br \/>\u00a0<br \/>Pour Baziszt, ce n\u2019est pas une premi\u00e8re incursion dans le f\u00e9minin. Au fur et \u00e0 mesure des saisons, la marque a construit un vestiaire au-del\u00e0 de la chemise avec une approche transg\u00e9n\u00e9rationnelle et \u00ab\u00a0gender neutral\u00a0\u00bb sur la plupart des vestes en daim ou baby alpaga (600 \u00e0 900 euros), ainsi que des sacs en toile ou daim brod\u00e9s (300 \u00e0 600 euros). Mais avec une part importante d\u2019acheteuses, le label a d\u00e9velopp\u00e9 des tailles S et XS\u00a0: avec succ\u00e8s, les consommatrices apportent aujourd\u2019hui la moiti\u00e9 du chiffre d\u2019affaires de pr\u00e8s de 2 millions d\u2019euros annonc\u00e9 pour l\u2019ann\u00e9e 2025.<br \/>\u00a0<br \/>La marque, qui revendique de belles performances dans le grand magasin parisien de la rive gauche <a class=\"fnwAddLinks\" href=\"https:\/\/ma.fashionnetwork.com\/tags-le-bon-marche\" title=\"Le Bon March\u00e9\" rel=\"nofollow noopener\" target=\"_blank\">Le Bon March\u00e9<\/a>, veut mettre \u00e0 profit cette d\u00e9sirabilit\u00e9 pour franchir des paliers. Ainsi, elle va ouvrir sa premi\u00e8re boutique dans la capitale fran\u00e7aise d\u00e9but octobre. Baziszt va s&rsquo;installer sur 75 m\u00e8tres carr\u00e9s au 16, rue Saint-Roch pour un bail d&rsquo;un an, \u00e0 proximit\u00e9 de la tr\u00e8s fr\u00e9quent\u00e9e rue Saint-Honor\u00e9 et en face de la boutique de Maison Sarah Lavoine.<\/p>\n<p>Un lieu de destination dans l&rsquo;esprit des fondateurs de Baziszt, qui n\u2019entendent pas cr\u00e9er un r\u00e9seau de magasins mais comptent ainsi pr\u00e9senter l\u2019ensemble de l\u2019univers du label dans un espace unique, apr\u00e8s avoir concentr\u00e9 leurs efforts sur le d\u00e9veloppement de l\u2019e\u2011commerce et d&rsquo;une distribution dans une centaine de points de vente s\u00e9lectifs. L\u2019initiative devrait renforcer sa visibilit\u00e9 et consolider son image premium, au moment o\u00f9 la marque entend \u00e9largir son audience.<br \/>\u00a0\n                            <\/p>\n<p>\n                                Tous droits de reproduction et de repr\u00e9sentation r\u00e9serv\u00e9s.<br \/>\u00a9 2025 FashionNetwork.com\n                            <\/p>\n","protected":false},"excerpt":{"rendered":"Publi\u00e9 le 12 septembre 2025 C&rsquo;est un joli coup de projecteur pour le label parisien haut de gamme&hellip;\n","protected":false},"author":2,"featured_media":385109,"comment_status":"","ping_status":"","sticky":false,"template":"","format":"standard","meta":{"footnotes":""},"categories":[1888],"tags":[11,51788,6607,2424,537,2423,1777,674,1011,27,51785,8827,2425,985,51786,12,2298,626,2426,2427,25,2421,30548,8116,2422,51787],"class_list":{"0":"post-385108","1":"post","2":"type-post","3":"status-publish","4":"format-standard","5":"has-post-thumbnail","7":"category-paris","8":"tag-actualites","9":"tag-antonia","10":"tag-bali","11":"tag-beaute","12":"tag-contact","13":"tag-cosmetiques","14":"tag-eu","15":"tag-europe","16":"tag-fr","17":"tag-france","18":"tag-leclaireur","19":"tag-le-bon-marche","20":"tag-luxe","21":"tag-mode","22":"tag-mykonos","23":"tag-news","24":"tag-parfum","25":"tag-paris","26":"tag-professionnel","27":"tag-professionnels","28":"tag-republique-francaise","29":"tag-reseau","30":"tag-saint-honore","31":"tag-sezane","32":"tag-textile","33":"tag-the-webster"},"share_on_mastodon":{"url":"https:\/\/pubeurope.com\/@fr\/115190984050060951","error":""},"_links":{"self":[{"href":"https:\/\/www.europesays.com\/fr\/wp-json\/wp\/v2\/posts\/385108","targetHints":{"allow":["GET"]}}],"collection":[{"href":"https:\/\/www.europesays.com\/fr\/wp-json\/wp\/v2\/posts"}],"about":[{"href":"https:\/\/www.europesays.com\/fr\/wp-json\/wp\/v2\/types\/post"}],"author":[{"embeddable":true,"href":"https:\/\/www.europesays.com\/fr\/wp-json\/wp\/v2\/users\/2"}],"replies":[{"embeddable":true,"href":"https:\/\/www.europesays.com\/fr\/wp-json\/wp\/v2\/comments?post=385108"}],"version-history":[{"count":0,"href":"https:\/\/www.europesays.com\/fr\/wp-json\/wp\/v2\/posts\/385108\/revisions"}],"wp:featuredmedia":[{"embeddable":true,"href":"https:\/\/www.europesays.com\/fr\/wp-json\/wp\/v2\/media\/385109"}],"wp:attachment":[{"href":"https:\/\/www.europesays.com\/fr\/wp-json\/wp\/v2\/media?parent=385108"}],"wp:term":[{"taxonomy":"category","embeddable":true,"href":"https:\/\/www.europesays.com\/fr\/wp-json\/wp\/v2\/categories?post=385108"},{"taxonomy":"post_tag","embeddable":true,"href":"https:\/\/www.europesays.com\/fr\/wp-json\/wp\/v2\/tags?post=385108"}],"curies":[{"name":"wp","href":"https:\/\/api.w.org\/{rel}","templated":true}]}}