{"id":385110,"date":"2025-09-12T11:01:17","date_gmt":"2025-09-12T11:01:17","guid":{"rendered":"https:\/\/www.europesays.com\/fr\/385110\/"},"modified":"2025-09-12T11:01:17","modified_gmt":"2025-09-12T11:01:17","slug":"course-de-natation-dans-la-seine-piste-dathletisme-rue-de-rivoli-quel-programme-a-paris","status":"publish","type":"post","link":"https:\/\/www.europesays.com\/fr\/385110\/","title":{"rendered":"course de natation dans la Seine, piste d&rsquo;athl\u00e9tisme rue de Rivoli&#8230; quel programme \u00e0 Paris ?"},"content":{"rendered":"<p class=\"article__intro\">Ce dimanche 14 septembre se tient la F\u00eate du Sport \u00e0 Paris comme dans toute la France. Dans la capitale, de nombreuses activit\u00e9s et initiations \u00e0 des disciplines olympiques et paralympiques seront organis\u00e9es. Tour d&rsquo;horizon.<\/p>\n<p>\n      L\u2019actu des r\u00e9gions\n    <\/p>\n<p>\n      Chaque jour, un tour d\u2019horizon des principales infos de toutes les r\u00e9gions.\n    <\/p>\n<p>    France T\u00e9l\u00e9visions utilise votre adresse e-mail afin de vous envoyer la newsletter \u00ab\u00a0L\u2019actu des r\u00e9gions\u00a0\u00bb. Vous pouvez vous d\u00e9sinscrire \u00e0 tout moment via le lien en bas de cette newsletter. <a target=\"_blank\" href=\"https:\/\/www.francetelevisions.fr\/groupe\/confidentialite\/politique-de-confidentialite\/politique-de-confidentialite-de-france-televisions-6503\" rel=\"nofollow noopener\">Notre politique de confidentialit\u00e9<\/a><\/p>\n<p>Cela fait un peu plus d&rsquo;un an que la ferveur des jeux Olympiques et Paralympiques a d\u00e9ferl\u00e9 sur la capitale. Ce dimanche, le minist\u00e8re des Sports, de la Jeunesse et de la Vie associative organise la F\u00eate du Sport.<\/p>\n<p>\u00c0 Paris, la rue Rivoli sera transform\u00e9e en \u00ab\u00a0boulevard du Sport\u00a0\u00bb \u00e0 partir de midi et jusqu&rsquo;\u00e0 18 heures. 46 f\u00e9d\u00e9rations sportives y proposeront des initiations aux disciplines olympiques et paralympiques. Des champions d&rsquo;hier et d&rsquo;aujourd&rsquo;hui comme l&rsquo;athl\u00e8te Marie-Jos\u00e9 P\u00e9rec, le champion olympique de natation Alain Bernard ou encore le joueur du PSG D\u00e9sir\u00e9 Dou\u00e9 ou la cycliste paralympique Marie Patouillet seront pr\u00e9sents.\u00a0<\/p>\n<\/p>\n<p>Parmi les temps forts de la journ\u00e9e, il y aura un match de c\u00e9cifoot des champions paralympiques de l&rsquo;Equipe de France \u00e0 13h20 devant l&rsquo;H\u00f4tel de Ville de Paris. Le boulevard des Sports sera \u00e9quip\u00e9 d&rsquo;une piste d&rsquo;athl\u00e9tisme pour un 100 m\u00e8tres qui opposera \u00e0 16 heures des championnes olympiques de diff\u00e9rentes disciplines.<\/p>\n<p>Parmi elles, on retrouvera l&rsquo;escrimeuse Manon Brunet, la judokate Sarah-L\u00e9onie Cysique ou encore l&rsquo;ancienne nageuse Laure Manaudou. La championne olympique de natation participera \u00e9galement \u00e0 une autre course \u00e0 19h15 : un 100 m\u00e8tres nage libre dans la Seine. Une course r\u00e9serv\u00e9e cette fois-ci aux grands noms de la natation fran\u00e7aise parmi lesquels se trouveront son fr\u00e8re Florent Manaudou mais aussi le champion du monde Maxime Grousset ou encore l&rsquo;ancienne m\u00e9daill\u00e9e olympique Malia Metella. La course se tiendra dans le bassin de Grenelle.<\/p>\n<p><a data-article-figure=\"\" href=\"https:\/\/france3-regions.franceinfo.fr\/image\/TGq5bIL5Ja4E002-_Sqtf-d3IFk\/3500x1968\/regions\/2025\/09\/12\/kv-open-edf-sur-seine-credit-c-florian-hulleu-68c3e851bdd9b804547194.jpg\" data-pswp-width=\"3500\" data-pswp-height=\"1968\" target=\"_blank\" rel=\"nofollow noopener\"><\/p>\n<p>          <img width=\"600\" height=\"400\" class=\"article-image lazy\" data-src=\"https:\/\/www.europesays.com\/fr\/wp-content\/uploads\/2025\/09\/kv-open-edf-sur-seine-credit-c-florian-hulleu-68c3e851bdd9b804547194.jpg\" alt=\"Une course de natation aura lieu dans la Seine.\" fetchpriority=\"high\" as=\"image\"\/><\/p>\n<p>\n            Une course de natation aura lieu dans la Seine.<br \/>\n                           \u2022<br \/>\n                                      \u00a9 Florian Hulleu\n                      <\/p>\n<p><\/a><\/p>\n<p>Autre attraction de cette journ\u00e9e, un poney-club sera install\u00e9 le temps d&rsquo;une journ\u00e9e aux Jardin des Tuileries.<\/p>\n<p>Tous les \u00e9v\u00e9nements de cette F\u00eate du Sport \u00e0 Paris sont gratuits. Si cette F\u00eate du Sport est c\u00e9l\u00e9br\u00e9e \u00e0 Paris et en France avec 5 000 \u00e9v\u00e8nements en tout, le D\u00e9partement de la <a href=\"https:\/\/france3-regions.franceinfo.fr\/paris-ile-de-france\/seine-saint-denis\/fete-du-sport-2025-non-a-l-hypocrisie-pourquoi-des-elus-de-la-seine-saint-denis-departement-qui-a-accueilli-les-jo-appellent-ils-au-boycott-3215375.html\" target=\"_blank\" rel=\"noopener nofollow\">Seine-Saint-Denis<\/a> a lanc\u00e9 un appel au boycott de l&rsquo;\u00e9v\u00e9nement. Une fa\u00e7on de protester contre les coupes dans le budget du sport par les gouvernements successifs.\u00a0 \u00a0<\/p>\n<p>\u00a0\u00a0<\/p>\n","protected":false},"excerpt":{"rendered":"Ce dimanche 14 septembre se tient la F\u00eate du Sport \u00e0 Paris comme dans toute la France. Dans&hellip;\n","protected":false},"author":2,"featured_media":385111,"comment_status":"","ping_status":"","sticky":false,"template":"","format":"standard","meta":{"footnotes":""},"categories":[1888],"tags":[11,1777,674,1011,27,12,626,25],"class_list":{"0":"post-385110","1":"post","2":"type-post","3":"status-publish","4":"format-standard","5":"has-post-thumbnail","7":"category-paris","8":"tag-actualites","9":"tag-eu","10":"tag-europe","11":"tag-fr","12":"tag-france","13":"tag-news","14":"tag-paris","15":"tag-republique-francaise"},"share_on_mastodon":{"url":"https:\/\/pubeurope.com\/@fr\/115190988068787586","error":""},"_links":{"self":[{"href":"https:\/\/www.europesays.com\/fr\/wp-json\/wp\/v2\/posts\/385110","targetHints":{"allow":["GET"]}}],"collection":[{"href":"https:\/\/www.europesays.com\/fr\/wp-json\/wp\/v2\/posts"}],"about":[{"href":"https:\/\/www.europesays.com\/fr\/wp-json\/wp\/v2\/types\/post"}],"author":[{"embeddable":true,"href":"https:\/\/www.europesays.com\/fr\/wp-json\/wp\/v2\/users\/2"}],"replies":[{"embeddable":true,"href":"https:\/\/www.europesays.com\/fr\/wp-json\/wp\/v2\/comments?post=385110"}],"version-history":[{"count":0,"href":"https:\/\/www.europesays.com\/fr\/wp-json\/wp\/v2\/posts\/385110\/revisions"}],"wp:featuredmedia":[{"embeddable":true,"href":"https:\/\/www.europesays.com\/fr\/wp-json\/wp\/v2\/media\/385111"}],"wp:attachment":[{"href":"https:\/\/www.europesays.com\/fr\/wp-json\/wp\/v2\/media?parent=385110"}],"wp:term":[{"taxonomy":"category","embeddable":true,"href":"https:\/\/www.europesays.com\/fr\/wp-json\/wp\/v2\/categories?post=385110"},{"taxonomy":"post_tag","embeddable":true,"href":"https:\/\/www.europesays.com\/fr\/wp-json\/wp\/v2\/tags?post=385110"}],"curies":[{"name":"wp","href":"https:\/\/api.w.org\/{rel}","templated":true}]}}