{"id":385114,"date":"2025-09-12T11:03:09","date_gmt":"2025-09-12T11:03:09","guid":{"rendered":"https:\/\/www.europesays.com\/fr\/385114\/"},"modified":"2025-09-12T11:03:09","modified_gmt":"2025-09-12T11:03:09","slug":"a-lannion-projection-dun-documentaire-sur-lacheminement-de-laide-humanitaire-vers-lukraine-lundi-aux-baladins","status":"publish","type":"post","link":"https:\/\/www.europesays.com\/fr\/385114\/","title":{"rendered":"\u00c0 Lannion, projection d\u2019un documentaire sur l\u2019acheminement de l\u2019aide humanitaire vers l\u2019Ukraine lundi aux Baladins"},"content":{"rendered":"<p>Robin Dussenne, journaliste de t\u00e9l\u00e9vision et r\u00e9alisateur sp\u00e9cialis\u00e9 dans l\u2019international, vient pr\u00e9senter lundi 15 septembre, \u00e0 Lannion, son film consacr\u00e9 \u00e0 l\u2019acheminement de l\u2019aide humanitaire vers l\u2019Ukraine par les b\u00e9n\u00e9voles de l\u2019association Les convois d\u2019Irina, en Normandie. Le documentaire, intitul\u00e9 <a href=\"https:\/\/lannion.les-baladins.com\/FR\/fiche-film-cinema\/MOH5WH\/les-passagers-de-la-guerre.html\" target=\"_blank\" rel=\"nofollow noopener\">\u00ab\u00a0Les Passagers de la guerre\u00a0\u00bb<\/a>, sera projet\u00e9 \u00e0 20\u00a0h\u00a030, au cin\u00e9ma Les Baladins.<\/p>\n<p>Un \u00ab\u00a0road trip\u00a0\u00bb loin du front de la guerre<\/p>\n<p>\u00ab\u00a0Il s\u2019agit d\u2019un \u00ab\u00a0road trip\u00a0\u00bb sensible et engag\u00e9 qui nous conduit jusque dans l\u2019ouest de l\u2019Ukraine. Il met en avant le travail de fourmis de citoyens ordinaires, entre la collecte de l\u2019aide et son arriv\u00e9e apr\u00e8s 1\u00a0700 km \u00e0 travers l\u2019Europe centrale\u00a0\u00bb, indique un repr\u00e9sentant de l\u2019<a href=\"https:\/\/www.letelegramme.fr\/cotes-d-armor\/lannion-22300\/pour-la-fete-nationale-ukrainienne-des-lannionnais-mobilises-6875493.php\" target=\"_blank\" rel=\"nofollow noopener\">association Tr\u00e9gor solidarit\u00e9 Ukraine<\/a>. Loin du front de la guerre, ce documentaire de 52 minutes recueille aussi le t\u00e9moignage de r\u00e9fugi\u00e9s ukrainiens install\u00e9s dans la r\u00e9gion de Rouen qui reviennent sur l\u2019exode et leur int\u00e9gration.<\/p>\n<p>Apr\u00e8s le film pr\u00e9sent\u00e9 par son auteur, l\u2019association Tr\u00e9gor solidarit\u00e9 Ukraine animera un d\u00e9bat, \u00ab\u00a0dans le contexte d\u2019une guerre qui s\u2019\u00e9ternise, sur les r\u00e9ponses citoyennes n\u00e9cessaires mais insuffisantes pour mettre fin \u00e0 l\u2019invasion\u00a0\u00bb.<\/p>\n<p>Pratique<\/p>\n<p class=\"note\">Projection-d\u00e9bat du film \u00ab\u00a0Les Passagers de la guerre\u00a0\u00bb lundi 15 septembre, \u00e0 20\u00a0h\u00a030, au cin\u00e9ma Les Baladins de Lannion. Tarifs\u00a0: r\u00e9duit, 7,40 \u20ac\u00a0; plein, 8,90 \u20ac.<\/p>\n","protected":false},"excerpt":{"rendered":"Robin Dussenne, journaliste de t\u00e9l\u00e9vision et r\u00e9alisateur sp\u00e9cialis\u00e9 dans l\u2019international, vient pr\u00e9senter lundi 15 septembre, \u00e0 Lannion, son&hellip;\n","protected":false},"author":2,"featured_media":385115,"comment_status":"","ping_status":"","sticky":false,"template":"","format":"standard","meta":{"footnotes":""},"categories":[1590],"tags":[11,650,251,1777,674,131,5862,12,11880,220],"class_list":{"0":"post-385114","1":"post","2":"type-post","3":"status-publish","4":"format-standard","5":"has-post-thumbnail","7":"category-ukraine","8":"tag-actualites","9":"tag-cinema","10":"tag-culture","11":"tag-eu","12":"tag-europe","13":"tag-guerre-en-ukraine","14":"tag-lannion","15":"tag-news","16":"tag-solidarite-ukraine","17":"tag-ukraine"},"share_on_mastodon":{"url":"https:\/\/pubeurope.com\/@fr\/115190996158500244","error":""},"_links":{"self":[{"href":"https:\/\/www.europesays.com\/fr\/wp-json\/wp\/v2\/posts\/385114","targetHints":{"allow":["GET"]}}],"collection":[{"href":"https:\/\/www.europesays.com\/fr\/wp-json\/wp\/v2\/posts"}],"about":[{"href":"https:\/\/www.europesays.com\/fr\/wp-json\/wp\/v2\/types\/post"}],"author":[{"embeddable":true,"href":"https:\/\/www.europesays.com\/fr\/wp-json\/wp\/v2\/users\/2"}],"replies":[{"embeddable":true,"href":"https:\/\/www.europesays.com\/fr\/wp-json\/wp\/v2\/comments?post=385114"}],"version-history":[{"count":0,"href":"https:\/\/www.europesays.com\/fr\/wp-json\/wp\/v2\/posts\/385114\/revisions"}],"wp:featuredmedia":[{"embeddable":true,"href":"https:\/\/www.europesays.com\/fr\/wp-json\/wp\/v2\/media\/385115"}],"wp:attachment":[{"href":"https:\/\/www.europesays.com\/fr\/wp-json\/wp\/v2\/media?parent=385114"}],"wp:term":[{"taxonomy":"category","embeddable":true,"href":"https:\/\/www.europesays.com\/fr\/wp-json\/wp\/v2\/categories?post=385114"},{"taxonomy":"post_tag","embeddable":true,"href":"https:\/\/www.europesays.com\/fr\/wp-json\/wp\/v2\/tags?post=385114"}],"curies":[{"name":"wp","href":"https:\/\/api.w.org\/{rel}","templated":true}]}}