{"id":385116,"date":"2025-09-12T11:04:10","date_gmt":"2025-09-12T11:04:10","guid":{"rendered":"https:\/\/www.europesays.com\/fr\/385116\/"},"modified":"2025-09-12T11:04:10","modified_gmt":"2025-09-12T11:04:10","slug":"venezuela-face-aux-menaces-etats-uniennes-maduro-annonce-le-deploiement-de-larmee","status":"publish","type":"post","link":"https:\/\/www.europesays.com\/fr\/385116\/","title":{"rendered":"Venezuela\u00a0: face aux menaces \u00e9tats-uniennes, Maduro annonce le d\u00e9ploiement de l\u2019arm\u00e9e"},"content":{"rendered":"<p>Le \u00ab\u00a0Plan\u00a0Ind\u00e9pendance 200\u00a0\u00bb est officiellement activ\u00e9. Face \u00e0 ce qu\u2019il consid\u00e8re repr\u00e9senter une menace d\u2019une intervention militaire des \u00c9tats-Unis, le pr\u00e9sident v\u00e9n\u00e9zu\u00e9lien, <a href=\"https:\/\/www.humanite.fr\/monde\/amerique-latine\/maduro-consolide-son-pouvoir-au-venezuela\" target=\"_blank\" rel=\"noopener\">Nicol\u00e1s Maduro<\/a> a ordonn\u00e9 jeudi matin le d\u00e9ploiement de la Force arm\u00e9e nationale bolivarienne (FANB) sur le littoral \u00ab\u00a0afin d\u2019assurer la d\u00e9fense int\u00e9grale du pays\u00a0\u00bb.<\/p>\n<p>Un d\u00e9ploiement qui pr\u00e9voit la participation de la FANB \u00ab\u00a0avec tout son \u00e9quipement, ses troupes et ses officiers, ainsi que les unit\u00e9s des Corps combattants et des Milices bolivariennes\u00a0\u00bb, a d\u00e9clar\u00e9 le leader de <a href=\"https:\/\/www.humanite.fr\/monde\/etats-unis\/comment-washington-a-impose-des-sanctions-au-venezuela-pour-mettre-a-genoux-son-economie\" target=\"_blank\" rel=\"noopener\">la r\u00e9volution bolivarienne<\/a> tout en pr\u00e9cisant que le \u00ab\u00a0plan de d\u00e9fense\u00a0\u00bb comptait \u00ab\u00a0284 fronts d\u2019action\u00a0\u00bb.<\/p>\n<p>Ils sont d\u00e9ploy\u00e9s \u00ab\u00a0du nord au sud, d\u2019est en ouest, sur toutes les c\u00f4tes des Cara\u00efbes, depuis la fronti\u00e8re avec la Colombie, depuis les Andes, depuis l\u2019est du pays, y compris les c\u00f4tes et les fronti\u00e8res v\u00e9n\u00e9zu\u00e9liennes\u00a0\u00bb, a soulign\u00e9 le chef de l\u2019\u00c9tat, selon des propos rapport\u00e9s par Telesur.<\/p>\n<p>Plus tard dans la m\u00eame journ\u00e9e, lors d\u2019un congr\u00e8s extraordinaire du Parti socialiste unifi\u00e9 du Venezuela, le pr\u00e9sident Maduro a annonc\u00e9 l\u2019organisation de d\u00e9bats dans plus de 60\u00a0000 comit\u00e9s du parti afin de d\u00e9finir les lignes d\u2019action futures et notamment \u00ab\u00a0pr\u00e9parer le pays \u00e0 une \u00e9ventuelle lutte arm\u00e9e\u00a0\u00bb.<\/p>\n<p>Donald Trump a envoy\u00e9 <a href=\"https:\/\/www.humanite.fr\/monde\/amerique-latine\/le-peuple-venezuelien-est-pacifiste-mais-il-sait-aussi-se-battre-face-aux-menaces-americaines-nicolas-maduros-mobilise-ses-citoyens-contre-lingerence-des-etats-unis\" target=\"_blank\" rel=\"noopener\">sept navires de guerre et un sous-marin d\u2019attaque dans les eaux internationales<\/a> situ\u00e9es au large du pays sud-am\u00e9ricain, rejoints la semaine derni\u00e8re par dix avions de combat F-35 positionn\u00e9s \u00e0 Porto Rico. Nicol\u00e1s Maduro, dont la t\u00eate est mise \u00e0 prix par Washington qui l\u2019accuse de diriger un \u00ab\u00a0cartel de narcotrafic\u00a0\u00bb et d\u2019\u00eatre \u00e0 la t\u00eate d\u2019un\u00a0\u00c9tat \u00ab\u00a0narcoterroriste\u00a0\u00bb, est persuad\u00e9 que son homologue \u00e9tats-unien cherche \u00e0 le renverser.<\/p>\n<p>Un brutal changement de doctrine vis-\u00e0-vis de l\u2019Am\u00e9rique latine<\/p>\n<p>Il faut dire que la pression est \u00e0 son comble ces derniers temps dans la sous-r\u00e9gion, notamment depuis <a href=\"https:\/\/www.humanite.fr\/monde\/amerique-latine\/sous-couvert-de-frappe-ciblee-trump-intensifie-son-offensive-contre-le-venezuela\" target=\"_blank\" rel=\"noreferrer noopener\">le bombardement par le Pentagone<\/a>, le 2\u00a0septembre dernier, d\u2019une embarcation v\u00e9n\u00e9zu\u00e9lienne compos\u00e9e, selon l\u2019agence am\u00e9ricaine, de \u00ab\u00a0narco-terroristes\u00a0\u00bb.<\/p>\n<p>C\u2019est la premi\u00e8re op\u00e9ration militaire meurtri\u00e8re men\u00e9e seule par les \u00c9tats-Unis en Am\u00e9rique latine depuis l\u2019invasion du Panama en 1989, qui confirme <a href=\"https:\/\/www.humanite.fr\/monde\/amerique-latine\/lutte-contre-le-narcoterrorisme-trump-lance-des-operations-militaires-secretes-en-amerique-latine\" target=\"_blank\" rel=\"noreferrer noopener\">un brutal changement de doctrine<\/a>. Donald Trump s\u2019affiche ouvertement d\u00e9termin\u00e9 \u00e0 intervenir dans ce que les \u00c9tats-Unis ont souvent consid\u00e9r\u00e9 \u00eatre leur arri\u00e8re-cour, en utilisant la force militaire.<\/p>\n<p>Ce mardi, r\u00e9pondant \u00e0 une question sur <a href=\"https:\/\/www.humanite.fr\/monde\/bresil\/bresil-jair-bolsonaro-a-bien-fomente-le-coup-detat-selon-un-rapport-du-procureur\" target=\"_blank\" rel=\"noreferrer noopener\">la possible condamnation de l\u2019ex-pr\u00e9sident Jair Bolsonaro<\/a> (2019-2023) par la Cour supr\u00eame f\u00e9d\u00e9rale du Br\u00e9sil, <a href=\"https:\/\/www.humanite.fr\/monde\/amerique-latine\/etats-unis-sous-couvert-de-liberte-dexpression-donald-trump-brandit-la-force-militaire-pour-intimider-lamerique-latine\" target=\"_blank\" rel=\"noreferrer noopener\">la porte-parole du gouvernement am\u00e9ricain, Karoline Leavitt, avait surpris allant jusqu\u2019\u00e0 menacer indirectement le Br\u00e9sil<\/a>.<\/p>\n<p>Il a rappel\u00e9 que l\u2019affaire de l\u2019ex-pr\u00e9sident d\u2019extr\u00eame droite \u00e9tait \u00ab\u00a0une priorit\u00e9\u00a0\u00bb pour son gouvernement, indiquant que \u00ab\u00a0le pr\u00e9sident (Donald Trump) n\u2019a pas peur d\u2019utiliser la puissance \u00e9conomique et militaire des \u00c9tats-Unis pour prot\u00e9ger la libert\u00e9 d\u2019expression dans le monde entier\u00a0\u00bb.<\/p>\n<p>Le pr\u00e9texte de la lutte contre le trafic de drogue\u00a0pour faire tomber Maduro<\/p>\n<p>Vis-\u00e0-vis du Venezuela, c\u2019est le pr\u00e9texte de la lutte contre le trafic de drogue que Washington utilise pour atteindre ce qui semble \u00eatre son but non avou\u00e9\u00a0: fermer le chapitre socialiste enclench\u00e9 il y a vingt-cinq ans avec le d\u00e9but de la r\u00e9volution bolivarienne.<\/p>\n<p>Rejetant le recours \u00e0 la \u00ab\u00a0diplomatie des canonni\u00e8res\u00a0\u00bb lors d\u2019<a href=\"https:\/\/www.facebook.com\/teleSUR\/videos\/1305755854295012\/\" target=\"_blank\" rel=\"noreferrer noopener\">un entretien<\/a>, ce mercredi, avec <a href=\"https:\/\/www.humanite.fr\/monde\/amerique-latine\/rafael-correa-ancien-president-lequateur-peut-desormais-etre-qualifie-de-dictature\" target=\"_blank\" rel=\"noreferrer noopener\">l\u2019ex-pr\u00e9sident \u00e9quatorien Rafael Correa<\/a> (qui sera par ailleurs pr\u00e9sent \u00e0 la F\u00eate de l\u2019Humanit\u00e9 ce week-end), Nicol\u00e1s Maduro a affirm\u00e9 que les v\u00e9ritables objectifs \u00e9tats-uniens sont li\u00e9s \u00e0 leur \u00ab\u00a0int\u00e9r\u00eat pour le p\u00e9trole, le gaz, l\u2019or et d\u2019autres ressources strat\u00e9giques que poss\u00e8de le Venezuela\u00a0\u00bb.<\/p>\n<p>Bien que le pr\u00e9sident Trump n\u2019ait pas ouvertement exprim\u00e9 la volont\u00e9 de provoquer un \u00ab\u00a0changement de r\u00e9gime\u00a0\u00bb dans le pays sud-am\u00e9ricain, le m\u00e9dia \u00e9tats-unien <a href=\"https:\/\/edition.cnn.com\/2025\/09\/05\/politics\/trump-weighs-strikes-targeting-cartels-inside-venezuela\" target=\"_blank\" rel=\"noreferrer noopener\">CNN<\/a> rapporte des propos de sources de l\u2019administration r\u00e9publicaine indiquant notamment que \u00ab\u00a0l\u2019attaque de (l\u2019embarcation v\u00e9n\u00e9zu\u00e9lienne du 2\u00a0septembre) n\u2019\u00e9tait que le d\u00e9but d\u2019une op\u00e9ration beaucoup plus vaste visant \u00e0 \u00e9radiquer le trafic de stup\u00e9fiants dans la r\u00e9gion et, \u00e9ventuellement, \u00e0 renverser Maduro\u00a0\u00bb.<\/p>\n<p>Selon ces m\u00eames sources, le locataire de la Maison blanche ne s\u2019interdirait pas de \u00ab\u00a0mener des frappes militaires contre les cartels de la drogue (\u2026) \u00e0 l\u2019int\u00e9rieur du pays\u00a0\u00bb. Deux responsables de la Maison Blanche auraient aussi d\u00e9clar\u00e9 \u00e0 CNN qu\u2019une unit\u00e9 de marines menait \u00ab\u00a0des exercices d\u2019entra\u00eenement au d\u00e9barquement amphibie\u00a0\u00bb \u00e0 Porto Rico.<\/p>\n<p>Invasion militaire, attaque cibl\u00e9e visant \u00e0 d\u00e9capiter le gouvernement, bombardements ayant pour objectif d\u2019acculer Caracas\u2026 ou simple coup de bluff dans le cadre de la <a href=\"https:\/\/www.humanite.fr\/monde\/etats-unis\/guerre-economique-en-quoi-consiste-la-strategie-de-pression-maximale-de-washington-pour-asphyxier-le-venezuela\" target=\"_blank\" rel=\"noreferrer noopener\">strat\u00e9gie de \u00ab\u00a0pression maximale\u00a0\u00bb<\/a> impos\u00e9e au Venezuela depuis le retour de Trump \u00e0 la Maison blanche\u00a0?<\/p>\n<p>Toutes les options paraissent mises sur le Bureau ovale, mais le fait que la tr\u00e8s influente revue <a href=\"https:\/\/foreignpolicy.com\/2025\/09\/03\/trump-usa-venezuela-regime-change-maduro-cartels\/\" target=\"_blank\" rel=\"noreferrer noopener\">Foreign Policy<\/a> s\u2019autorise \u00e0 publier des articles indiquant un risque r\u00e9el de \u00ab\u00a0guerre\u00a0\u00bb et titr\u00e9s \u00ab\u00a0Les \u00c9tats-Unis s\u2019orientent lentement vers un changement de r\u00e9gime au Venezuela\u00a0\u00bb n\u2019augure rien de bon pour le projet politique r\u00e9volutionnaire initi\u00e9 par Hugo Ch\u00e1vez.<\/p>\n<p>Face \u00e0 l\u2019extr\u00eame droite, ne rien l\u00e2cher\u00a0!<\/p>\n<p>C\u2019est pied \u00e0 pied, argument contre argument qu\u2019il faut combattre l\u2019extr\u00eame droite. Et c\u2019est ce que nous faisons chaque jour dans l\u2019Humanit\u00e9.<\/p>\n<p>Face aux attaques incessantes des racistes et des porteurs de haine\u00a0: soutenez-nous\u00a0! Ensemble, faisons entendre une autre voix dans ce d\u00e9bat public toujours plus naus\u00e9abond.<br \/><a href=\"https:\/\/www.humanite.fr\/lhumanite-cest-vous\" target=\"_blank\" rel=\"noopener\">Je veux en savoir plus.<\/a><\/p>\n","protected":false},"excerpt":{"rendered":"Le \u00ab\u00a0Plan\u00a0Ind\u00e9pendance 200\u00a0\u00bb est officiellement activ\u00e9. Face \u00e0 ce qu\u2019il consid\u00e8re repr\u00e9senter une menace d\u2019une intervention militaire des&hellip;\n","protected":false},"author":2,"featured_media":385117,"comment_status":"","ping_status":"","sticky":false,"template":"","format":"standard","meta":{"footnotes":""},"categories":[1589],"tags":[11,42828,75,73,1866,1146,45093,12,338,770,1864,1865,1863,308,337],"class_list":{"0":"post-385116","1":"post","2":"type-post","3":"status-publish","4":"format-standard","5":"has-post-thumbnail","7":"category-etats-unis","8":"tag-actualites","9":"tag-amu00e9rique-latine","10":"tag-donald-trump","11":"tag-etats-unis","12":"tag-etats-unis-damerique","13":"tag-guerre","14":"tag-impu00e9rialisme","15":"tag-news","16":"tag-nicolas-maduro","17":"tag-u00e9tats-unis","18":"tag-united-states","19":"tag-united-states-of-america","20":"tag-us","21":"tag-usa","22":"tag-venezuela"},"share_on_mastodon":{"url":"https:\/\/pubeurope.com\/@fr\/115190999680907326","error":""},"_links":{"self":[{"href":"https:\/\/www.europesays.com\/fr\/wp-json\/wp\/v2\/posts\/385116","targetHints":{"allow":["GET"]}}],"collection":[{"href":"https:\/\/www.europesays.com\/fr\/wp-json\/wp\/v2\/posts"}],"about":[{"href":"https:\/\/www.europesays.com\/fr\/wp-json\/wp\/v2\/types\/post"}],"author":[{"embeddable":true,"href":"https:\/\/www.europesays.com\/fr\/wp-json\/wp\/v2\/users\/2"}],"replies":[{"embeddable":true,"href":"https:\/\/www.europesays.com\/fr\/wp-json\/wp\/v2\/comments?post=385116"}],"version-history":[{"count":0,"href":"https:\/\/www.europesays.com\/fr\/wp-json\/wp\/v2\/posts\/385116\/revisions"}],"wp:featuredmedia":[{"embeddable":true,"href":"https:\/\/www.europesays.com\/fr\/wp-json\/wp\/v2\/media\/385117"}],"wp:attachment":[{"href":"https:\/\/www.europesays.com\/fr\/wp-json\/wp\/v2\/media?parent=385116"}],"wp:term":[{"taxonomy":"category","embeddable":true,"href":"https:\/\/www.europesays.com\/fr\/wp-json\/wp\/v2\/categories?post=385116"},{"taxonomy":"post_tag","embeddable":true,"href":"https:\/\/www.europesays.com\/fr\/wp-json\/wp\/v2\/tags?post=385116"}],"curies":[{"name":"wp","href":"https:\/\/api.w.org\/{rel}","templated":true}]}}