{"id":385118,"date":"2025-09-12T11:05:13","date_gmt":"2025-09-12T11:05:13","guid":{"rendered":"https:\/\/www.europesays.com\/fr\/385118\/"},"modified":"2025-09-12T11:05:13","modified_gmt":"2025-09-12T11:05:13","slug":"royaume-uni-stagnation-de-leconomie-en-juillet-12-09-2025-a-1210","status":"publish","type":"post","link":"https:\/\/www.europesays.com\/fr\/385118\/","title":{"rendered":"Royaume-Uni: Stagnation de l&rsquo;\u00e9conomie en juillet &#8211; 12\/09\/2025 \u00e0 12:10"},"content":{"rendered":"<p>        <img fetchpriority=\"high\" decoding=\"async\" src=\"https:\/\/www.europesays.com\/fr\/wp-content\/uploads\/2025\/09\/08378926916a3a3060cafd885cdec26e-760x481.jpg\" alt=\"Un client passe devant un rayon de th\u00e9 Twinings dans un supermarch\u00e9 Sainsbury's\" loading=\"eager\" width=\"760\" height=\"481\" style=\"max-width: 100%!important; height: auto;\"\/><\/p>\n<p class=\"c-image-news__legend\">Un client passe devant un rayon de th\u00e9 Twinings dans un supermarch\u00e9 Sainsbury&rsquo;s<\/p>\n<p>\n L&rsquo;\u00e9conomie britannique a stagn\u00e9 en juillet apr\u00e8s un rebond de 0,4% en juin, selon les donn\u00e9es officielles publi\u00e9es vendredi.\n<\/p>\n<p>\n Les \u00e9conomistes interrog\u00e9s par Reuters anticipaient une croissance nulle en juillet.\n<\/p>\n<p>\n L&rsquo;\u00e9conomie britannique a enregistr\u00e9 une croissance robuste par rapport \u00e0 ses standards r\u00e9cents au cours du premier semestre 2025, avec une hausse du produit int\u00e9rieur brut (PIB) de 0,7% au premier trimestre de l&rsquo;ann\u00e9e et de 0,3% au second.\n<\/p>\n<p>\n Ce redressement a \u00e9t\u00e9 en partie li\u00e9 \u00e0 l&rsquo;augmentation des d\u00e9penses publiques, tandis que les entreprises tourn\u00e9es vers l&rsquo;exportation se sont empress\u00e9es d&rsquo;exp\u00e9dier leurs marchandises avant l&rsquo;entr\u00e9e en vigueur de nouveaux droits de douane am\u00e9ricains.\n<\/p>\n<p>\n Mais les \u00e9conomistes s&rsquo;attendent d\u00e9sormais \u00e0 un ralentissement de la croissance au second semestre car les droits de douane p\u00e8sent sur la demande mondiale et le march\u00e9 du travail britannique s&rsquo;affaiblit.\n<\/p>\n<p>\n Le mois dernier, avant la publication des donn\u00e9es du deuxi\u00e8me trimestre, la Banque d&rsquo;Angleterre (BoE) pr\u00e9voyait une croissance annuelle de 1,25% pour cette ann\u00e9e, bien en de\u00e7\u00e0 de la moyenne de 2% observ\u00e9e entre 2010 et 2019.\n<\/p>\n<p>\n L&rsquo;\u00e9conomie britannique \u00ab\u00a0n&rsquo;est pas en panne, mais elle se sent coinc\u00e9e\u00a0\u00bb, a d\u00e9clar\u00e9 jeudi la ministre britannique des Finances, Rachel Reeves.\n<\/p>\n<p>\n Cette derni\u00e8re esp\u00e8re que les mesures en faveur de la croissance prises \u00e0 l&rsquo;approche de la pr\u00e9sentation du budget, le 26 novembre, conduiront \u00e0 une \u00e9valuation plus favorable des perspectives du pays de la part de l&rsquo;Office for Budget Responsibility, l&rsquo;Office pour la responsabilit\u00e9 budg\u00e9taire.\n<\/p>\n<p>\n Mais certaines entreprises ont d\u00e9j\u00e0 mis en garde sur une possible suspension de leurs projets d&#8217;embauche et d&rsquo;investissement, dans l&rsquo;attente de pr\u00e9cisions sur le durcissement de la l\u00e9gislation en mati\u00e8re d&#8217;emploi et d&rsquo;\u00e9ventuelles hausses d&rsquo;imp\u00f4ts.\n<\/p>\n<p>\n (R\u00e9dig\u00e9 par David Milliken, version fran\u00e7aise Claude Chendjou, \u00e9dit\u00e9 par Blandine H\u00e9nault)<\/p>\n","protected":false},"excerpt":{"rendered":"Un client passe devant un rayon de th\u00e9 Twinings dans un supermarch\u00e9 Sainsbury&rsquo;s L&rsquo;\u00e9conomie britannique a stagn\u00e9 en&hellip;\n","protected":false},"author":2,"featured_media":385119,"comment_status":"","ping_status":"","sticky":false,"template":"","format":"standard","meta":{"footnotes":""},"categories":[1588],"tags":[400,11,398,408,405,1777,674,403,402,399,404,12,473,1853,401,406,1851,1850,1852,407],"class_list":{"0":"post-385118","1":"post","2":"type-post","3":"status-publish","4":"format-standard","5":"has-post-thumbnail","7":"category-royaume-uni","8":"tag-action-cac-40","9":"tag-actualites","10":"tag-bourse-de-paris","11":"tag-boursorama","12":"tag-cotations","13":"tag-eu","14":"tag-europe","15":"tag-indices-devises","16":"tag-investir","17":"tag-investissement","18":"tag-marche-boursier","19":"tag-news","20":"tag-royaume-uni","21":"tag-royaume-uni-de-grande-bretagne-et-dirlande-du-nord","22":"tag-sicav","23":"tag-trackers","24":"tag-uk","25":"tag-united-kingdom","26":"tag-united-kingdom-of-great-britain-and-northern-ireland","27":"tag-warrants"},"share_on_mastodon":{"url":"https:\/\/pubeurope.com\/@fr\/115191003916312283","error":""},"_links":{"self":[{"href":"https:\/\/www.europesays.com\/fr\/wp-json\/wp\/v2\/posts\/385118","targetHints":{"allow":["GET"]}}],"collection":[{"href":"https:\/\/www.europesays.com\/fr\/wp-json\/wp\/v2\/posts"}],"about":[{"href":"https:\/\/www.europesays.com\/fr\/wp-json\/wp\/v2\/types\/post"}],"author":[{"embeddable":true,"href":"https:\/\/www.europesays.com\/fr\/wp-json\/wp\/v2\/users\/2"}],"replies":[{"embeddable":true,"href":"https:\/\/www.europesays.com\/fr\/wp-json\/wp\/v2\/comments?post=385118"}],"version-history":[{"count":0,"href":"https:\/\/www.europesays.com\/fr\/wp-json\/wp\/v2\/posts\/385118\/revisions"}],"wp:featuredmedia":[{"embeddable":true,"href":"https:\/\/www.europesays.com\/fr\/wp-json\/wp\/v2\/media\/385119"}],"wp:attachment":[{"href":"https:\/\/www.europesays.com\/fr\/wp-json\/wp\/v2\/media?parent=385118"}],"wp:term":[{"taxonomy":"category","embeddable":true,"href":"https:\/\/www.europesays.com\/fr\/wp-json\/wp\/v2\/categories?post=385118"},{"taxonomy":"post_tag","embeddable":true,"href":"https:\/\/www.europesays.com\/fr\/wp-json\/wp\/v2\/tags?post=385118"}],"curies":[{"name":"wp","href":"https:\/\/api.w.org\/{rel}","templated":true}]}}