{"id":385120,"date":"2025-09-12T11:06:13","date_gmt":"2025-09-12T11:06:13","guid":{"rendered":"https:\/\/www.europesays.com\/fr\/385120\/"},"modified":"2025-09-12T11:06:13","modified_gmt":"2025-09-12T11:06:13","slug":"allemagne-linflation-confirmee-a-21-sur-un-an-en-aout-12-09-2025-a-1210","status":"publish","type":"post","link":"https:\/\/www.europesays.com\/fr\/385120\/","title":{"rendered":"Allemagne: L&rsquo;inflation confirm\u00e9e \u00e0 2,1% sur un an en ao\u00fbt &#8211; 12\/09\/2025 \u00e0 12:10"},"content":{"rendered":"<p>        <img fetchpriority=\"high\" decoding=\"async\" src=\"https:\/\/www.europesays.com\/fr\/wp-content\/uploads\/2025\/09\/67eef5db2bd0640b3761ace552532242-760x507.jpg\" alt=\"Des personnes font leurs courses dans un supermarch\u00e9 Aldi, \u00e0 Berlin\" loading=\"eager\" width=\"760\" height=\"507\" style=\"max-width: 100%!important; height: auto;\"\/><\/p>\n<p class=\"c-image-news__legend\">Des personnes font leurs courses dans un supermarch\u00e9 Aldi, \u00e0 Berlin<\/p>\n<p>\n L&rsquo;inflation allemande, calcul\u00e9e aux normes europ\u00e9ennes, est ressortie en ao\u00fbt conforme aux donn\u00e9es pr\u00e9liminaires, montrent vendredi les donn\u00e9es d\u00e9finitives de l&rsquo;Office f\u00e9d\u00e9ral de la statistique.\n<\/p>\n<p>\n Sur un mois, cette inflation s&rsquo;est \u00e9tablie \u00e0 0,1%, comme attendu par les analystes et l&rsquo;indicateur \u00ab\u00a0flash\u00a0\u00bb.\n<\/p>\n<p>\n En rythme annuel, la hausse des prix a atteint 2,1% en ao\u00fbt, comme initialement estim\u00e9, apr\u00e8s +1,8% en juillet.\n<\/p>\n<p>\n (R\u00e9dig\u00e9 par Claude Chendjou, \u00e9dit\u00e9 par Blandine H\u00e9nault)<\/p>\n","protected":false},"excerpt":{"rendered":"Des personnes font leurs courses dans un supermarch\u00e9 Aldi, \u00e0 Berlin L&rsquo;inflation allemande, calcul\u00e9e aux normes europ\u00e9ennes, est&hellip;\n","protected":false},"author":2,"featured_media":385121,"comment_status":"","ping_status":"","sticky":false,"template":"","format":"standard","meta":{"footnotes":""},"categories":[1587],"tags":[400,11,672,398,408,1804,405,1805,1803,1777,674,1801,403,402,399,404,12,1802,401,406,407],"class_list":{"0":"post-385120","1":"post","2":"type-post","3":"status-publish","4":"format-standard","5":"has-post-thumbnail","7":"category-allemagne","8":"tag-action-cac-40","9":"tag-actualites","10":"tag-allemagne","11":"tag-bourse-de-paris","12":"tag-boursorama","13":"tag-bundesrepublik-deutschland","14":"tag-cotations","15":"tag-de","16":"tag-deutschland","17":"tag-eu","18":"tag-europe","19":"tag-germany","20":"tag-indices-devises","21":"tag-investir","22":"tag-investissement","23":"tag-marche-boursier","24":"tag-news","25":"tag-republique-federale-dallemagne","26":"tag-sicav","27":"tag-trackers","28":"tag-warrants"},"share_on_mastodon":{"url":"https:\/\/pubeurope.com\/@fr\/115191007598095530","error":""},"_links":{"self":[{"href":"https:\/\/www.europesays.com\/fr\/wp-json\/wp\/v2\/posts\/385120","targetHints":{"allow":["GET"]}}],"collection":[{"href":"https:\/\/www.europesays.com\/fr\/wp-json\/wp\/v2\/posts"}],"about":[{"href":"https:\/\/www.europesays.com\/fr\/wp-json\/wp\/v2\/types\/post"}],"author":[{"embeddable":true,"href":"https:\/\/www.europesays.com\/fr\/wp-json\/wp\/v2\/users\/2"}],"replies":[{"embeddable":true,"href":"https:\/\/www.europesays.com\/fr\/wp-json\/wp\/v2\/comments?post=385120"}],"version-history":[{"count":0,"href":"https:\/\/www.europesays.com\/fr\/wp-json\/wp\/v2\/posts\/385120\/revisions"}],"wp:featuredmedia":[{"embeddable":true,"href":"https:\/\/www.europesays.com\/fr\/wp-json\/wp\/v2\/media\/385121"}],"wp:attachment":[{"href":"https:\/\/www.europesays.com\/fr\/wp-json\/wp\/v2\/media?parent=385120"}],"wp:term":[{"taxonomy":"category","embeddable":true,"href":"https:\/\/www.europesays.com\/fr\/wp-json\/wp\/v2\/categories?post=385120"},{"taxonomy":"post_tag","embeddable":true,"href":"https:\/\/www.europesays.com\/fr\/wp-json\/wp\/v2\/tags?post=385120"}],"curies":[{"name":"wp","href":"https:\/\/api.w.org\/{rel}","templated":true}]}}