{"id":385126,"date":"2025-09-12T11:09:12","date_gmt":"2025-09-12T11:09:12","guid":{"rendered":"https:\/\/www.europesays.com\/fr\/385126\/"},"modified":"2025-09-12T11:09:12","modified_gmt":"2025-09-12T11:09:12","slug":"le-media-brut-rachete-par-cma-cgm","status":"publish","type":"post","link":"https:\/\/www.europesays.com\/fr\/385126\/","title":{"rendered":"Le m\u00e9dia \u00ab\u00a0Brut\u00a0\u00bb rachet\u00e9 par CMA CGM"},"content":{"rendered":"<p>                          <img loading=\"lazy\" decoding=\"async\" src=\"https:\/\/www.europesays.com\/fr\/wp-content\/uploads\/2025\/09\/8818f13_upload-1-muqdtbmfmf1d-000-669x3d6.jpg\" alt=\"Le PDG de CMA CGM, Rodolphe Saad\u00e9, lors d\u2019un sommet sur l\u2019intelligence artificielle \u00e0 l\u2019Imperial College London, dans le centre de Londres, le 9\u00a0juillet 2025.\"   width=\"664\" height=\"443\"\/>    Le PDG de CMA CGM, Rodolphe Saad\u00e9, lors d\u2019un sommet sur l\u2019intelligence artificielle \u00e0 l\u2019Imperial College London, dans le centre de Londres, le 9\u00a0juillet 2025.  LUDOVIC MARIN \/ AFP                    <\/p>\n<p class=\"article__paragraph  \">Le m\u00e9dia vid\u00e9o en ligne Brut appartient d\u00e9sormais au groupe CMA CGM du milliardaire Rodolphe Saad\u00e9, apr\u00e8s la finalisation de son acquisition, annonc\u00e9e vendredi 12\u00a0septembre et qui s\u2019ajoute \u00e0 celle d\u2019autres m\u00e9dias dont la cha\u00eene BFM-TV et la radio RMC. CMA Media, filiale m\u00e9dias de CMA CGM, se f\u00e9licite de \u00ab\u00a0dev[enir] un acteur incontournable du paysage m\u00e9diatique fran\u00e7ais, s\u2019adressant \u00e0 tous les publics et couvrant l\u2019ensemble des canaux\u00a0: presse r\u00e9gionale et nationale, t\u00e9l\u00e9vision, radio et r\u00e9seaux sociaux\u00a0\u00bb, avec cette op\u00e9ration.<\/p>\n<p class=\"article__paragraph  \">Au d\u00e9but de juillet, CMA Media avait annonc\u00e9 \u00eatre entr\u00e9 en n\u00e9gociation exclusive pour acheter Brut, dont il \u00e9tait d\u00e9j\u00e0 actionnaire. Outre BFM-TV et RMC, CMA\u00a0Media poss\u00e8de aussi les journaux La Tribune et La Tribune Dimanche, La Provence et Corse Matin. Le groupe s\u2019appr\u00eate en outre \u00e0 racheter la cha\u00eene de t\u00e9l\u00e9vision Ch\u00e9rie 25 (NRJ Group).<\/p>\n<p class=\"article__paragraph  \">\u00ab\u00a0L\u2019int\u00e9gration de Brut marque la cr\u00e9ation d\u2019un troisi\u00e8me pilier strat\u00e9gique au sein de CMA\u00a0Media, le p\u00f4le social [r\u00e9seaux sociaux], aux c\u00f4t\u00e9s des p\u00f4les presse et audiovisuel\u00a0\u00bb, a poursuivi CMA Media. La filiale repr\u00e9sente \u00ab\u00a0la deuxi\u00e8me plus grande r\u00e9daction de France [et la premi\u00e8re du secteur priv\u00e9] avec plus de 1\u00a0600\u00a0journalistes\u00a0\u00bb.<\/p>\n<p>                                 Lire aussi |  Article r\u00e9serv\u00e9 \u00e0 nos abonn\u00e9s  <a href=\"https:\/\/www.lemonde.fr\/economie\/article\/2025\/07\/04\/meme-dans-l-escarcelle-de-cma-cgm-brut-continuera-de-faire-du-brut-assure-son-president-guillaume-lacroix_6618124_3234.html\" class=\"js-article-read-also catcher--favoris__link\" data-premium=\"1\" id=\"article-title-3430134\" rel=\"nofollow noopener\" target=\"_blank\">\u00ab\u00a0\u201cBrut\u201d continuera de faire du \u201cBrut\u201d\u00a0\u00bb, m\u00eame dans l\u2019escarcelle de CMA CGM, assure son pr\u00e9sident, Guillaume Lacroix<\/a>    <\/p>\n<p>   Lire plus tard  <\/p>\n<p>                    Les cofondateurs du m\u00e9dia \u00ab\u00a0continueront d\u2019accompagner la strat\u00e9gie de \u201cBrut\u201d\u00a0\u00bb              <\/p>\n<p class=\"article__paragraph  \">Brut continuera d\u2019\u00eatre dirig\u00e9 par Elsa Darquier, sa directrice g\u00e9n\u00e9rale. Elle sera plac\u00e9e sous la responsabilit\u00e9 de Claire L\u00e9ost, <a href=\"https:\/\/www.lemonde.fr\/economie\/article\/2025\/08\/26\/en-partance-pour-cma-media-claire-leost-quitte-la-presidence-de-prisma-media-au-profit-d-arnaud-lagardere_6635790_3234.html\" rel=\"nofollow noopener\" target=\"_blank\">nouvelle directrice g\u00e9n\u00e9rale de CMA\u00a0Media et transfuge du groupe de magazines Prisma Media<\/a>, nomm\u00e9e pr\u00e9sidente de Brut. Les cofondateurs du m\u00e9dia en ligne, Renaud Le Van Kim et Guillaume Lacroix, \u00ab\u00a0continueront d\u2019accompagner la strat\u00e9gie de Brut\u00a0\u00bb en tant que conseillers, selon le communiqu\u00e9.<\/p>\n<p class=\"article__paragraph  \">Brut, qui emploie quelque 250\u00a0salari\u00e9s et s\u2019est r\u00e9organis\u00e9 ces derni\u00e8res ann\u00e9es pour faire des \u00e9conomies, est rentable depuis le dernier trimestre de 2023. Aupr\u00e8s des annonceurs, il met en avant son impact (temps pass\u00e9 devant une vid\u00e9o, nombre de vues, interactions\u2026), en particulier sur les jeunes audiences.<\/p>\n<p class=\"article__paragraph  \">Rodolphe Saad\u00e9 bouscule depuis trois ans le paysage m\u00e9diatique fran\u00e7ais. CMA CGM est devenu propri\u00e9taire du groupe La Provence (quotidiens La Provence et Corse Matin) en octobre\u00a02022. Il s\u2019est ensuite invit\u00e9 au capital du groupe audiovisuel M6\u00a0\u00e0 la fin de 2022, puis \u00e0 celui de Brut, avant de prendre le contr\u00f4le du journal \u00e9conomique La Tribune et d\u2019en lancer une \u00e9dition dominicale en\u00a02023. A l\u2019\u00e9t\u00e9 2024, CMA\u00a0Media a rachet\u00e9 BFM-TV, RMC et les cha\u00eenes de la TNT RMC\u00a0D\u00e9couverte et RMC\u00a0Story \u00e0 Altice.<\/p>\n<p>                                 Lire aussi |  <a href=\"https:\/\/www.lemonde.fr\/actualite-medias\/article\/2025\/08\/26\/cma-media-a-une-nouvelle-directrice-generale-claire-leost_6635763_3236.html\" class=\"js-article-read-also catcher--favoris__link\" data-premium=\"\" id=\"article-title-3435545\" rel=\"nofollow noopener\" target=\"_blank\">CMA M\u00e9dia a une nouvelle directrice g\u00e9n\u00e9rale, Claire L\u00e9ost<\/a>    <\/p>\n<p>   Lire plus tard  <\/p>\n<p class=\"author__detail\">  Le Monde avec AFP  <\/p>\n<p>                  <a href=\"https:\/\/www.lemonde.fr\/syndication\/\" class=\"reuse__content\" title=\"R\u00e9utiliser ce contenu\" target=\"_blank\" rel=\"nofollow noopener\">R\u00e9utiliser ce contenu<\/a>      <\/p>\n","protected":false},"excerpt":{"rendered":"Le PDG de CMA CGM, Rodolphe Saad\u00e9, lors d\u2019un sommet sur l\u2019intelligence artificielle \u00e0 l\u2019Imperial College London, dans&hellip;\n","protected":false},"author":2,"featured_media":385127,"comment_status":"","ping_status":"","sticky":false,"template":"","format":"standard","meta":{"footnotes":""},"categories":[2],"tags":[11,1011,27,12,25],"class_list":{"0":"post-385126","1":"post","2":"type-post","3":"status-publish","4":"format-standard","5":"has-post-thumbnail","7":"category-actualites","8":"tag-actualites","9":"tag-fr","10":"tag-france","11":"tag-news","12":"tag-republique-francaise"},"share_on_mastodon":{"url":"https:\/\/pubeurope.com\/@fr\/115191019236508905","error":""},"_links":{"self":[{"href":"https:\/\/www.europesays.com\/fr\/wp-json\/wp\/v2\/posts\/385126","targetHints":{"allow":["GET"]}}],"collection":[{"href":"https:\/\/www.europesays.com\/fr\/wp-json\/wp\/v2\/posts"}],"about":[{"href":"https:\/\/www.europesays.com\/fr\/wp-json\/wp\/v2\/types\/post"}],"author":[{"embeddable":true,"href":"https:\/\/www.europesays.com\/fr\/wp-json\/wp\/v2\/users\/2"}],"replies":[{"embeddable":true,"href":"https:\/\/www.europesays.com\/fr\/wp-json\/wp\/v2\/comments?post=385126"}],"version-history":[{"count":0,"href":"https:\/\/www.europesays.com\/fr\/wp-json\/wp\/v2\/posts\/385126\/revisions"}],"wp:featuredmedia":[{"embeddable":true,"href":"https:\/\/www.europesays.com\/fr\/wp-json\/wp\/v2\/media\/385127"}],"wp:attachment":[{"href":"https:\/\/www.europesays.com\/fr\/wp-json\/wp\/v2\/media?parent=385126"}],"wp:term":[{"taxonomy":"category","embeddable":true,"href":"https:\/\/www.europesays.com\/fr\/wp-json\/wp\/v2\/categories?post=385126"},{"taxonomy":"post_tag","embeddable":true,"href":"https:\/\/www.europesays.com\/fr\/wp-json\/wp\/v2\/tags?post=385126"}],"curies":[{"name":"wp","href":"https:\/\/api.w.org\/{rel}","templated":true}]}}