{"id":385128,"date":"2025-09-12T11:10:11","date_gmt":"2025-09-12T11:10:11","guid":{"rendered":"https:\/\/www.europesays.com\/fr\/385128\/"},"modified":"2025-09-12T11:10:11","modified_gmt":"2025-09-12T11:10:11","slug":"je-suis-charlie-kirk-france-culture","status":"publish","type":"post","link":"https:\/\/www.europesays.com\/fr\/385128\/","title":{"rendered":"\u00ab\u00a0Je suis Charlie Kirk\u00a0\u00bb | France Culture"},"content":{"rendered":"<p class=\"PopSlotParagraph qg-tx2 qg-xtra-lh svelte-1r0pyek\">Charlie Kirk, cet influenceur trumpiste de 31 ans, a \u00e9t\u00e9 assassin\u00e9 par balle alors qu&rsquo;il menait un dialogue avec des \u00e9tudiants am\u00e9ricains en Utah.<\/p>\n<p class=\"PopSlotParagraph qg-tx2 qg-xtra-lh svelte-1r0pyek\">Depuis sa mort, deux attitudes se font face. Les uns font part de leur tristesse, voire de leur col\u00e8re, pour ce qui ressemble fort \u00e0 un assassinat politique. M\u00eame si l\u2019on ignore qui est le tueur, il est tr\u00e8s probable que celui-ci ait agi pour motifs politiques.\u00a0Seconde attitude observ\u00e9e, celle des personnes qui se f\u00e9licitent de la mort de Charlie Kirk, ou bien, sans s\u2019en f\u00e9liciter, consid\u00e8rent qu\u2019il l\u2019a bien cherch\u00e9 en ayant en quelque sorte r\u00e9colt\u00e9 la violence qu&rsquo;il avait sem\u00e9e.<\/p>\n<p class=\"PopSlotParagraph qg-tx2 qg-xtra-lh svelte-1r0pyek\">Pour ce qui est du parall\u00e8le avec Charlie Hebdo, les deux Charlie se distinguent sur un grand nombre de points. N\u00e9anmoins,\u00a0Charlie Kirk a pris des positions honnies par la gauche, anti-trans, masculiniste, ultra-conservateur, mais il n\u2019a enfreint aucune loi am\u00e9ricaine, et \u00e9tait ouvert au dialogue, m\u00eame s\u2019il avait plus d\u2019un tour rh\u00e9torique dans son sac.<\/p>\n<p class=\"PopSlotParagraph qg-tx2 qg-xtra-lh svelte-1r0pyek\">Ce qui semble important,\u00a0si nous sommes encore capables de dialoguer, c\u2019est que c\u2019est la parole qui domine et la parole, aussi dure soit elle, n\u2019est pas la violence. Il n\u2019est pas possible d\u2019\u00eatre Charlie uniquement pour son Charlie, autrement dit pour son opinion, le vrai Charlie se bat pour l\u2019opinion de l\u2019autre.<\/p>\n","protected":false},"excerpt":{"rendered":"Charlie Kirk, cet influenceur trumpiste de 31 ans, a \u00e9t\u00e9 assassin\u00e9 par balle alors qu&rsquo;il menait un dialogue&hellip;\n","protected":false},"author":2,"featured_media":385129,"comment_status":"","ping_status":"","sticky":false,"template":"","format":"standard","meta":{"footnotes":""},"categories":[2],"tags":[11,1011,27,12,25],"class_list":{"0":"post-385128","1":"post","2":"type-post","3":"status-publish","4":"format-standard","5":"has-post-thumbnail","7":"category-actualites","8":"tag-actualites","9":"tag-fr","10":"tag-france","11":"tag-news","12":"tag-republique-francaise"},"share_on_mastodon":{"url":"https:\/\/pubeurope.com\/@fr\/115191023219234898","error":""},"_links":{"self":[{"href":"https:\/\/www.europesays.com\/fr\/wp-json\/wp\/v2\/posts\/385128","targetHints":{"allow":["GET"]}}],"collection":[{"href":"https:\/\/www.europesays.com\/fr\/wp-json\/wp\/v2\/posts"}],"about":[{"href":"https:\/\/www.europesays.com\/fr\/wp-json\/wp\/v2\/types\/post"}],"author":[{"embeddable":true,"href":"https:\/\/www.europesays.com\/fr\/wp-json\/wp\/v2\/users\/2"}],"replies":[{"embeddable":true,"href":"https:\/\/www.europesays.com\/fr\/wp-json\/wp\/v2\/comments?post=385128"}],"version-history":[{"count":0,"href":"https:\/\/www.europesays.com\/fr\/wp-json\/wp\/v2\/posts\/385128\/revisions"}],"wp:featuredmedia":[{"embeddable":true,"href":"https:\/\/www.europesays.com\/fr\/wp-json\/wp\/v2\/media\/385129"}],"wp:attachment":[{"href":"https:\/\/www.europesays.com\/fr\/wp-json\/wp\/v2\/media?parent=385128"}],"wp:term":[{"taxonomy":"category","embeddable":true,"href":"https:\/\/www.europesays.com\/fr\/wp-json\/wp\/v2\/categories?post=385128"},{"taxonomy":"post_tag","embeddable":true,"href":"https:\/\/www.europesays.com\/fr\/wp-json\/wp\/v2\/tags?post=385128"}],"curies":[{"name":"wp","href":"https:\/\/api.w.org\/{rel}","templated":true}]}}