{"id":385130,"date":"2025-09-12T11:11:11","date_gmt":"2025-09-12T11:11:11","guid":{"rendered":"https:\/\/www.europesays.com\/fr\/385130\/"},"modified":"2025-09-12T11:11:11","modified_gmt":"2025-09-12T11:11:11","slug":"lucile-hadzihalilovic-realisatrice-pour-la-tour-de-glace","status":"publish","type":"post","link":"https:\/\/www.europesays.com\/fr\/385130\/","title":{"rendered":"Lucile Hadzihalilovic, r\u00e9alisatrice pour \u00ab\u00a0La Tour de glace\u00a0\u00bb"},"content":{"rendered":"<p class=\"PopSlotParagraph qg-tx2 qg-xtra-lh svelte-1r0pyek\">Pour son quatri\u00e8me\u00a0 long m\u00e9trage, La Tour de glace, Lucile Hadzihalilovic nous embarque une fois de plus dans un voyage entre onirisme et r\u00e9alit\u00e9, s&rsquo;inspirant cette fois-ci d&rsquo;un conte bien connu, La Reine des neiges d&rsquo;Hans Christian Andersen. Mais ici, pas de chanson ent\u00eatante ou de morale\u00a0; le bien et le mal font corps et Marion Cotillard en actrice diva est plus inqui\u00e9tante que jamais.<\/p>\n<p>  <img decoding=\"async\" class=\"Image-preview  svelte-1b9cmvl\" data-testid=\"image-preview\" src=\"data:image\/jpeg;charset=utf-8;base64, \/9j\/2wBDACgcHiMeGSgjISMtKygwPGRBPDc3PHtYXUlkkYCZlo+AjIqgtObDoKrarYqMyP\/L2u71\/\/\/\/m8H\/\/\/\/6\/+b9\/\/j\/2wBDASstLTw1PHZBQXb4pYyl+Pj4+Pj4+Pj4+Pj4+Pj4+Pj4+Pj4+Pj4+Pj4+Pj4+Pj4+Pj4+Pj4+Pj4+Pj4+Pj4+Pj\/wAARCAARACoDASIAAhEBAxEB\/8QAGAAAAwEBAAAAAAAAAAAAAAAAAAIDBAX\/xAAXEAEBAQEAAAAAAAAAAAAAAAAAAgES\/8QAFQEBAQAAAAAAAAAAAAAAAAAAAQD\/xAAUEQEAAAAAAAAAAAAAAAAAAAAA\/9oADAMBAAIRAxEAPwDm4bMLK0ygTkuy0ckqQmfcKpeEJUheAEFSWAEz2kAS\/9k=\" alt=\"\" aria-hidden=\"false\"\/>     <img decoding=\"async\" src=\"https:\/\/www.europesays.com\/fr\/wp-content\/uploads\/2025\/09\/860_sc_latourdeglace-photogramme-0018-retouche-f401479d-2f67-4db6-a49d-54fb73e0e290.jpg\" loading=\"lazy\" fetchpriority=\"low\" width=\"860\" height=\"360\" class=\"Image-main  svelte-1b9cmvl rounded\" data-testid=\"image-src\" alt=\"Marion Cotillard, inqui\u00e9tante Reine des Neiges dans &quot;La Tour de glace&quot;\" aria-hidden=\"false\" onload=\"this.__e=event\" onerror=\"this.__e=event\"\/> Marion Cotillard, inqui\u00e9tante Reine des Neiges dans \u00ab\u00a0La Tour de glace\u00a0\u00bb  &#8211; \u00a93B-Davis-Sutor Kolonko-Arte\/Metropolitan Films  <img decoding=\"async\" class=\"Image-preview  svelte-1b9cmvl\" data-testid=\"image-preview\" src=\"data:image\/jpeg;charset=utf-8;base64, \/9j\/2wBDACgcHiMeGSgjISMtKygwPGRBPDc3PHtYXUlkkYCZlo+AjIqgtObDoKrarYqMyP\/L2u71\/\/\/\/m8H\/\/\/\/6\/+b9\/\/j\/2wBDASstLTw1PHZBQXb4pYyl+Pj4+Pj4+Pj4+Pj4+Pj4+Pj4+Pj4+Pj4+Pj4+Pj4+Pj4+Pj4+Pj4+Pj4+Pj4+Pj4+Pj\/wAARCAARACoDASIAAhEBAxEB\/8QAFwABAQEBAAAAAAAAAAAAAAAAAgABBP\/EABYQAQEBAAAAAAAAAAAAAAAAAAABEf\/EABYBAQEBAAAAAAAAAAAAAAAAAAABAv\/EABQRAQAAAAAAAAAAAAAAAAAAAAD\/2gAMAwEAAhEDEQA\/AOdowhlDSGgFYVZgHCSBDUgYxJR\/\/9k=\" alt=\"\" aria-hidden=\"false\"\/>     <img decoding=\"async\" src=\"https:\/\/www.europesays.com\/fr\/wp-content\/uploads\/2025\/09\/860_sc_latourdeglace-photogramme-0062-13bf45ba-f97c-4298-aeb6-1cc167269fa2.jpg\" loading=\"lazy\" fetchpriority=\"low\" width=\"860\" height=\"360\" class=\"Image-main  svelte-1b9cmvl rounded\" data-testid=\"image-src\" alt=\"Marion Cotillard (Cristina) et Clara Pacini (Jeanne) dans &quot;La Tour de glace&quot;\" aria-hidden=\"false\" onload=\"this.__e=event\" onerror=\"this.__e=event\"\/> Marion Cotillard (Cristina) et Clara Pacini (Jeanne) dans \u00ab\u00a0La Tour de glace\u00a0\u00bb  &#8211; \u00a93B-Davis-Sutor Kolonko-Arte\/Metropolitan Films <\/p>\n<p class=\"PopSlotParagraph qg-tx2 qg-xtra-lh svelte-1r0pyek\"><strong>Plus d&rsquo;infos &amp; d&rsquo;actualit\u00e9s\u00a0:<\/strong><\/p>\n<ul>\n<li>La Tour de glace\u00a0sort en salles le 17 septembre 2025<\/li>\n<li>Avec\u00a0: Marion Cotillard, Clara Pacini, August Diehl, Lilas-Rose Gilber, Gaspar No\u00e9<\/li>\n<li>Une r\u00e9trospective sera consacr\u00e9e \u00e0 Lucile Hadzihalilovic du 15 au 21 septembre 2025 \u00e0 la Cin\u00e9math\u00e8que de Paris\u00a0; La Tour de glace y sera pr\u00e9sent\u00e9e en avant premi\u00e8re le 15 septembre \u00e0 20h<\/li>\n<\/ul>\n<p>Extraits sonores\u00a0:<\/p>\n","protected":false},"excerpt":{"rendered":"Pour son quatri\u00e8me\u00a0 long m\u00e9trage, La Tour de glace, Lucile Hadzihalilovic nous embarque une fois de plus dans&hellip;\n","protected":false},"author":2,"featured_media":385131,"comment_status":"","ping_status":"","sticky":false,"template":"","format":"standard","meta":{"footnotes":""},"categories":[4],"tags":[11,1011,27,12,25],"class_list":{"0":"post-385130","1":"post","2":"type-post","3":"status-publish","4":"format-standard","5":"has-post-thumbnail","7":"category-france","8":"tag-actualites","9":"tag-fr","10":"tag-france","11":"tag-news","12":"tag-republique-francaise"},"share_on_mastodon":{"url":"https:\/\/pubeurope.com\/@fr\/115191027291253800","error":""},"_links":{"self":[{"href":"https:\/\/www.europesays.com\/fr\/wp-json\/wp\/v2\/posts\/385130","targetHints":{"allow":["GET"]}}],"collection":[{"href":"https:\/\/www.europesays.com\/fr\/wp-json\/wp\/v2\/posts"}],"about":[{"href":"https:\/\/www.europesays.com\/fr\/wp-json\/wp\/v2\/types\/post"}],"author":[{"embeddable":true,"href":"https:\/\/www.europesays.com\/fr\/wp-json\/wp\/v2\/users\/2"}],"replies":[{"embeddable":true,"href":"https:\/\/www.europesays.com\/fr\/wp-json\/wp\/v2\/comments?post=385130"}],"version-history":[{"count":0,"href":"https:\/\/www.europesays.com\/fr\/wp-json\/wp\/v2\/posts\/385130\/revisions"}],"wp:featuredmedia":[{"embeddable":true,"href":"https:\/\/www.europesays.com\/fr\/wp-json\/wp\/v2\/media\/385131"}],"wp:attachment":[{"href":"https:\/\/www.europesays.com\/fr\/wp-json\/wp\/v2\/media?parent=385130"}],"wp:term":[{"taxonomy":"category","embeddable":true,"href":"https:\/\/www.europesays.com\/fr\/wp-json\/wp\/v2\/categories?post=385130"},{"taxonomy":"post_tag","embeddable":true,"href":"https:\/\/www.europesays.com\/fr\/wp-json\/wp\/v2\/tags?post=385130"}],"curies":[{"name":"wp","href":"https:\/\/api.w.org\/{rel}","templated":true}]}}