{"id":385139,"date":"2025-09-12T11:18:14","date_gmt":"2025-09-12T11:18:14","guid":{"rendered":"https:\/\/www.europesays.com\/fr\/385139\/"},"modified":"2025-09-12T11:18:14","modified_gmt":"2025-09-12T11:18:14","slug":"citroen-sattaque-a-la-formule-e","status":"publish","type":"post","link":"https:\/\/www.europesays.com\/fr\/385139\/","title":{"rendered":"Citro\u00ebn s&rsquo;attaque \u00e0 la Formule E"},"content":{"rendered":"<p>                <img width=\"1200\" height=\"800\" src=\"https:\/\/www.europesays.com\/fr\/wp-content\/uploads\/2025\/09\/Monaco-2024-start.jpg-copie.jpg\" class=\"attachment-post-thumbnail size-post-thumbnail wp-post-image\" alt=\"Formule E Citro\u00ebn\" decoding=\"async\" fetchpriority=\"high\"  \/>                <\/p>\n<p><strong>Citro\u00ebn confirme son engagement dans le championnat du monde de monoplaces \u00e9lectriques pour la prochaine saison 2025-2026.<\/strong><\/p>\n<p>C\u2019est officiel, Citro\u00ebn fera son retour dans un championnat du monde FIA d\u00e8s la saison 2025-2026 en Formule E. Apr\u00e8s son retrait du WRC en 2019, le constructeur fran\u00e7ais retrouve la comp\u00e9tition internationale, cette fois dans le monde \u00e9lectrique. L\u2019annonce a \u00e9t\u00e9 faite ce vendredi 12 septembre dans un communiqu\u00e9 succinct mais porteur d\u2019ambition.<\/p>\n<p><a href=\"https:\/\/www.europesays.com\/fr\/wp-content\/uploads\/2025\/09\/image1-68c3dfa6aad87.jpg\"><img loading=\"lazy\" decoding=\"async\" width=\"1200\" height=\"800\" src=\"https:\/\/www.europesays.com\/fr\/wp-content\/uploads\/2025\/09\/image1-68c3dfa6aad87.jpg\" alt=\"Citro\u00ebn Formule E\" class=\"wp-image-121979\"  \/><\/a><\/p>\n<p>\u00ab Citro\u00ebn est fier d\u2019annoncer son engagement officiel dans le championnat FIA de Formule E d\u00e8s la saison prochaine. Une aventure \u00e9lectrique, innovante et passionn\u00e9e qui incarne nos valeurs et notre vision de la mobilit\u00e9 de demain \u00bb, pr\u00e9cise la marque aux chevrons.<\/p>\n<p><strong>Un comp\u00e9tition qui plait \u00e0 Stellantis<\/strong><\/p>\n<p>Pour l\u2019instant, peu de d\u00e9tails ont \u00e9t\u00e9 r\u00e9v\u00e9l\u00e9s. On ignore encore quelle \u00e9quipe sera remplac\u00e9e sur la grille et quels pilotes prendront le volant. <strong><a href=\"https:\/\/www.autohebdo.fr\/actualites\/monoplace\/formule-e\/citroen-officialise-son-arrivee-en-formule-e-pour-2025-2026.html\" target=\"_blank\" rel=\"noopener\">Selon nos amis d\u2019AUTOhebdo<\/a>,<\/strong> Citro\u00ebn devrait succ\u00e9der \u00e0 Maserati, une autre marque de l\u2019alliance Stellantis, et s\u2019appuyer sur un duo de pilotes exp\u00e9riment\u00e9 : Jean-\u00c9ric Vergne et Nick Cassidy. Le N\u00e9o-Z\u00e9landais, r\u00e9cemment transf\u00e9r\u00e9 de Jaguar au groupe Stellantis pour courir avec Peugeot en Championnat du monde d\u2019Endurance, a d\u00e9j\u00e0 test\u00e9 la 9X8 et particip\u00e9 au Lone Star Le Mans \u00e0 Austin. Que deviendra alors la marque cousine DS \u00e9galement engag\u00e9e ? Myst\u00e8re, mais il est problabe qu\u2019elle s\u2019effacera.<\/p>\n<p>Le programme complet de Citro\u00ebn en Formule E sera d\u00e9voil\u00e9 fin octobre, \u00e0 l\u2019occasion des essais de pr\u00e9-saison sur le circuit Ricardo-Tormo de Valence. Ces tests pr\u00e9pareront la premi\u00e8re course de la saison 12, programm\u00e9e \u00e0 S\u00e3o Paulo le 6 d\u00e9cembre.<\/p>\n<p class=\"cross-article__title\">\n        Cet article pourraitvous int\u00e9resser :    <\/p>\n<p>            <img decoding=\"async\" src=\"https:\/\/www.europesays.com\/fr\/wp-content\/uploads\/2025\/09\/italian-gp-2025-friday_ad933505-65c5-499b-8176-7cb3228a9258.jpg\"   alt=\"\"\/><\/p>\n<p>            <a href=\"https:\/\/mobiwisy.fr\/sport\/grille-de-depart-et-horaires-tv-du-grand-prix-f1-ditalie\" target=\"_blank\" rel=\"noopener\"><br \/>\n                Grille de d\u00e9part et horaires TV du Grand Prix F1 d\u2019Italie            <\/a><\/p>\n<p>Avec ce retour, Citro\u00ebn rejoint un plateau de constructeurs en pleine mutation, o\u00f9 l\u2019innovation technologique et la performance \u00e9lectrique sont au c\u0153ur de la comp\u00e9tition. Les prochains mois permettront de d\u00e9couvrir la strat\u00e9gie sportive et technique de la marque, ainsi que la composition exacte de l\u2019\u00e9quipe.<\/p>\n<p><strong>\u00c0 LIRE AUSSI : <a href=\"https:\/\/mobiwisy.fr\/sport\/recharge-de-fous-rires-en-formule-e-avec-le-pit-boost\" target=\"_blank\" rel=\"noopener\">Recharge de fous rires\u00a0en Formule E avec le Pit Boost ?<\/a><\/strong><\/p>\n","protected":false},"excerpt":{"rendered":"Citro\u00ebn confirme son engagement dans le championnat du monde de monoplaces \u00e9lectriques pour la prochaine saison 2025-2026. C\u2019est&hellip;\n","protected":false},"author":2,"featured_media":385140,"comment_status":"","ping_status":"","sticky":false,"template":"","format":"standard","meta":{"footnotes":""},"categories":[1412],"tags":[51793,7527,1451,5088,1452,1453,1454,8313,1455,1011,27,60],"class_list":{"0":"post-385139","1":"post","2":"type-post","3":"status-publish","4":"format-standard","5":"has-post-thumbnail","7":"category-f1","8":"tag-andre-citroen","9":"tag-citroen","10":"tag-f1","11":"tag-fia","12":"tag-formula-1","13":"tag-formula1","14":"tag-formule-1","15":"tag-formule-e","16":"tag-formule1","17":"tag-fr","18":"tag-france","19":"tag-sports"},"share_on_mastodon":{"url":"https:\/\/pubeurope.com\/@fr\/115191055422899169","error":""},"_links":{"self":[{"href":"https:\/\/www.europesays.com\/fr\/wp-json\/wp\/v2\/posts\/385139","targetHints":{"allow":["GET"]}}],"collection":[{"href":"https:\/\/www.europesays.com\/fr\/wp-json\/wp\/v2\/posts"}],"about":[{"href":"https:\/\/www.europesays.com\/fr\/wp-json\/wp\/v2\/types\/post"}],"author":[{"embeddable":true,"href":"https:\/\/www.europesays.com\/fr\/wp-json\/wp\/v2\/users\/2"}],"replies":[{"embeddable":true,"href":"https:\/\/www.europesays.com\/fr\/wp-json\/wp\/v2\/comments?post=385139"}],"version-history":[{"count":0,"href":"https:\/\/www.europesays.com\/fr\/wp-json\/wp\/v2\/posts\/385139\/revisions"}],"wp:featuredmedia":[{"embeddable":true,"href":"https:\/\/www.europesays.com\/fr\/wp-json\/wp\/v2\/media\/385140"}],"wp:attachment":[{"href":"https:\/\/www.europesays.com\/fr\/wp-json\/wp\/v2\/media?parent=385139"}],"wp:term":[{"taxonomy":"category","embeddable":true,"href":"https:\/\/www.europesays.com\/fr\/wp-json\/wp\/v2\/categories?post=385139"},{"taxonomy":"post_tag","embeddable":true,"href":"https:\/\/www.europesays.com\/fr\/wp-json\/wp\/v2\/tags?post=385139"}],"curies":[{"name":"wp","href":"https:\/\/api.w.org\/{rel}","templated":true}]}}