{"id":385143,"date":"2025-09-12T11:20:14","date_gmt":"2025-09-12T11:20:14","guid":{"rendered":"https:\/\/www.europesays.com\/fr\/385143\/"},"modified":"2025-09-12T11:20:14","modified_gmt":"2025-09-12T11:20:14","slug":"niakhate-bien-present-a-lentrainement-avant-rennes","status":"publish","type":"post","link":"https:\/\/www.europesays.com\/fr\/385143\/","title":{"rendered":"Niakhat\u00e9 bien pr\u00e9sent \u00e0 l\u2019entra\u00eenement avant Rennes"},"content":{"rendered":"<p>                            <img width=\"770\" height=\"433\" src=\"https:\/\/www.europesays.com\/fr\/wp-content\/uploads\/2025\/09\/AFP__20250831__72YZ94U__v1__HighRes__FblFraLigue1LyonMarseille-770x433.jpg\" class=\"attachment-article size-article wp-post-image\" alt=\"Moussa Niakhat\u00e9 (OL) face \u00e0 l'OM\" decoding=\"async\" fetchpriority=\"high\"  \/><\/p>\n<p>Moussa Niakhat\u00e9 (OL) face \u00e0 l\u2019OM (Photo by OLIVIER CHASSIGNOLE \/ AFP)<\/p>\n<p>Touch\u00e9 avec le S\u00e9n\u00e9gal durant la tr\u00eave internationale, Moussa Niakhat\u00e9 a particip\u00e9 \u00e0 la s\u00e9ance collective de l\u2019OL ce vendredi. Martin Satriano \u00e9tait, lui aussi, bien pr\u00e9sent.<\/p>\n<p>Apr\u00e8s deux semaines de tr\u00eave, l\u2019heure est \u00e0 la reprise de la comp\u00e9tition \u00e0 l\u2019OL. Sur une vague plus que positive avec trois victoires en trois journ\u00e9es, les Lyonnais ont parfaitement lanc\u00e9 leur saison apr\u00e8s un \u00e9t\u00e9 chaotique. Il faudra confirmer ce dimanche soir (20h45) \u00e0\u00a0<strong>Rennes<\/strong>\u00a0avec un d\u00e9placement toujours aussi p\u00e9rilleux en Bretagne. Pour cette vir\u00e9e bretonne, Paulo\u00a0<strong>Fonseca<\/strong>\u00a0devrait pouvoir compter sur Moussa\u00a0<strong>Niakhat\u00e9<\/strong>. Le d\u00e9fenseur central avait d\u00fb\u00a0<a href=\"https:\/\/www.olympique-et-lyonnais.com\/ol-moussa-niakhate-blesse-au-genou,378997.html\" target=\"_blank\" rel=\"noopener\">quitter pr\u00e9matur\u00e9ment<\/a>\u00a0le rassemblement du S\u00e9n\u00e9gal apr\u00e8s un coup lors du premier match des Lions de la Teranga. Touch\u00e9 au genou, il avait pass\u00e9 des examens compl\u00e9mentaires qui s\u2019\u00e9taient montr\u00e9s plut\u00f4t rassurants. Sa pr\u00e9sence \u00e0 l\u2019entra\u00eenement collectif ce vendredi renforce ce sentiment.<\/p>\n<p>Descamps titulaire ?<\/p>\n<p>Sera-t-il titulaire au Roahzon Park aux c\u00f4t\u00e9s de Clinton\u00a0<strong>Mata<\/strong>\u00a0pour poursuivre la s\u00e9rie de clean-sheet ? R\u00e9ponse dans les prochaines minutes avec la conf\u00e9rence de presse de Paulo\u00a0<strong>Fonseca<\/strong>\u00a0ou dans les prochaines heures. Ce vendredi, Fonseca comptait sur un groupe de 20 joueurs de champ et trois gardiens. Avec la pr\u00e9sence de R\u00e9my\u00a0<strong>Descamps<\/strong>\u00a0en conf\u00e9rence de presse, on peut supposer que le portier fran\u00e7ais sera\u00a0<a href=\"https:\/\/www.olympique-et-lyonnais.com\/a-rennes-enfin-lheure-du-choix-a-lol-entre-descamps-et-greif,379386.html\" target=\"_blank\" rel=\"noopener\">de nouveau titulaire<\/a>\u00a0dimanche soir au d\u00e9triment de Dominik\u00a0<strong>Greif<\/strong>. \u00c0 noter que le nouvel attaquant Martin\u00a0<strong>Satriano<\/strong>\u00a0\u00e9tait bien pr\u00e9sent pour cette pr\u00e9paration de Rennes &#8211; OL, avec les jeunes Ali\u00a0<strong>Hassan<\/strong>\u00a0et Ibrahim\u00a0<strong>Halilou<\/strong>\u00a0venus faire le nombre.<\/p>\n<p>\t\t\t\t\t<a href=\"https:\/\/www.olympique-et-lyonnais.com\/fonseca-confirme-descamps-pour-rennes-ol,379705.html\" title=\"Fonseca confirme Descamps pour Rennes - OL\" target=\"_blank\" rel=\"noopener\"><img loading=\"lazy\" width=\"580\" height=\"326\" src=\"https:\/\/www.europesays.com\/fr\/wp-content\/uploads\/2025\/09\/AFP__20250420__42X29DM__v1__HighRes__FblFraLigue1SaintEtienneLyon-e1745243491312-580x326.jpg\" class=\"attachment-actularge size-actularge wp-post-image\" alt=\"R\u00e9my Descamps (OL) sort sur corner face \u00e0 Saint-Etienne\" decoding=\"async\"  \/>\t\t\t\t\t<\/a><\/p>\n","protected":false},"excerpt":{"rendered":"Moussa Niakhat\u00e9 (OL) face \u00e0 l\u2019OM (Photo by OLIVIER CHASSIGNOLE \/ AFP) Touch\u00e9 avec le S\u00e9n\u00e9gal durant la&hellip;\n","protected":false},"author":2,"featured_media":385144,"comment_status":"","ping_status":"","sticky":false,"template":"","format":"standard","meta":{"footnotes":""},"categories":[1410],"tags":[63,1011,27,66,241,978,60],"class_list":{"0":"post-385143","1":"post","2":"type-post","3":"status-publish","4":"format-standard","5":"has-post-thumbnail","7":"category-football","8":"tag-football","9":"tag-fr","10":"tag-france","11":"tag-ligue-1","12":"tag-ol","13":"tag-olympique-lyonnais","14":"tag-sports"},"share_on_mastodon":{"url":"https:\/\/pubeurope.com\/@fr\/115191062722271602","error":""},"_links":{"self":[{"href":"https:\/\/www.europesays.com\/fr\/wp-json\/wp\/v2\/posts\/385143","targetHints":{"allow":["GET"]}}],"collection":[{"href":"https:\/\/www.europesays.com\/fr\/wp-json\/wp\/v2\/posts"}],"about":[{"href":"https:\/\/www.europesays.com\/fr\/wp-json\/wp\/v2\/types\/post"}],"author":[{"embeddable":true,"href":"https:\/\/www.europesays.com\/fr\/wp-json\/wp\/v2\/users\/2"}],"replies":[{"embeddable":true,"href":"https:\/\/www.europesays.com\/fr\/wp-json\/wp\/v2\/comments?post=385143"}],"version-history":[{"count":0,"href":"https:\/\/www.europesays.com\/fr\/wp-json\/wp\/v2\/posts\/385143\/revisions"}],"wp:featuredmedia":[{"embeddable":true,"href":"https:\/\/www.europesays.com\/fr\/wp-json\/wp\/v2\/media\/385144"}],"wp:attachment":[{"href":"https:\/\/www.europesays.com\/fr\/wp-json\/wp\/v2\/media?parent=385143"}],"wp:term":[{"taxonomy":"category","embeddable":true,"href":"https:\/\/www.europesays.com\/fr\/wp-json\/wp\/v2\/categories?post=385143"},{"taxonomy":"post_tag","embeddable":true,"href":"https:\/\/www.europesays.com\/fr\/wp-json\/wp\/v2\/tags?post=385143"}],"curies":[{"name":"wp","href":"https:\/\/api.w.org\/{rel}","templated":true}]}}