{"id":38515,"date":"2025-04-20T09:14:20","date_gmt":"2025-04-20T09:14:20","guid":{"rendered":"https:\/\/www.europesays.com\/fr\/38515\/"},"modified":"2025-04-20T09:14:20","modified_gmt":"2025-04-20T09:14:20","slug":"physiquement-on-a-plonge-peste-camara-montpellier","status":"publish","type":"post","link":"https:\/\/www.europesays.com\/fr\/38515\/","title":{"rendered":"\u00abPhysiquement, on a plong\u00e9\u00bb, peste Camara (Montpellier)"},"content":{"rendered":"<p>Ce samedi soir, Zoumana Camara a r\u00e9agi apr\u00e8s la nouvelle d\u00e9convenue des siens au V\u00e9lodrome par Marseille (5-1).<\/p>\n<p class=\"fig-paragraph\">Battu 5-1 \u00e0\u00a0<a href=\"http:\/\/www.lefigaro.fr\/sports\/football\/ligue-1\/ligue-1-marseille-ecrase-une-faible-equipe-de-montpellier-et-reprend-son-fauteuil-de-dauphin-20250419\" data-fig-type=\"NewsFlash\" data-gtm-custom-categorie=\"navigation\" data-gtm-custom-action=\"crossclick\" data-gtm-custom-label=\"Contextuel\" data-gtm-event=\"customEventSPE\" data-fig-domain=\"LEFIGARO\" target=\"_blank\" rel=\"noopener\">Marseille<\/a>\u00a0avec sa jeune \u00e9quipe, l&rsquo;entra\u00eeneur de Montpellier Zoumana Camara a expliqu\u00e9 savoir o\u00f9 il \u00abmettait les pieds\u00bb et a assur\u00e9 avoir trouv\u00e9 quelques satisfactions malgr\u00e9 la d\u00e9faite. \u00abOn a \u00e9t\u00e9 dans le plan de jeu souhait\u00e9, on savait qu&rsquo;on n&rsquo;aurait pas le contr\u00f4le du ballon. La premi\u00e8re p\u00e9riode a \u00e9t\u00e9 coh\u00e9rente, mais on encaisse encore un but t\u00f4t. Ensuite la deuxi\u00e8me, c&rsquo;est le lot d&rsquo;une \u00e9quipe qui n&rsquo;a rien qui va dans le bon sens. On n&rsquo;a pas de r\u00e9ussite sur le deuxi\u00e8me but et ensuite, physiquement on a plong\u00e9\u00bb, a r\u00e9sum\u00e9 Camara apr\u00e8s la partie.<\/p>\n<p class=\"fig-paragraph\">\u00abC&rsquo;est dur mais je savais o\u00f9 je mettais les pieds. Il y a toujours l&rsquo;esprit de comp\u00e9titeur, la rage, l&rsquo;envie de faire plus. Et j&rsquo;ai eu le sentiment en premi\u00e8re p\u00e9riode qu&rsquo;on pouvait les faire douter mais on ne l&rsquo;a pas fait assez longtemps\u00bb, a-t-il ajout\u00e9.<\/p>\n<p>\u00abPhysiquement, \u00e7a n\u2019a pas tenu\u00bb<\/p>\n<p class=\"fig-paragraph\">Le nouvel entra\u00eeneur montpelli\u00e9rain a ensuite expliqu\u00e9 qu&rsquo;il assumait son choix de lancer des jeunes joueurs et de laisser de c\u00f4t\u00e9 des cadres plus confirm\u00e9s, alors que son club jouera en Ligue 2 la saison prochaine sauf miracle. \u00abMes choix sont port\u00e9s vers la jeunesse et l&rsquo;avenir. Il y a des joueurs que j&rsquo;ai besoin de voir jouer pour construire la saison prochaine. Il y a des erreurs qui co\u00fbtent des buts mais je dois voir ces joueurs en situation\u00bb, a-t-il dit.<\/p>\n<p class=\"fig-paragraph\">\u00abCe qui fait d\u00e9faut, c&rsquo;est l&rsquo;efficacit\u00e9 dans les deux surfaces. On a des joueurs qui manquent un peu de verticalit\u00e9, de puissance et de vitesse. Les joueurs donnent ce qu&rsquo;ils ont et ils ont \u00e9t\u00e9 dans ce qu&rsquo;on voulait faire. Mais physiquement \u00e7a n&rsquo;a pas tenu\u00bb, a-t-il ajout\u00e9.<\/p>\n","protected":false},"excerpt":{"rendered":"Ce samedi soir, Zoumana Camara a r\u00e9agi apr\u00e8s la nouvelle d\u00e9convenue des siens au V\u00e9lodrome par Marseille (5-1).&hellip;\n","protected":false},"author":2,"featured_media":38516,"comment_status":"","ping_status":"","sticky":false,"template":"","format":"standard","meta":{"footnotes":""},"categories":[9599],"tags":[1111,11,525,1981,814,1777,674,2257,63,1011,27,3309,66,1307,955,463,2208,12,2680,1176,978,93,25,1980],"class_list":{"0":"post-38515","1":"post","2":"type-post","3":"status-publish","4":"format-standard","5":"has-post-thumbnail","7":"category-montpellier","8":"tag-actu","9":"tag-actualites","10":"tag-calendrier","11":"tag-classement","12":"tag-direct","13":"tag-eu","14":"tag-europe","15":"tag-foot","16":"tag-football","17":"tag-fr","18":"tag-france","19":"tag-l1","20":"tag-ligue-1","21":"tag-lille","22":"tag-match","23":"tag-mhsc","24":"tag-montpellier","25":"tag-news","26":"tag-occitanie","27":"tag-olympique-de-marseille","28":"tag-olympique-lyonnais","29":"tag-psg","30":"tag-republique-francaise","31":"tag-resultats"},"share_on_mastodon":{"url":"https:\/\/pubeurope.com\/@fr\/114369532120718443","error":""},"_links":{"self":[{"href":"https:\/\/www.europesays.com\/fr\/wp-json\/wp\/v2\/posts\/38515","targetHints":{"allow":["GET"]}}],"collection":[{"href":"https:\/\/www.europesays.com\/fr\/wp-json\/wp\/v2\/posts"}],"about":[{"href":"https:\/\/www.europesays.com\/fr\/wp-json\/wp\/v2\/types\/post"}],"author":[{"embeddable":true,"href":"https:\/\/www.europesays.com\/fr\/wp-json\/wp\/v2\/users\/2"}],"replies":[{"embeddable":true,"href":"https:\/\/www.europesays.com\/fr\/wp-json\/wp\/v2\/comments?post=38515"}],"version-history":[{"count":0,"href":"https:\/\/www.europesays.com\/fr\/wp-json\/wp\/v2\/posts\/38515\/revisions"}],"wp:featuredmedia":[{"embeddable":true,"href":"https:\/\/www.europesays.com\/fr\/wp-json\/wp\/v2\/media\/38516"}],"wp:attachment":[{"href":"https:\/\/www.europesays.com\/fr\/wp-json\/wp\/v2\/media?parent=38515"}],"wp:term":[{"taxonomy":"category","embeddable":true,"href":"https:\/\/www.europesays.com\/fr\/wp-json\/wp\/v2\/categories?post=38515"},{"taxonomy":"post_tag","embeddable":true,"href":"https:\/\/www.europesays.com\/fr\/wp-json\/wp\/v2\/tags?post=38515"}],"curies":[{"name":"wp","href":"https:\/\/api.w.org\/{rel}","templated":true}]}}