{"id":385153,"date":"2025-09-12T11:25:10","date_gmt":"2025-09-12T11:25:10","guid":{"rendered":"https:\/\/www.europesays.com\/fr\/385153\/"},"modified":"2025-09-12T11:25:10","modified_gmt":"2025-09-12T11:25:10","slug":"keren-ann-touche-en-plein-coeur-avec-paris-amour-un-album-entre-groove-et-melancolie-telerama","status":"publish","type":"post","link":"https:\/\/www.europesays.com\/fr\/385153\/","title":{"rendered":"Keren Ann touche en plein c\u0153ur avec \u201cParis amour\u201d, un album entre groove et m\u00e9lancolie &#8211; T\u00e9l\u00e9rama"},"content":{"rendered":"<ol>\n<li><a href=\"https:\/\/news.google.com\/rss\/articles\/CBMiywFBVV95cUxPd0N2ZlI1N053UVd2a3dRYzBfZEZldjVjWWNNQUhsaFY0a21Vam0tT0M4cEUxamkweXBzWkRCSnhoVkxOU21mdG14MHZ4OEgzVTZhM2R0MnpIR0JaYm5HOHM4Q0h2SDBiSG1lSnY1eC1Xb1BQbXpnMWdoR0t2akpzRUdnWTZ1QnhLT1BFZTNxcjYwSWt5cVE2RW5LQ1U4dmdkMmdZQUVtWTBlOUpnemdYTWE2OE1lS1l2V2ZsTW5EM1hyWkQwemNtbWQ5bw?oc=5\" target=\"_blank\" rel=\"nofollow noopener\">Keren Ann touche en plein c\u0153ur avec \u201cParis amour\u201d, un album entre groove et m\u00e9lancolie<\/a>&nbsp;&nbsp;T\u00e9l\u00e9rama<\/li>\n<li><a href=\"https:\/\/news.google.com\/rss\/articles\/CBMi4wFBVV95cUxQQjhHcjJ3eEF6MW9FSGVUOGd3TXVfa245WDZDTVljTjhDYk9aUHQ0ZmxQSklkRjdVbmtCV2JMd190Y0E3LUNMQ0pfWW5FcGJSZ2psOFVaRm5XcVh3OHFFVnoxNkp5OHFGVzk3ak9oQ2liQWJPVUlJenVtamI5N3ZhbVkyZUZyaDJORzJJRjE2YVVDbVh1VHRNbTY3OGF1V3B4a2ctWHN6OVdXZURjaGxDVmNMaDdMc2UtMDUwV1dPY3JBRERkV01IeXgxQnFOSEV3amNsQVJUQnc3TWdzR0pUSElxcw?oc=5\" target=\"_blank\" rel=\"nofollow noopener\">Mode, cuisine, musique dans votre Version Femina avec Presse Oc\u00e9an<\/a>&nbsp;&nbsp;Ouest-France<\/li>\n<li><a href=\"https:\/\/news.google.com\/rss\/articles\/CBMiqAFBVV95cUxOZ0FYSHdHeFhBT0VrbkUtQWpDVDhRN1hNc2hHcnF6ZDlld1ZreWtITXdRejdHbHktZXJtWlVJb0pMTi0yMlh1MmF2NU1tR3FVTDQ4OWo2dmQyVVd1Z1NOYWlzbkxJRlg5S0VnRU5NY3dwZnBHdFdDUkoyVndHWmZZNVlXNnRjTDBpNDFweHZvMVp0YS0xN0dEYzU3UG12NE5McmhrM25MZTI?oc=5\" target=\"_blank\" rel=\"nofollow noopener\">La ballade de Keren Ann<\/a>&nbsp;&nbsp;Radio France<\/li>\n<li><a href=\"https:\/\/news.google.com\/rss\/articles\/CBMitwFBVV95cUxNNkd3OXZjaVFXdEVOUFJTWGVVX3gyV01GOVpwcTNrVlVhYmg0T0xhWko4dG1PY3NBb25WTldPRzlyVFdwN0k4Q2ZJZHRTcnIzNjEzVTdkSzU5dWN2Mmo0dkVabVVyNFNTTzV1Vk9JOFpyZ0ZQYlJRcmNWcV9oVld2UXZpM0VydXUxY0RzM25EMVR1eldOVjlRcE1sZDBuT1ZNLVJjcGlqVV9NVk9EYmc4QVJ4ekZ2Ums?oc=5\" target=\"_blank\" rel=\"nofollow noopener\">INTERVIEW &#8211; Keren Ann : \u2019\u2019J\u2019aime encore les hommes qui m\u2019ont accompagn\u00e9e\u2019\u2019<\/a>&nbsp;&nbsp;Gala<\/li>\n<li><a href=\"https:\/\/news.google.com\/rss\/articles\/CBMiugFBVV95cUxQYnpFSjhZbzJzTW8zZlBMaG9nQlVybnBjSTlScW5Jd2V0NHZuY3QySUxfbzI3OExiWGJjSUFGbGJXRGJCVkM5aEVDX1lQSm11Y1dWeHdQME5HMTBmNDMxLWVGM0RQeXBNTVAwX2pqYUJ6STV2dU5vVkJoNm1aMngyUFllbGdjQlVSVU9PNnBaT0xZTV9EekZpNHN6NElBU0cySXJQTE5jcFJPVE1QQjFTV0NFeWRLcUlaS1E?oc=5\" target=\"_blank\" rel=\"nofollow noopener\">Keren Ann chante son amour de Paris dans son 10e album<\/a>&nbsp;&nbsp;RFI<\/li>\n<\/ol>\n","protected":false},"excerpt":{"rendered":"Keren Ann touche en plein c\u0153ur avec \u201cParis amour\u201d, un album entre groove et m\u00e9lancolie&nbsp;&nbsp;T\u00e9l\u00e9rama Mode, cuisine, musique&hellip;\n","protected":false},"author":2,"featured_media":385154,"comment_status":"","ping_status":"","sticky":false,"template":"","format":"standard","meta":{"footnotes":""},"categories":[1355],"tags":[58,59,1011,27,1361,873],"class_list":{"0":"post-385153","1":"post","2":"type-post","3":"status-publish","4":"format-standard","5":"has-post-thumbnail","7":"category-musique","8":"tag-divertissement","9":"tag-entertainment","10":"tag-fr","11":"tag-france","12":"tag-music","13":"tag-musique"},"share_on_mastodon":{"url":"https:\/\/pubeurope.com\/@fr\/115191082134370173","error":""},"_links":{"self":[{"href":"https:\/\/www.europesays.com\/fr\/wp-json\/wp\/v2\/posts\/385153","targetHints":{"allow":["GET"]}}],"collection":[{"href":"https:\/\/www.europesays.com\/fr\/wp-json\/wp\/v2\/posts"}],"about":[{"href":"https:\/\/www.europesays.com\/fr\/wp-json\/wp\/v2\/types\/post"}],"author":[{"embeddable":true,"href":"https:\/\/www.europesays.com\/fr\/wp-json\/wp\/v2\/users\/2"}],"replies":[{"embeddable":true,"href":"https:\/\/www.europesays.com\/fr\/wp-json\/wp\/v2\/comments?post=385153"}],"version-history":[{"count":0,"href":"https:\/\/www.europesays.com\/fr\/wp-json\/wp\/v2\/posts\/385153\/revisions"}],"wp:featuredmedia":[{"embeddable":true,"href":"https:\/\/www.europesays.com\/fr\/wp-json\/wp\/v2\/media\/385154"}],"wp:attachment":[{"href":"https:\/\/www.europesays.com\/fr\/wp-json\/wp\/v2\/media?parent=385153"}],"wp:term":[{"taxonomy":"category","embeddable":true,"href":"https:\/\/www.europesays.com\/fr\/wp-json\/wp\/v2\/categories?post=385153"},{"taxonomy":"post_tag","embeddable":true,"href":"https:\/\/www.europesays.com\/fr\/wp-json\/wp\/v2\/tags?post=385153"}],"curies":[{"name":"wp","href":"https:\/\/api.w.org\/{rel}","templated":true}]}}