{"id":385160,"date":"2025-09-12T11:29:08","date_gmt":"2025-09-12T11:29:08","guid":{"rendered":"https:\/\/www.europesays.com\/fr\/385160\/"},"modified":"2025-09-12T11:29:08","modified_gmt":"2025-09-12T11:29:08","slug":"plus-sexy-que-jamais-margot-robbie-fait-son-grand-retour-en-robe-bijou-transparente","status":"publish","type":"post","link":"https:\/\/www.europesays.com\/fr\/385160\/","title":{"rendered":"Plus sexy que jamais, Margot Robbie fait son grand retour en robe bijou transparente"},"content":{"rendered":"<p>C\u2019est ce qui s\u2019appelle un retour retentissant. Apr\u00e8s s\u2019\u00eatre accord\u00e9 un cong\u00e9 maternit\u00e9 de plusieurs mois, Margot Robbie a fait son grand retour sous les feux des projecteurs ce 11\u00a0septembre. L\u2019actrice australienne \u00e9tait \u00e0 Londres jeudi soir pour promouvoir son nouveau film, \u00ab\u00a0A Big Bold Beautiful Journey\u00a0\u00bb. Une com\u00e9die romantique et fantastique sign\u00e9e Kogonada, dans lequel elle donne la r\u00e9plique \u00e0 Colin Farrell.<\/p>\n<p>Si elle a fait son arriv\u00e9e sur le tapis rouge avec un long manteau noir sur les \u00e9paules, Margot Robbie l\u2019a finalement mis de c\u00f4t\u00e9 pour d\u00e9voiler une tenue de soir\u00e9e aussi audacieuse qu\u2019\u00e9clatante\u00a0: une robe dos nu et transparente tout en strass. Un look \u00e0 la fois sophistiqu\u00e9 et os\u00e9 d\u00e9nich\u00e9 chez Armani Priv\u00e9 et sa collection couture printemps-\u00e9t\u00e9 2025. Un hommage subtil au d\u00e9funt <a href=\"https:\/\/www.parismatch.com\/People\/drapeaux-en-berne-vitrines-eteintes-et-minute-de-silence-giorgio-armani-plonge-milan-dans-le-deuil-256746\" rel=\"nofollow noopener\" target=\"_blank\">Giorgio Armani, d\u00e9c\u00e9d\u00e9 le 4\u00a0septembre<\/a> dernier\u00a0? A moins que ce ne soit une r\u00e9ponse aux critiques sur sa silhouette plus en formes apr\u00e8s la naissance de son petit gar\u00e7on\u2026<\/p>\n<p>    La suite apr\u00e8s cette publicit\u00e9<\/p>\n<p>Margot Robbie et son mari, le producteur anglais Tom Ackerley, ont accueilli leur premier enfant &#8211; <a href=\"https:\/\/www.parismatch.com\/people\/margot-robbie-maman-elle-accouche-de-son-premier-enfant-243181\" rel=\"nofollow noopener\" target=\"_blank\">un petit gar\u00e7on au myst\u00e9rieux pr\u00e9nom<\/a>&#8211; en novembre dernier. La jeune maman de 35\u00a0ans a ensuite essuy\u00e9 des remarques d\u00e9plac\u00e9es sur sa prise de poids li\u00e9e \u00e0 sa grossesse. Faisant fi de ses d\u00e9tracteurs, la star de \u00ab\u00a0Barbie\u00a0\u00bb s\u2019est <a href=\"https:\/\/www.parismatch.com\/People\/margot-robbie-ses-premieres-confidences-sur-sa-vie-de-maman-255948\" rel=\"nofollow noopener\" target=\"_blank\">confi\u00e9e sur sa maternit\u00e9 \u00e9panouie<\/a> au d\u00e9but de la promotion du film \u00ab\u00a0A Big Bold Beautiful Journey\u00a0\u00bb fin ao\u00fbt\u00a0: \u00ab\u00a0C\u2019est ce qu\u2019il y a de mieux. C\u2019est dr\u00f4le, quand on essaie d\u2019expliquer \u00e0 quelqu\u2019un qui a des enfants, en fait il n\u2019y a pas besoin parce qu\u2019ils comprennent. Et si ce n\u2019est pas le cas, c\u2019est sans doute vraiment ennuyeux \u00e0 entendre.\u00a0\u00bb<\/p>\n<p>    La suite apr\u00e8s cette publicit\u00e9<\/p>\n<p>Margot Robbie de retour avec deux films<\/p>\n<p>Pour son retour sur grand \u00e9cran, Margot Robbie revient donc avec une romance fantastique r\u00e9alis\u00e9e par l\u2019Am\u00e9ricain Kogonada. Dans \u00ab\u00a0A Big Bold Beautiful Journey\u00a0\u00bb, la star incarne Sarah face \u00e0 Colin Farrell, qui joue quant \u00e0 lui le personnage de David. Ces deux\u00a0inconnus c\u00e9libataires se rencontrent lors du mariage d\u2019un ami commun et, par un incroyable coup du sort, se lancent ensemble dans une aventure grandiose o\u00f9 ils revivent des instants marquants de leurs vies respectives. Un film qui sortira le 1er\u00a0octobre en France.<\/p>\n<p>On retrouvera ensuite Margot Robbie au c\u00f4t\u00e9 de Jacob Elordi <a href=\"https:\/\/www.parismatch.com\/culture\/cinema\/je-te-suivrai-partout-tel-un-chien-jacob-elordi-amoureux-de-margot-robbie-dans-hurlement-256542\" rel=\"nofollow noopener\" target=\"_blank\">dans le remake des \u00ab\u00a0Hauts de Hurlevent\u00a0\u00bb<\/a>, par Emerald Fennell, dont la bande-annonce a \u00e9t\u00e9 d\u00e9voil\u00e9e d\u00e9but septembre, avant une sortie pr\u00e9vue le 11\u00a0f\u00e9vrier prochain.<\/p>\n","protected":false},"excerpt":{"rendered":"C\u2019est ce qui s\u2019appelle un retour retentissant. Apr\u00e8s s\u2019\u00eatre accord\u00e9 un cong\u00e9 maternit\u00e9 de plusieurs mois, Margot Robbie&hellip;\n","protected":false},"author":2,"featured_media":385161,"comment_status":"","ping_status":"","sticky":false,"template":"","format":"standard","meta":{"footnotes":""},"categories":[8],"tags":[58,59,1011,27],"class_list":{"0":"post-385160","1":"post","2":"type-post","3":"status-publish","4":"format-standard","5":"has-post-thumbnail","7":"category-divertissement","8":"tag-divertissement","9":"tag-entertainment","10":"tag-fr","11":"tag-france"},"share_on_mastodon":{"url":"https:\/\/pubeurope.com\/@fr\/115191097860146145","error":""},"_links":{"self":[{"href":"https:\/\/www.europesays.com\/fr\/wp-json\/wp\/v2\/posts\/385160","targetHints":{"allow":["GET"]}}],"collection":[{"href":"https:\/\/www.europesays.com\/fr\/wp-json\/wp\/v2\/posts"}],"about":[{"href":"https:\/\/www.europesays.com\/fr\/wp-json\/wp\/v2\/types\/post"}],"author":[{"embeddable":true,"href":"https:\/\/www.europesays.com\/fr\/wp-json\/wp\/v2\/users\/2"}],"replies":[{"embeddable":true,"href":"https:\/\/www.europesays.com\/fr\/wp-json\/wp\/v2\/comments?post=385160"}],"version-history":[{"count":0,"href":"https:\/\/www.europesays.com\/fr\/wp-json\/wp\/v2\/posts\/385160\/revisions"}],"wp:featuredmedia":[{"embeddable":true,"href":"https:\/\/www.europesays.com\/fr\/wp-json\/wp\/v2\/media\/385161"}],"wp:attachment":[{"href":"https:\/\/www.europesays.com\/fr\/wp-json\/wp\/v2\/media?parent=385160"}],"wp:term":[{"taxonomy":"category","embeddable":true,"href":"https:\/\/www.europesays.com\/fr\/wp-json\/wp\/v2\/categories?post=385160"},{"taxonomy":"post_tag","embeddable":true,"href":"https:\/\/www.europesays.com\/fr\/wp-json\/wp\/v2\/tags?post=385160"}],"curies":[{"name":"wp","href":"https:\/\/api.w.org\/{rel}","templated":true}]}}