{"id":385162,"date":"2025-09-12T11:30:08","date_gmt":"2025-09-12T11:30:08","guid":{"rendered":"https:\/\/www.europesays.com\/fr\/385162\/"},"modified":"2025-09-12T11:30:08","modified_gmt":"2025-09-12T11:30:08","slug":"bonne-nouvelle-vous-navez-pas-besoin-dune-montre-apple-pour-profiter-de-la-meilleure-nouveaute-de-lapple-watch-series-11-frandroid","status":"publish","type":"post","link":"https:\/\/www.europesays.com\/fr\/385162\/","title":{"rendered":"Bonne nouvelle, vous n&#039;avez pas besoin d&#039;une montre Apple pour profiter de la meilleure nouveaut\u00e9 de l&#039;Apple Watch Series 11 &#8211; Frandroid"},"content":{"rendered":"<ol>\n<li><a href=\"https:\/\/news.google.com\/rss\/articles\/CBMi_AFBVV95cUxOWTlhdVZuQVY2dk12Sk9vSUNZX3dIVW5QbVJCYjNtUXVvanVKOFJ3R191TGI3VUZzX1YyOVJZRjgzLXFRRXBQQ1VBYlJiMndRSjNnTWxESGVOTDFNTWQ1WVRJSWlneFpKcE9zRzlWQ04wSEFtZDBvWEJZR2JsdmlCd0luU1hkTlFPcmZEUlVhY1VJa05nQ0Y0YUJ3S3pzTzhwcWpLOEFZZU1SNk14LVozMzc3aERLMmVhdHFQZlNqVm56NlpCdFJVYW43VXEyYThQc1gtM3BWSHJmbUREWWw5a0JHcTVYNjA5dUl1anotX2FlaGVPWlRXWXl2RWI?oc=5\" target=\"_blank\" rel=\"nofollow noopener\">Bonne nouvelle, vous n&rsquo;avez pas besoin d&rsquo;une montre Apple pour profiter de la meilleure nouveaut\u00e9 de l&rsquo;Apple Watch Series 11<\/a>&nbsp;&nbsp;Frandroid<\/li>\n<li><a href=\"https:\/\/news.google.com\/rss\/articles\/CBMiWEFVX3lxTE9NN0R0S0lEcG1YclpmcDdPM2ttckRCT0FTejVvaHlCLXphMjNqT2NyNXZYWHJUTjdZb1pkZXpzWTJhanZiNWpnYlZYeUhTcmRVZ1QwcmJSRGg?oc=5\" target=\"_blank\" rel=\"nofollow noopener\">Apple Watch Ultra 3<\/a>&nbsp;&nbsp;Apple<\/li>\n<li><a href=\"https:\/\/news.google.com\/rss\/articles\/CBMi6gFBVV95cUxORzlJZFFYYmViMzliS1N0SFpxVUY1b19VbUhUZkFEYVhyUzl2aDBXbnJMcm1qZ2NJNldJXzJIVDd6OHdCZzZlSXl4VHlYcnIyNkF4b0tKNEdQNlZmSVJScFJCZE9Dd3pWNzJxelc1ZE1yVEVrX0dyWDhyRzh1QnRsSVBPZzdXWEhVWG4yN0lOeEQ3OGtKQmx3RkJSaUxpZm5mZFEwMG84Nk5BeFFBQlNVVGxSYUVac0ZEMTV3U2RLeFItR1Z1TF81c19NTkZBaF83cUNIcy03MDJ3RUlDTmNhQlRFN0JFbFBTckE?oc=5\" target=\"_blank\" rel=\"nofollow noopener\">Apple Watch Series 11, Ultra 3 et SE 3: d\u00e9tection de l&rsquo;hypertension, meilleure autonomie, toutes les nouveaut\u00e9s \u00e0 retenir des montres connect\u00e9es d&rsquo;Apple<\/a>&nbsp;&nbsp;BFMTV<\/li>\n<li><a href=\"https:\/\/news.google.com\/rss\/articles\/CBMirAJBVV95cUxOdGZiQ3R0WlRZUlpCX3pidE1xTk1hWHpOX1RxaFR3akRTZVZXemdfUmdxYTRMTmFqMm9sRUxfN19ROHJ5WUNPNGN1M1lSSy1CWHViSnlLWjlmWjd4UWR0Zmp4cUx4SzQwS3pFNWU5ZGdsUWhwdS1ZVWxZcmFRbmJYai1HNlZVUU82bkxoVmxWMk8xakxCTU1xcHdEaFNSM2JiMmxVby00bWdmU3ZzNjlZQlpCcUJ2VVI5X0tTOXNoU0JZV05ITGhGWTRlaUtTdGtiNEcyN3V0YkExS3JBMG1zNmdOWV9LX0lkWDNZOEN6bHdmY0ZDMV9TVUlpdWdDZFZ3MURrYUo2eG1WY0J5Z3BUQm1sbzlGWE1Wdi0xMkU4dVlzY3dpQU9ScHBZaVTSAbICQVVfeXFMTWZaQXBCWUdTa2dBMG4wNjF5SklSS2dVMVVYMHpGUlROMlJxNzdhbGZLaENBdHhLcU0wX1lzbUVCeU4xUVg1RE9oTk9fZmtNSXZrTkFScUluVktOQ2FkbVAwcUltM1B1VGJMd3E2enBDVU5aVWh4NFZHNlQ0QjgzMUhQV1ZEb3RscGtDNlRxNTlBYzRyWDRKcVBqMDZocHNaUWpEaEF2NHI3ODlUWVBpSGY5bTh0Uzk0NWR3NGR1SjJ3eE5HR0l5bmdzYmpCX2sycVVuVjBfeWhLaV92RmpNd1p1NjJDNGZwOU9KcUJpNWN4Z0JWeEIyVUVJd1V1c1JWN0g1OFNLRGFmeHRIZjF4cDVLS1hxOUgwV0pHRzFhRjBLeHpwYWwyWjE2dUUzbC1hYUZn?oc=5\" target=\"_blank\" rel=\"nofollow noopener\">La d\u00e9tection de l&rsquo;hypertension par l&rsquo;Apple Watch sera disponible la semaine prochaine apr\u00e8s l&rsquo;accord de la FDA<\/a>&nbsp;&nbsp;Boursorama<\/li>\n<li><a href=\"https:\/\/news.google.com\/rss\/articles\/CBMirAFBVV95cUxQbGJ1bXBJSE92ZWxrTFZXdzVZRTQ4d096cU0zTkhkLVpJdGZkYzF1S2ZhZnlYN2QtYkt1ay1IREY2QVVxQzh2Q3NWMzI0ODZpLVZFR3ZULTVFUVhydDlQYlZ0MHo0SC1VempDNEFBekd2YlhwTDVmY3VPY2M5dV9pVnFDOXJwdTdibk9OakxFd3VQSG9oUFdtTm5vRi14R1ducXY1bTBUWXFKZ2E0?oc=5\" target=\"_blank\" rel=\"nofollow noopener\">Tous les pays n\u2019auront pas droit \u00e0 la 5G dans les nouvelles Apple Watch<\/a>&nbsp;&nbsp;01net.com<\/li>\n<\/ol>\n","protected":false},"excerpt":{"rendered":"Bonne nouvelle, vous n&rsquo;avez pas besoin d&rsquo;une montre Apple pour profiter de la meilleure nouveaut\u00e9 de l&rsquo;Apple Watch&hellip;\n","protected":false},"author":2,"featured_media":1445,"comment_status":"","ping_status":"","sticky":false,"template":"","format":"standard","meta":{"footnotes":""},"categories":[7],"tags":[1011,27,43,40,41,39,42,44],"class_list":{"0":"post-385162","1":"post","2":"type-post","3":"status-publish","4":"format-standard","5":"has-post-thumbnail","7":"category-sciences-et-technologies","8":"tag-fr","9":"tag-france","10":"tag-science","11":"tag-science-and-technology","12":"tag-sciences","13":"tag-sciences-et-technologies","14":"tag-technologies","15":"tag-technology"},"share_on_mastodon":{"url":"https:\/\/pubeurope.com\/@fr\/115191101806493550","error":""},"_links":{"self":[{"href":"https:\/\/www.europesays.com\/fr\/wp-json\/wp\/v2\/posts\/385162","targetHints":{"allow":["GET"]}}],"collection":[{"href":"https:\/\/www.europesays.com\/fr\/wp-json\/wp\/v2\/posts"}],"about":[{"href":"https:\/\/www.europesays.com\/fr\/wp-json\/wp\/v2\/types\/post"}],"author":[{"embeddable":true,"href":"https:\/\/www.europesays.com\/fr\/wp-json\/wp\/v2\/users\/2"}],"replies":[{"embeddable":true,"href":"https:\/\/www.europesays.com\/fr\/wp-json\/wp\/v2\/comments?post=385162"}],"version-history":[{"count":0,"href":"https:\/\/www.europesays.com\/fr\/wp-json\/wp\/v2\/posts\/385162\/revisions"}],"wp:featuredmedia":[{"embeddable":true,"href":"https:\/\/www.europesays.com\/fr\/wp-json\/wp\/v2\/media\/1445"}],"wp:attachment":[{"href":"https:\/\/www.europesays.com\/fr\/wp-json\/wp\/v2\/media?parent=385162"}],"wp:term":[{"taxonomy":"category","embeddable":true,"href":"https:\/\/www.europesays.com\/fr\/wp-json\/wp\/v2\/categories?post=385162"},{"taxonomy":"post_tag","embeddable":true,"href":"https:\/\/www.europesays.com\/fr\/wp-json\/wp\/v2\/tags?post=385162"}],"curies":[{"name":"wp","href":"https:\/\/api.w.org\/{rel}","templated":true}]}}