{"id":385163,"date":"2025-09-12T11:31:12","date_gmt":"2025-09-12T11:31:12","guid":{"rendered":"https:\/\/www.europesays.com\/fr\/385163\/"},"modified":"2025-09-12T11:31:12","modified_gmt":"2025-09-12T11:31:12","slug":"lindonesie-prend-le-controle-dune-partie-de-la-plus-grande-mine-de-nickel-au-monde-12-09-2025-a-1241","status":"publish","type":"post","link":"https:\/\/www.europesays.com\/fr\/385163\/","title":{"rendered":"L&rsquo;Indon\u00e9sie prend le contr\u00f4le d&rsquo;une partie de la plus grande mine de nickel au monde &#8211; 12\/09\/2025 \u00e0 12:41"},"content":{"rendered":"<p>        <img fetchpriority=\"high\" decoding=\"async\" src=\"https:\/\/www.europesays.com\/fr\/wp-content\/uploads\/2025\/09\/f569aa323b0e76bb9e38cb33084c77f4-760x507.jpg\" alt=\"La concession mini\u00e8re de Weda Bay Nickel, critiqu\u00e9e pour ses effets sur la for\u00eat environnante, s'\u00e9tend sur 45.000 hectares sur l'\u00eele de Halmahera aux Moluques (est). ( AFP \/ YASUYOSHI CHIBA )\" loading=\"eager\" width=\"760\" height=\"507\" style=\"max-width: 100%!important; height: auto;\"\/><\/p>\n<p class=\"c-image-news__legend\">La concession mini\u00e8re de Weda Bay Nickel, critiqu\u00e9e pour ses effets sur la for\u00eat environnante, s&rsquo;\u00e9tend sur 45.000 hectares sur l&rsquo;\u00eele de Halmahera aux Moluques (est). ( AFP \/ YASUYOSHI CHIBA )<\/p>\n<p>\n Les autorit\u00e9s indon\u00e9siennes ont pris le contr\u00f4le d&rsquo;une partie de la plus grande mine de nickel au monde, en partie d\u00e9tenue de fa\u00e7on indirecte par le groupe minier fran\u00e7ais Eramet, en raison de l&rsquo;absence de permis forestier, a d\u00e9clar\u00e9 un responsable indon\u00e9sien.\n<\/p>\n<p>\n La mine Weda Bay Nickel, critiqu\u00e9e pour ses effets sur la for\u00eat environnante, s&rsquo;\u00e9tend sur 45.000 hectares sur l&rsquo;\u00eele de Halmahera aux Moluques (est).\n<\/p>\n<p>\n Les autorit\u00e9s ont d\u00e9sormais saisi pr\u00e8s de 150 hectares qui empi\u00e9taient sur des zones foresti\u00e8res sans permis, a d\u00e9clar\u00e9 \u00e0 l&rsquo;AFP Anang Supriatna, porte-parole du bureau du procureur g\u00e9n\u00e9ral indon\u00e9sien.\n<\/p>\n<p>\n Les autorit\u00e9s ont \u00ab\u00a0pris le contr\u00f4le de la zone (&#8230;) et le terrain sera restitu\u00e9 au gouvernement\u00a0\u00bb, a-t-il ajout\u00e9.\n<\/p>\n<p>\n Weda Bay Nickel (WBN) est une soci\u00e9t\u00e9 commune entre le groupe indon\u00e9sien Antam et la soci\u00e9t\u00e9 singapourienne Strand Minerals, qui a elle-m\u00eame pour actionnaires le groupe minier fran\u00e7ais Eramet et le g\u00e9ant chinois de la sid\u00e9rurgie Tsingshan.\n<\/p>\n<p>\n Dans un communiqu\u00e9, Eramet a indiqu\u00e9 que la zone saisie \u00e9tait \u00ab\u00a0une carri\u00e8re produisant des roches pour les mat\u00e9riaux de construction et d&rsquo;entretien\u00a0\u00bb et que les op\u00e9rations mini\u00e8res n&rsquo;\u00e9taient pas affect\u00e9es.\n<\/p>\n<p>\n De son c\u00f4t\u00e9, dans un communiqu\u00e9, Weda Bay Nickel a d\u00e9clar\u00e9 travailler avec les autorit\u00e9s comp\u00e9tentes pour clarifier tous les permis existants.\n<\/p>\n<p>\n \u00ab\u00a0Nous restons d\u00e9termin\u00e9s \u00e0 assumer l&rsquo;enti\u00e8re responsabilit\u00e9 de toute violation potentielle et \u00e0 mettre en \u0153uvre des mesures correctives\u00a0\u00bb, a d\u00e9clar\u00e9 la soci\u00e9t\u00e9.\n<\/p>\n<p> &#8211; 17% de la production mondiale &#8211;<\/p>\n<p>\n WBN indique repr\u00e9senter 17% de la production mondiale de nickel en 2023. L&rsquo;exploitation du site fait l&rsquo;objet de critiques r\u00e9currentes en raison du danger que son exploitation fait peser sur la for\u00eat et sur la survie d&rsquo;une tribu qui y vit sans contcat avec la civilisation moderne.\n<\/p>\n<p>\n Une enqu\u00eate de l&rsquo;AFP men\u00e9e en juin a ainsi montr\u00e9 les effets sur les membres de l&rsquo;une des derni\u00e8res communaut\u00e9s de chasseurs-cueilleurs isol\u00e9es du pays, la tribu indig\u00e8ne des Hongana Manyawa.\n<\/p>\n<p>\n Cette communaut\u00e9 affirme que la for\u00eat dont elle d\u00e9pend depuis toujours pour se nourrir et s&rsquo;abriter est d\u00e9truite par la d\u00e9forestation et la d\u00e9gradation de l&rsquo;environnement li\u00e9es \u00e0 la mine.\n<\/p>\n<p>\n WBN rejette les all\u00e9gations et affirme s&rsquo;engager en faveur d&rsquo;une \u00ab\u00a0exploitation mini\u00e8re responsable et de la protection de l&rsquo;environnement\u00a0\u00bb.\n<\/p>\n<p>\n Des militants pour la protection de l&rsquo;environnement estiment que cette saisie n&rsquo;est pas susceptible de modifier l&rsquo;impact plus large de la concession sur les communaut\u00e9s locales. Ils exhortent le gouvernement \u00e0 remettre les terres saisies aux r\u00e9sidents concern\u00e9s.\n<\/p>\n<p>\n \u00ab\u00a0Si la saisie vise \u00e0 b\u00e9n\u00e9ficier au peuple, alors c&rsquo;est le peuple qui devrait g\u00e9rer (le terrain)\u00a0\u00bb, a d\u00e9clar\u00e9 \u00e0 l&rsquo;AFP Melky Nahar, coordinateur du groupe environnemental Mining Advocacy Network.\n<\/p>\n<p>\n Le nickel est au c\u0153ur de la strat\u00e9gie de croissance de l&rsquo;Indon\u00e9sie, qui a interdit les exportations de minerai en 2020 afin de mieux le valoriser.\n<\/p>\n<p>\n L&rsquo;Indon\u00e9sie est \u00e0 la fois le plus grand producteur mondial de ce minerai et le pays qui en poss\u00e8de les plus grandes r\u00e9serves connues.\n<\/p>\n<p>\n Selon des donn\u00e9es officielles, l&rsquo;exploitation mini\u00e8re, domin\u00e9e par le charbon et le nickel, repr\u00e9sentait pr\u00e8s de 9% du PIB indon\u00e9sien au premier trimestre 2025.<\/p>\n","protected":false},"excerpt":{"rendered":"La concession mini\u00e8re de Weda Bay Nickel, critiqu\u00e9e pour ses effets sur la for\u00eat environnante, s&rsquo;\u00e9tend sur 45.000&hellip;\n","protected":false},"author":2,"featured_media":385164,"comment_status":"","ping_status":"","sticky":false,"template":"","format":"standard","meta":{"footnotes":""},"categories":[6],"tags":[400,398,408,35,405,33,34,1011,27,403,402,399,404,401,406,407],"class_list":{"0":"post-385163","1":"post","2":"type-post","3":"status-publish","4":"format-standard","5":"has-post-thumbnail","7":"category-economie","8":"tag-action-cac-40","9":"tag-bourse-de-paris","10":"tag-boursorama","11":"tag-business","12":"tag-cotations","13":"tag-economie","14":"tag-economy","15":"tag-fr","16":"tag-france","17":"tag-indices-devises","18":"tag-investir","19":"tag-investissement","20":"tag-marche-boursier","21":"tag-sicav","22":"tag-trackers","23":"tag-warrants"},"share_on_mastodon":{"url":"https:\/\/pubeurope.com\/@fr\/115191106088147728","error":""},"_links":{"self":[{"href":"https:\/\/www.europesays.com\/fr\/wp-json\/wp\/v2\/posts\/385163","targetHints":{"allow":["GET"]}}],"collection":[{"href":"https:\/\/www.europesays.com\/fr\/wp-json\/wp\/v2\/posts"}],"about":[{"href":"https:\/\/www.europesays.com\/fr\/wp-json\/wp\/v2\/types\/post"}],"author":[{"embeddable":true,"href":"https:\/\/www.europesays.com\/fr\/wp-json\/wp\/v2\/users\/2"}],"replies":[{"embeddable":true,"href":"https:\/\/www.europesays.com\/fr\/wp-json\/wp\/v2\/comments?post=385163"}],"version-history":[{"count":0,"href":"https:\/\/www.europesays.com\/fr\/wp-json\/wp\/v2\/posts\/385163\/revisions"}],"wp:featuredmedia":[{"embeddable":true,"href":"https:\/\/www.europesays.com\/fr\/wp-json\/wp\/v2\/media\/385164"}],"wp:attachment":[{"href":"https:\/\/www.europesays.com\/fr\/wp-json\/wp\/v2\/media?parent=385163"}],"wp:term":[{"taxonomy":"category","embeddable":true,"href":"https:\/\/www.europesays.com\/fr\/wp-json\/wp\/v2\/categories?post=385163"},{"taxonomy":"post_tag","embeddable":true,"href":"https:\/\/www.europesays.com\/fr\/wp-json\/wp\/v2\/tags?post=385163"}],"curies":[{"name":"wp","href":"https:\/\/api.w.org\/{rel}","templated":true}]}}