{"id":385173,"date":"2025-09-12T11:37:12","date_gmt":"2025-09-12T11:37:12","guid":{"rendered":"https:\/\/www.europesays.com\/fr\/385173\/"},"modified":"2025-09-12T11:37:12","modified_gmt":"2025-09-12T11:37:12","slug":"nancy-centre-ville-et-prison-survoles-par-un-drone-trois-interpellations","status":"publish","type":"post","link":"https:\/\/www.europesays.com\/fr\/385173\/","title":{"rendered":"Nancy. Centre-ville et prison survol\u00e9s par un drone\u00a0: trois interpellations"},"content":{"rendered":"<p>Un drone suspect \u00e9tait rep\u00e9r\u00e9 dans le ciel du centre-ville de Nancy, le mardi 9\u00a0septembre, vers 22 heures. La lumi\u00e8re clignotante de l\u2019engin a attir\u00e9 l\u2019attention d\u2019une patrouille de police qui a tent\u00e9 de suivre la trajectoire de l\u2019a\u00e9ronef. L\u2019appareil a notamment survol\u00e9 le centre commercial Saint-S\u00e9bastien et la prison de Nancy-Max\u00e9ville avant de se poser dans le secteur du foyer du Grand-Sauvoy, \u00e0 Max\u00e9ville.<\/p>\n<p>La patrouille parvenait \u00e0 localiser le lieu d\u2019atterrissage, rue des Brasseries. L\u00e0, les policiers proc\u00e9daient au contr\u00f4le de trois individus \u00e0 proximit\u00e9 d\u2019une voiture dont l\u2019un en possession dudit drone. Le t\u00e9l\u00e9pilote, un homme sans domicile fixe \u00e2g\u00e9 de 41 ans, \u00e9tait plac\u00e9 en garde \u00e0 vue tout comme les deux autres suspects.<\/p>\n<p>L\u2019un d\u2019eux, un habitant de Max\u00e9ville, \u00e9tait rapidement mis hors de cause. En revanche, le propri\u00e9taire de la voiture devait \u00eatre inqui\u00e9t\u00e9 car il \u00e9tait retrouv\u00e9 \u00e0 bord une centaine de grammes de stup\u00e9fiants (r\u00e9sine de cannabis et herbe), un poing am\u00e9ricain, ainsi que des feux d\u2019artifice.<\/p>\n<p>Au terme de leur garde \u00e0 vue au groupe d\u2019action judiciaire, les deux mis en cause ont \u00e9t\u00e9 lib\u00e9r\u00e9s avec une convocation en comparution sur reconnaissance pr\u00e9alable de culpabilit\u00e9 (CRPC) doubl\u00e9e d\u2019une convocation par officier de police judiciaire (COPJ) pour le 27\u00a0janvier.<\/p>\n","protected":false},"excerpt":{"rendered":"Un drone suspect \u00e9tait rep\u00e9r\u00e9 dans le ciel du centre-ville de Nancy, le mardi 9\u00a0septembre, vers 22 heures.&hellip;\n","protected":false},"author":2,"featured_media":385174,"comment_status":"","ping_status":"","sticky":false,"template":"","format":"standard","meta":{"footnotes":""},"categories":[9635],"tags":[1111,11,271,272,1704,1777,674,274,1011,27,775,3457,1702,1703,12,25],"class_list":{"0":"post-385173","1":"post","2":"type-post","3":"status-publish","4":"format-standard","5":"has-post-thumbnail","7":"category-nancy","8":"tag-actu","9":"tag-actualites","10":"tag-crime","11":"tag-delit-et-contravention","12":"tag-edition-nancy-et-agglomeration","13":"tag-eu","14":"tag-europe","15":"tag-faits-divers-justice","16":"tag-fr","17":"tag-france","18":"tag-grand-est","19":"tag-meurthe-et-moselle","20":"tag-nancy","21":"tag-nancy-ville-54b","22":"tag-news","23":"tag-republique-francaise"},"share_on_mastodon":{"url":"https:\/\/pubeurope.com\/@fr\/115191129398379086","error":""},"_links":{"self":[{"href":"https:\/\/www.europesays.com\/fr\/wp-json\/wp\/v2\/posts\/385173","targetHints":{"allow":["GET"]}}],"collection":[{"href":"https:\/\/www.europesays.com\/fr\/wp-json\/wp\/v2\/posts"}],"about":[{"href":"https:\/\/www.europesays.com\/fr\/wp-json\/wp\/v2\/types\/post"}],"author":[{"embeddable":true,"href":"https:\/\/www.europesays.com\/fr\/wp-json\/wp\/v2\/users\/2"}],"replies":[{"embeddable":true,"href":"https:\/\/www.europesays.com\/fr\/wp-json\/wp\/v2\/comments?post=385173"}],"version-history":[{"count":0,"href":"https:\/\/www.europesays.com\/fr\/wp-json\/wp\/v2\/posts\/385173\/revisions"}],"wp:featuredmedia":[{"embeddable":true,"href":"https:\/\/www.europesays.com\/fr\/wp-json\/wp\/v2\/media\/385174"}],"wp:attachment":[{"href":"https:\/\/www.europesays.com\/fr\/wp-json\/wp\/v2\/media?parent=385173"}],"wp:term":[{"taxonomy":"category","embeddable":true,"href":"https:\/\/www.europesays.com\/fr\/wp-json\/wp\/v2\/categories?post=385173"},{"taxonomy":"post_tag","embeddable":true,"href":"https:\/\/www.europesays.com\/fr\/wp-json\/wp\/v2\/tags?post=385173"}],"curies":[{"name":"wp","href":"https:\/\/api.w.org\/{rel}","templated":true}]}}