{"id":385195,"date":"2025-09-12T11:48:19","date_gmt":"2025-09-12T11:48:19","guid":{"rendered":"https:\/\/www.europesays.com\/fr\/385195\/"},"modified":"2025-09-12T11:48:19","modified_gmt":"2025-09-12T11:48:19","slug":"ligue-1-ol-niakhate-et-ghezzal-aptes-pour-le-deplacement-a-rennes","status":"publish","type":"post","link":"https:\/\/www.europesays.com\/fr\/385195\/","title":{"rendered":"Ligue 1. OL\u00a0: Niakhat\u00e9 et Ghezzal aptes pour le d\u00e9placement \u00e0 Rennes"},"content":{"rendered":"<p>Les stigmates de la tr\u00eave internationale ne se font pas sentir du c\u00f4t\u00e9 de l\u2019OL. L\u2019alerte concernant le genou de Moussa Niakhat\u00e9, qui avait quitt\u00e9 la s\u00e9lection du S\u00e9n\u00e9gal la semaine pass\u00e9e, est rest\u00e9e sans cons\u00e9quences. Le d\u00e9fenseur olympien s\u2019est entra\u00een\u00e9 normalement ce vendredi matin.<\/p>\n<p>Paulo Fonseca a confirm\u00e9 que son joueur \u00e9tait apte <a href=\"https:\/\/www.ledauphine.com\/sport\/calendrier-resultats\/football\/national-ligue-1\" target=\"_blank\" rel=\"noopener\">pour le d\u00e9placement en Bretagne.<\/a> Idem pour Rachid Ghezzal, revenu au club durant cette tr\u00eave. \u00ab\u00a0Rachid est bien physiquement m\u00eame s\u2019il a besoin encore de s\u2019entra\u00eener avec nous. Il sera dans le groupe mais ne d\u00e9marrera pas la rencontre\u00a0\u00bb, a confirm\u00e9 le technicien portugais.<\/p>\n<p>  Descamps toujours dans les buts<\/p>\n<p>Sur le front de l\u2019attaque, Martin Satriano postule aussi \u00e0 une place dans le groupe. L\u2019Uruguayen, <a href=\"https:\/\/www.ledauphine.com\/sport\/2025\/09\/01\/isak-a-liverpool-donnarumma-vers-manchester-city-suivez-la-derniere-journee-du-mercato\" target=\"_blank\" rel=\"noopener\">unique recrue des derniers jours du mercato d\u2019\u00e9t\u00e9,<\/a> est pr\u00eat selon son coach malgr\u00e9 une petite alerte physique en d\u00e9but de semaine.<\/p>\n<p>Fonseca a \u00e9galement lev\u00e9 le voile sur sa gestion des gardiens. Dominik Greif, au club depuis trois semaines, est op\u00e9rationnel. Mais ce sera bien R\u00e9my Descamps qui sera titulaire dans la cage lyonnaise au Roazhon Park. \u00ab\u00a0Je me dois d\u2019\u00eatre honn\u00eate avec mes joueurs. On a bien commenc\u00e9 et R\u00e9my nous a fait du bien. Il est juste de continuer avec lui\u00a0\u00bb, assure l\u2019ancien entra\u00eeneur du LOSC qui a \u00e9chang\u00e9 avec Greif ces derniers jours sur le sujet.<\/p>\n","protected":false},"excerpt":{"rendered":"Les stigmates de la tr\u00eave internationale ne se font pas sentir du c\u00f4t\u00e9 de l\u2019OL. L\u2019alerte concernant le&hellip;\n","protected":false},"author":2,"featured_media":385196,"comment_status":"","ping_status":"","sticky":false,"template":"","format":"standard","meta":{"footnotes":""},"categories":[2821],"tags":[1111,11,829,1777,674,1701,63,1011,27,7020,2428,12,9442,584,25,2429,517,1947],"class_list":{"0":"post-385195","1":"post","2":"type-post","3":"status-publish","4":"format-standard","5":"has-post-thumbnail","7":"category-rennes","8":"tag-actu","9":"tag-actualites","10":"tag-bretagne","11":"tag-eu","12":"tag-europe","13":"tag-fil-info-sport","14":"tag-football","15":"tag-fr","16":"tag-france","17":"tag-ligue-1-football","18":"tag-lyon","19":"tag-news","20":"tag-ol-olympique-lyonnais","21":"tag-rennes","22":"tag-republique-francaise","23":"tag-rhone","24":"tag-sport","25":"tag-sport-national"},"share_on_mastodon":{"url":"https:\/\/pubeurope.com\/@fr\/115191172783516564","error":""},"_links":{"self":[{"href":"https:\/\/www.europesays.com\/fr\/wp-json\/wp\/v2\/posts\/385195","targetHints":{"allow":["GET"]}}],"collection":[{"href":"https:\/\/www.europesays.com\/fr\/wp-json\/wp\/v2\/posts"}],"about":[{"href":"https:\/\/www.europesays.com\/fr\/wp-json\/wp\/v2\/types\/post"}],"author":[{"embeddable":true,"href":"https:\/\/www.europesays.com\/fr\/wp-json\/wp\/v2\/users\/2"}],"replies":[{"embeddable":true,"href":"https:\/\/www.europesays.com\/fr\/wp-json\/wp\/v2\/comments?post=385195"}],"version-history":[{"count":0,"href":"https:\/\/www.europesays.com\/fr\/wp-json\/wp\/v2\/posts\/385195\/revisions"}],"wp:featuredmedia":[{"embeddable":true,"href":"https:\/\/www.europesays.com\/fr\/wp-json\/wp\/v2\/media\/385196"}],"wp:attachment":[{"href":"https:\/\/www.europesays.com\/fr\/wp-json\/wp\/v2\/media?parent=385195"}],"wp:term":[{"taxonomy":"category","embeddable":true,"href":"https:\/\/www.europesays.com\/fr\/wp-json\/wp\/v2\/categories?post=385195"},{"taxonomy":"post_tag","embeddable":true,"href":"https:\/\/www.europesays.com\/fr\/wp-json\/wp\/v2\/tags?post=385195"}],"curies":[{"name":"wp","href":"https:\/\/api.w.org\/{rel}","templated":true}]}}