{"id":385197,"date":"2025-09-12T11:49:11","date_gmt":"2025-09-12T11:49:11","guid":{"rendered":"https:\/\/www.europesays.com\/fr\/385197\/"},"modified":"2025-09-12T11:49:11","modified_gmt":"2025-09-12T11:49:11","slug":"strasbourg-balades-jeux-et-decouvertes-au-festival-de-la-ceinture-verte-du-13-au-21-septembre","status":"publish","type":"post","link":"https:\/\/www.europesays.com\/fr\/385197\/","title":{"rendered":"Strasbourg. Balades, jeux et d\u00e9couvertes au Festival de la Ceinture verte du\u00a013 au 21\u00a0septembre"},"content":{"rendered":"<p>Ce contenu est bloqu\u00e9 car vous n&rsquo;avez pas accept\u00e9 les cookies et autres traceurs.<\/p>\n<p>En cliquant sur \u00ab J\u2019accepte \u00bb, les cookies et autres traceurs seront d\u00e9pos\u00e9s et vous pourrez visualiser les contenus  (<a href=\"\" class=\"consentModule_policy\" target=\"_blank\" title=\"Consulter la politique de protection des donn\u00e9es du fournisseur\">plus d&rsquo;informations<\/a>).<\/p>\n<p>En cliquant sur \u00ab J\u2019accepte tous les cookies \u00bb, vous autorisez des d\u00e9p\u00f4ts de cookies et autres traceurs pour le stockage de vos donn\u00e9es sur nos sites et applications \u00e0 des fins de personnalisation et de ciblage publicitaire.<\/p>\n<p class=\"consentModule_secondaryText\">Vous gardez la possibilit\u00e9 de retirer votre consentement \u00e0 tout moment en consultant notre <a href=\"https:\/\/www.dna.fr\/protection-des-donnees\" target=\"_blank\" title=\"Consulter notre politique de protection des donn\u00e9es\" rel=\"noopener\">politique de protection des donn\u00e9es<\/a>. <br \/>&#13;<br \/>\n            <a href=\"https:\/\/www.dna.fr\/culture-loisirs\/2025\/09\/12\/javascript:Didomi.notice.show()\" class=\"consentModule_cmp\" target=\"_blank\" rel=\"noopener\">G\u00e9rer mes choix<\/a>&#13;\n        <\/p>\n<p>&#13;<br \/>\n                        J&rsquo;accepte&#13;<br \/>\n            J&rsquo;accepte tous les cookies&#13;\n        <\/p>\n<p>  Cano\u00eb, nettoyages participatifs, concerts\u2026<\/p>\n<p>Quelques \u00e9v\u00e9nements symboliques auront \u00e9galement lieu, comme la pose du panneau indiquant la labellisation du parc de la Citadelle en tant que refuge LPO ( <a href=\"https:\/\/www.dna.fr\/societe\/2025\/05\/30\/la-lpo-face-a-des-besoins-croissants\" target=\"_blank\" rel=\"noopener\">Ligue pour la protection des oiseaux<\/a> ) samedi 13\u00a0septembre et le lancement en pr\u00e9sence de la maire de la premi\u00e8re <a href=\"https:\/\/www.dna.fr\/actualite\/2021\/12\/21\/des-forets-pour-la-montagne-verte-premier-laureat-du-budget-participatif\" target=\"_blank\" rel=\"noopener\">for\u00eat nourrici\u00e8re<\/a> de Strasbourg, dot\u00e9e d\u2019un poulailler collectif, mercredi 17\u00a0septembre.<\/p>\n<p>Des balades en cano\u00eb et \u00e0 v\u00e9lo, des randonn\u00e9es pour apprendre \u00e0 reconna\u00eetre les arbres, une rencontre avec des <a href=\"https:\/\/www.dna.fr\/environnement\/2025\/05\/24\/batbox-et-pipistrelles-au-parc-de-l-orangerie\" target=\"_blank\" rel=\"noopener\">chauves-souris<\/a> , des nettoyages participatifs, un escape game, des visites des remparts, du yoga, des conf\u00e9rences et des concerts seront \u00e9galement propos\u00e9s tout au long de la semaine.<\/p>\n<p class=\"note\">Retrouver toute la programmation sur strasbourg.eu<\/p>\n","protected":false},"excerpt":{"rendered":"Ce contenu est bloqu\u00e9 car vous n&rsquo;avez pas accept\u00e9 les cookies et autres traceurs. En cliquant sur \u00ab&hellip;\n","protected":false},"author":2,"featured_media":385198,"comment_status":"","ping_status":"","sticky":false,"template":"","format":"standard","meta":{"footnotes":""},"categories":[2820],"tags":[1111,11,6211,1687,2880,1777,674,2271,107,1011,27,775,873,12,5486,25,640,2879],"class_list":{"0":"post-385197","1":"post","2":"type-post","3":"status-publish","4":"format-standard","5":"has-post-thumbnail","7":"category-strasbourg","8":"tag-actu","9":"tag-actualites","10":"tag-conference","11":"tag-culture-loisirs","12":"tag-edition-strasbourg","13":"tag-eu","14":"tag-europe","15":"tag-exposition-arts-plastiques","16":"tag-fil-info","17":"tag-fr","18":"tag-france","19":"tag-grand-est","20":"tag-musique","21":"tag-news","22":"tag-rencontre","23":"tag-republique-francaise","24":"tag-strasbourg","25":"tag-strasbourg-ville"},"share_on_mastodon":{"url":"https:\/\/pubeurope.com\/@fr\/115191176636876131","error":""},"_links":{"self":[{"href":"https:\/\/www.europesays.com\/fr\/wp-json\/wp\/v2\/posts\/385197","targetHints":{"allow":["GET"]}}],"collection":[{"href":"https:\/\/www.europesays.com\/fr\/wp-json\/wp\/v2\/posts"}],"about":[{"href":"https:\/\/www.europesays.com\/fr\/wp-json\/wp\/v2\/types\/post"}],"author":[{"embeddable":true,"href":"https:\/\/www.europesays.com\/fr\/wp-json\/wp\/v2\/users\/2"}],"replies":[{"embeddable":true,"href":"https:\/\/www.europesays.com\/fr\/wp-json\/wp\/v2\/comments?post=385197"}],"version-history":[{"count":0,"href":"https:\/\/www.europesays.com\/fr\/wp-json\/wp\/v2\/posts\/385197\/revisions"}],"wp:featuredmedia":[{"embeddable":true,"href":"https:\/\/www.europesays.com\/fr\/wp-json\/wp\/v2\/media\/385198"}],"wp:attachment":[{"href":"https:\/\/www.europesays.com\/fr\/wp-json\/wp\/v2\/media?parent=385197"}],"wp:term":[{"taxonomy":"category","embeddable":true,"href":"https:\/\/www.europesays.com\/fr\/wp-json\/wp\/v2\/categories?post=385197"},{"taxonomy":"post_tag","embeddable":true,"href":"https:\/\/www.europesays.com\/fr\/wp-json\/wp\/v2\/tags?post=385197"}],"curies":[{"name":"wp","href":"https:\/\/api.w.org\/{rel}","templated":true}]}}