{"id":385203,"date":"2025-09-12T11:52:20","date_gmt":"2025-09-12T11:52:20","guid":{"rendered":"https:\/\/www.europesays.com\/fr\/385203\/"},"modified":"2025-09-12T11:52:20","modified_gmt":"2025-09-12T11:52:20","slug":"dans-le-carnet-de-nice-rendezvous-2025-semaine-37-quand-vient-la-fin-de-lete-sur-la-plage","status":"publish","type":"post","link":"https:\/\/www.europesays.com\/fr\/385203\/","title":{"rendered":"Dans Le Carnet de Nice RendezVous 2025 Semaine 37 &#8211; Quand vient la Fin de l\u2019\u00c9t\u00e9 sur la Plage&#8230;"},"content":{"rendered":"<p>L\u2019\u00e9t\u00e9 se prolonge sur la plage m\u00eame si le calendrier nous informe que l\u2019automne va bient\u00f4t pointer son nez. Alors profitons de ces belles journ\u00e9es pour plonger dans la M\u00e9diterran\u00e9e et go\u00fbter l&rsquo;\u00e9t\u00e9 jusqu&rsquo;\u00e0 la lie.<\/p>\n<p><strong>EXPOSITIONS<br \/>Exposition From the sea to the moon &#8211; Forms of abstraction<br \/>Jusqu&rsquo;au 21 septembre 2025<br \/>Galerie Bog\u00e9na<br \/>777 route de la Colle &#8211; 06570 Saint Paul de Vence<\/strong><br \/><a href=\"https:\/\/www.bogena-galerie.com\" target=\"_blank\" rel=\"noopener\">www.bogena-galerie.com<\/a> Cette adresse e-mail est prot\u00e9g\u00e9e contre les robots spammeurs. Vous devez activer le JavaScript pour la visualiser.<br \/>IKathryn Cameron I Jeff Bertoncino I Morgan Balocco I I Harry Morgan I Flo Arnold I Jean-Marie Fondacaro I<br \/>Entre le rythme des mar\u00e9es et la clart\u00e9 lunaire, s\u2019ouvre un champ o\u00f9 les formes se d\u00e9font pour mieux rena\u00eetre. Ici, \u00ab\u00a0forms of abstraction\u00a0\u00bb ne d\u00e9signent pas un style, mais une trajectoire?: une mani\u00e8re d\u2019\u00e9prouver le monde par le mouvement, les flux, les passages. La mer impose sa mesure?\u2014 le flux et le reflux comme une \u00e9criture continue. La lune propose l\u2019\u00e9l\u00e9vation, l\u2019appel discret de la transcendance. Entre les deux, chaque \u0153uvre explore ce d\u00e9sir de chacun de se lib\u00e9rer?: quitter le poids, gagner l\u2019ampleur, trouver l\u2019espace int\u00e9rieur o\u00f9 la mati\u00e8re devient \u00e9lan. Les artistes r\u00e9unis suivent ces lignes de force?: surfaces dilu\u00e9es, gestes retenus ou ascendants, mati\u00e8res qui se laissent traverser. L\u2019abstraction y est langage de transformation, une \u00e9coute des ph\u00e9nom\u00e8nes plut\u00f4t qu\u2019une forme fig\u00e9e; une mani\u00e8re d\u2019habiter le r\u00e9el en le laissant s\u2019ouvrir.<\/p>\n<p><strong>Prolongation de l&rsquo;Exposition des 50 Ans de la Galerie Catherine Issert<br \/>Jusqu&rsquo;au 11 octobre 2025<br \/>Galerie Issert<br \/>Saint Paul de Vence<\/strong><br \/><a href=\"https:\/\/www.galerie-issert.com\" target=\"_blank\" rel=\"noopener\">www.galerie-issert.com<\/a><br \/>Tout l&rsquo;\u00e9t\u00e9, l&rsquo;exposition collective a accueilli les amateurs d&rsquo;art dans la galerie. Catherine Issert a donc d\u00e9cid\u00e9 de prolonger le plaisir de trois semaines.<br \/>Artistes expos\u00e9s : Jean-michel Alberola, John M Armleder, C\u00e9cile Bart, Martin Belou, Ben, Jean Charles Blais, Pier Paolo Calzolari, Denis Castellas, Daphne Corregan, Pierre Descamps, Alexandre Dufaye, Gautier Ferrero, Yayo\u00ef Gunji, Minjung Kim, Fran\u00e7ois Morellet, Thomas M\u00fcller, Bernard Pag\u00e8s, Pascal Pinaud, Adrian Schiess, Mathieu Schmitt, Xavier Theunis, G\u00e9rard Traquandi, Felice Varini, Michel Verjux, Claude Viallat, Marine Wallon.<\/p>\n<p><strong>TH\u00c9\u00c2TRE<br \/>Kaamelott par les Terribles<br \/>Samedi 20 septembre 2025 \u00e0 20h00<br \/>Auditorium de Saint-Paul de Vence, 150 route des Serres, 06570 Saint-Paul de Vence<\/strong><br \/>Plein tarif : 20,00\u20ac &#8211; Tarif r\u00e9duit (- 12 ans, d\u00e9tenteur de la carte LOL, demandeur d&#8217;emploi) : 10,00\u20ac &#8211; Gratuit\u00e9 (- 8 ans)<br \/>Librement adapt\u00e9 des textes d&rsquo;Alexandre Astier<br \/>Mise en sc\u00e8ne par Numa Sadoul<br \/>Interpr\u00e9t\u00e9 par les Terribles : Milan Abbas : Arthur \/ Lancelot &#8211; Swan Andrianarivelo : Perceval \/ S\u00e9li &#8211; Jules Audion : L\u00e9odagan \/ Kadoc \/ Tavernier &#8211; Thibaut Carli : Karadoc \/ Merlin \/ Gauvain \/ Ferghus &#8211; Flore Devolder : Gueni\u00e8vre \/ Blaise \/ Yvain \/ Tavernier<\/p>\n<p><strong>CONCERTS<br \/>Beaulieu Classic Festival 2025<br \/>Du 13\/09 au 20\/09\/2025 tous les jours.<br \/>Plage petite Afrique &#8211; Casino de Beaulieu &#8211; \u00c9glise Anglicane &#8211; H\u00f4tel Royal Riviera<br \/>06310 Beaulieu-sur-Mer<\/strong><br \/>Plein tarif : de 30 \u00e0 120 \u20ac (D\u00eener de gala : 120\u20ac (sur r\u00e9servation uniquement)).<br \/>Pass gratuit pour le concert d&rsquo;ouverture : Mairie de Beaulieu-sur-Mer (\u00e0 l&rsquo;accueil), 3 Bd Mar\u00e9chal Leclerc ou sur le site <a href=\"https:\/\/www.beaulieuclassicfestival.com\" target=\"_blank\" rel=\"noopener\">www.beaulieuclassicfestival.com<\/a>.<br \/>Durant 8 jours, Beaulieu-sur-Mer met la musique classique \u00e0 l\u2019honneur en proposant au public des concerts de grande qualit\u00e9 tout en mettant en valeur plusieurs lieux prestigieux ou atypiques, v\u00e9ritable d\u00e9couverte du patrimoine Berlugan.<br \/>En ouverture, concerts gratuits :<br \/>-Samedi 13 septembre : 10h : Le Piano Rouge &#8211; Steeve Villa-Massone &#8211; Place Marinoni<br \/>20h30 : Concert d&rsquo;ouverture &#8211; L&rsquo;Orchestre d&rsquo;Harmonie de la ville de Nice &#8211; Plage de la Petite Afrique &#8211; Gratuit sur pr\u00e9sentation du pass \u00e0 t\u00e9l\u00e9charger sur le site internet www.beaulieuclassicfestival.com<\/p>\n<p><strong>Concert Zine &#8211; Festival Voc\u00e0lia dal Palhons<br \/>Samedi 20 septembre 2025<br \/>Espace Laure Ecart &#8211; 50 Bd Saint-Roch, 06300 Nice<\/strong> <br \/>Entr\u00e9e \u00e0 15h, animations th\u00e9\u00e2tre et danse, d\u00e9but du concert de Zine \u00e0 16h<br \/>tarif plein 10 euros<br \/>Zine interpr\u00e9tera les titres de son nouvel album Cantar La Vida Cantar L&rsquo;Esper<br \/>Cet opus musical de 23 titres incarne une c\u00e9l\u00e9bration de la culture ni\u00e7oise, mettant en lumi\u00e8re la voix puissante et captivante de l&rsquo;artiste ainsi que sa capacit\u00e9 \u00e0 composer des m\u00e9lodies envo\u00fbtantes, et \u00e0 transformer aussi des chansons connues du monde entier avec des parodies ancr\u00e9es dans le territoire.? Les chansons de l&rsquo;album refl\u00e8tent une gamme d&rsquo;\u00e9motions et d&rsquo;exp\u00e9riences v\u00e9cues par la chanteuse. Certaines chansons \u00e9voquent l&rsquo;amour et la passion, tandis que d&rsquo;autres abordent des th\u00e8mes plus profonds tels que l&rsquo;identit\u00e9, la r\u00e9silience et la pr\u00e9servation de la langue.?<br \/>Chanson phare : Au mercat de la Lib\u00e9\/Au march\u00e9 de la Lib\u00e9 &#8211; plus de 100 000 vues tous r\u00e9seaux confondus : <a href=\"https:\/\/youtu.be\/SKp3qaejm4E\" target=\"_blank\" rel=\"noopener\">https:\/\/youtu.be\/SKp3qaejm4E<\/a><\/p>\n<p><strong>Alexandre Desplat avec l\u2019Orchestre de Paris<br \/>Le concert symphonique au cin\u00e9ma r\u00e9alis\u00e9 par Solrey et Samuel Thiebaut<br \/>Dimanche 28 septembre \u00e0 17h<br \/>Cineum Cannes &#8211; CGR Polygone Riviera &#8211; Cagnes-sur-Mer &#8211; Path\u00e9 Gare du Sud &#8211; Path\u00e9 Nice Lingosti\u00e8re<\/strong><br \/>Un voyage musical au c\u0153ur d\u2019une carri\u00e8re d\u2019exception. Alexandre Desplat dirige l\u2019Orchestre de Paris dans un passionnant floril\u00e8ge de ses meilleures partitions pour Hollywood : un programme qui alterne blockbusters et cin\u00e9ma ind\u00e9pendant, de Harry Potter and the Deathly Hallows \u00e0 The Shape of Water en passant par The Tree of Life, The Grand Budapest Hotel, Godzilla ou The Curious Case of Benjamin Button. Oscaris\u00e9 pour les bandes originales de The Grand Budapest Hotel (2014) et The Shape of Water (2018), il prolonge avec passion la tradition des grands compositeurs fran\u00e7ais \u00e0 Hollywood et entra\u00eene le spectateur dans son univers puissant et onirique. Sous la direction artistique et la co-r\u00e9alisation de Solrey, ce concert symphonique produit par ARTE et film\u00e9 par Samuel Thiebaut \u00e0 la Philharmonie de Paris restitue, gr\u00e2ce \u00e0 l\u2019interpr\u00e9tation de l\u2019Orchestre de Paris, toute la sensibilit\u00e9 et la virtuosit\u00e9 de ses partitions.<\/p>\n<p><strong>J\u00e9r\u00e9my Frerot en Concert<br \/>Samedi 18 octobre 2025 \u00e0 20h30 <br \/>La Palestre, 730 boulevard G. Pompidou, 06110 Le Cannet.<\/strong><br \/>Tarifs (DL inclus) : Carr\u00e9 Or : 50\u20ac, Cat.1: 40\u20ac, Cat.2 : 30\u20ac. Placement assis num\u00e9rot\u00e9.<br \/>Locations : points de vente habituels et www.lapalestre.eu. &#8211; Renseignements : 04 93 46 48 88<br \/>Apr\u00e8s avoir connu six ann\u00e9es de succ\u00e8s au sein du duo star Frero Delavega, en 2017 J\u00e9r\u00e9my Frerot a pris son envol en solo et est parvenu \u00e0 s\u2019imposer avec un premier album, Matriochka (2018), suivi de Meilleure vie (2021), certifi\u00e9s disques d\u2019or, et de chansons abordant des th\u00e8mes sensibles, tels que l\u2019\u00e9cologie et le respect de l\u2019oc\u00e9an, une passion pour cet artiste qui vit au bord de l\u2019Atlantique. Depuis, il \u00e9gr\u00e8ne les succ\u00e8s avec la r\u00e9gularit\u00e9 d\u2019un m\u00e9tronome. Parmi les artistes les plus talentueux de sa g\u00e9n\u00e9ration, il est \u00e0 la fois l\u2019un des plus m\u00e9diatis\u00e9s (il est parmi les artistes les plus diffus\u00e9s en radio et en TV), et \u00e0 la fois un homme engag\u00e9 pour une cause qui lui est ch\u00e8re : la protection des oc\u00e9ans. En effet, depuis 2019, il est ambassadeur de Surfrider Foundation Europe, participant \u00e0 plusieurs \u00e9v\u00e9nements de sensibilisation et en les aidant \u00e0 gagner en notori\u00e9t\u00e9 aupr\u00e8s de son public.<\/p>\n<p><strong>LOISIRS<br \/>Festival Voc\u00e0lia dals Palhons \u00e0 Coaraze, Levens, Nice<br \/>Du 19 au 21 septembre 2025<br \/>Coaraze, Levens, Nice et Contes<\/strong><br \/>Organis\u00e9 par Radio Nissa Pantai<br \/>Programme d\u00e9taill\u00e9 : <a href=\"https:\/\/nissapantai.org\/fr\/2025\/09\/06\/nissa-pantai-lance-la-7eme-edition-du-festival-vocalia-dals-palhons-2\/\" target=\"_blank\" rel=\"noopener\">https:\/\/nissapantai.org\/fr\/2025\/09\/06\/nissa-pantai-lance-la-7eme-edition-du-festival-vocalia-dals-palhons-2\/<\/a><br \/>Apr\u00e8s une 6e \u00e9dition en hommage \u00e0 Annie et Ben Vautier, marraine et parrain de R\u00e0dio Nissa Pantai et Christian Bezet, parrain du festival Voc\u00e0lia dals Palhons tous trois disparus, la 7e \u00e9dition se d\u00e9roule sur trois jours avec l&rsquo;\u00e9mission Lo Bochin en direct du Bar Ac\u00f2 de B\u00e8la \u00e0 Coaraze sur R\u00e0dio Nissa Pantai, le vendredi, sur le th\u00e8me de la po\u00e9sie occitane, le samedi \u00e0 Nice avec th\u00e9\u00e2tre et le concert de Zine et le dimanche une soir\u00e9e Bal\u00e9ti \u00e0 Levens.<\/p>\n<p><strong>L&rsquo;ap\u00e9ro des Frenchy investit Grasse pour la premi\u00e8re fois !<br \/>Jeudi 25 septembre 2025, de 18 h \u00e0 23 h 30<br \/>Place du Cours Honor\u00e9-Cresp, Grasse<\/strong><br \/>Pour sa premi\u00e8re \u00e9dition \u00e0 Grasse, l\u2019ap\u00e9ro des Frenchy posera ses platines sur la Place du Cours Honor\u00e9-Cresp. La ville se transformera en sc\u00e8ne \u00e0 ciel ouvert o\u00f9 convivialit\u00e9 et f\u00eate se conjugueront avec l\u2019art de vivre \u00e0 la fran\u00e7aise. Une playlist 100% French Touch &#8211; Ic\u00f4ne de la f\u00eate tricolore, l\u2019ap\u00e9ro des Frenchy fait vibrer les foules en revisitant la chanson fran\u00e7aise sous toutes ses formes : des classiques d\u2019Aznavour et de Claude Fran\u00e7ois aux refrains cultes d\u2019Indochine, C\u00e9line Dion ou IAM. Derri\u00e8re les platines, un DJ orchestre un voyage musical \u00e9clectique, capable de r\u00e9unir toutes les g\u00e9n\u00e9rations. Go\u00fbter, trinquer, partager &#8211; La soir\u00e9e sera \u00e9galement l\u2019occasion de savourer une s\u00e9lection de mets et de boissons propos\u00e9s par des partenaires locaux. Des animations et surprises ponctueront la soir\u00e9e et renforceront l\u2019esprit de partage et de bonne humeur.<\/p>\n<p><strong>GASTRONOMIE<br \/>D\u00eener Mareluna X Champagne Billecart-salmon<br \/>Chef Francesco Fezza<br \/>Lundi 29 septembre 2025<br \/>Restaurant Mareluna* &#8211; Ch\u00e2teau de Th\u00e9oule<br \/>56, avenue de L\u00e9rins &#8211; Th\u00e9oule-sur-mer<\/strong><br \/>Tarif : 375\u20ac par personne (accord mets &amp; champagnes inclus).<br \/>Sur r\u00e9servation &#8211; Places limit\u00e9es.<br \/><a href=\"https:\/\/chateau-de-theoule.com\/fr\/page\/mareluna.29631.html\" target=\"_blank\" rel=\"noopener\">https:\/\/chateau-de-theoule.com\/fr\/page\/mareluna.29631.html<\/a><br \/>Le chef \u00e9toil\u00e9 Francesco Fezza unit ses talents \u00e0 la prestigieuse Maison de Champagne Billecart-Salmon pour cr\u00e9er une exp\u00e9rience culinaire unique, plac\u00e9e sous le signe de l\u2019excellence et du raffinement. Dans l\u2019atmosph\u00e8re \u00e9l\u00e9gante du Ch\u00e2teau, sublim\u00e9e par la M\u00e9diterran\u00e9e, le Chef Francesco Fezza a imagin\u00e9 un menu d\u00e9gustation en 6 temps, con\u00e7u en parfaite harmonie avec une s\u00e9lection de cuv\u00e9es embl\u00e9matiques de la Maison Billecart-Salmon.<\/p>\n<p><strong>Le Guide Bettane+Desseauve 2026 &#8211; In vino veritas !<\/strong><br \/>Plus de 1 600 domaines s\u00e9lectionn\u00e9s &#8211; Plus de 7 000 vins recommand\u00e9s<br \/>\u00c9ditions Flammarion. 360 pages &#8211; 24,90 euros TTC.<br \/>R\u00e9seau de distribution : librairies et sur mybettanedesseauve.fr<br \/>197 nouveaux domaines \/ 120 domaines not\u00e9s 5 \u00e9toiles (dont 4 nouveaux promus)<br \/>4 cat\u00e9gories pour s\u2019y retrouver : star, valeur s\u00fbre, \u00e0 suivre de pr\u00e8s et nouvelle entr\u00e9e.<br \/>R\u00e9f\u00e9rence incontournable, ce guide \u00e9labor\u00e9 par les critiques de vin Michel Bettane et Thierry Desseauve et leurs \u00e9quipes de d\u00e9gustateurs exp\u00e9riment\u00e9s, n\u2019a jamais cess\u00e9 de se r\u00e9inventer sur le fond comme sur la forme. \u00ab Depuis trente et un ans que nous r\u00e9alisons ce guide, jamais la moindre lassitude n\u2019est survenue. Rencontrer des vigneronnes et des vignerons tous si diff\u00e9rents et pourtant tous passionn\u00e9s par leur travail et leur terre, ainsi que d\u00e9guster des vins si vari\u00e9s et les recommander aux consommateurs, sont des missions que nous souhaitons continuer \u00e0 remplir avec exigence et bonheur \u00bb, explique Thierry Desseauve. \u00ab Un bonheur mais aussi une fiert\u00e9 pour nous et notre \u00e9quipe de continuer \u00e0 appr\u00e9cier chaque ann\u00e9e la formidable diversit\u00e9 de talents et de savoir-faire dont font preuve, malgr\u00e9 un contexte difficile pour la vigne et le vin, les producteurs que nous citons dans notre guide \u00bb, ajoute Michel Bettane. Le 2026 met \u00e0 l\u2019honneur 11 personnalit\u00e9s embl\u00e9matiques, reconnues pour leur engagement et leur vision, mais aussi 12 nouveaux talents \u00e0 suivre de pr\u00e8s. Chaque r\u00e9gion du vignoble fran\u00e7ais est racont\u00e9e \u00e0 travers des portraits de celles et ceux qui en dessinent l\u2019avenir, ainsi qu\u2019\u00e0 travers une s\u00e9lection \u00e9tendue de vins par producteur.<\/p>\n<p><strong>Le Guide Lebey 2026 &#8211; restaurants et bistrots Paris<\/strong><br \/>170 adresses incontournables parisiennes, class\u00e9es par arrondissement<br \/>6 portraits de personnalit\u00e9s de la gastronomie, r\u00e9compens\u00e9es pour leur cr\u00e9ativit\u00e9, leur savoir-faire et leur apport unique \u00e0 la sc\u00e8ne culinaire<br \/>108 pages &#8211; 9,90 euros TTC. En vente uniquement sur mybettanedesseauve.fr et via la newsletter Le Jour du Lebey.<br \/>\u00c0 glisser dans sa valise pour s&rsquo;y retrouver dans la jungle culinaire parisienne. Le Guide Lebey fait son grand retour en \u00e9dition imprim\u00e9e et l\u2019\u00e9dition Paris 2026 c\u00e9l\u00e8bre l\u2019\u00e9nergie et la formidable diversit\u00e9 de la sc\u00e8ne culinaire parisienne. Restaurants, bistrots ou adresses coups de c\u0153ur, la s\u00e9lection pointue du guide Lebey met \u00e0 l\u2019honneur les tables qui comptent aujourd\u2019hui dans la capitale et 6 personnalit\u00e9s de la gastronomie, r\u00e9compens\u00e9es pour leur cr\u00e9ativit\u00e9 et leur savoir-faire. Depuis 1987, le guide ind\u00e9pendant d\u00e9fend avec passion le bien manger, la cuisine s\u00e9rieuse et les authentiques professionnels de la restauration.<\/p>\n<p><strong>SALONS<br \/>Cannes Yachting Festival<br \/>Du 9 au 14 septembres 2025<br \/>Vieux Port et Port Canto &#8211; Cannes<\/strong> <br \/>Pendant six jours, au c\u0153ur de la French Riviera, dans la baie de Cannes, 711 bateaux de 5 \u00e0 50 m\u00e8tres, monocoques, multicoques, \u00e0 voile, \u00e0 moteur, \u00e0 coque rigide ou semi rigide, neufs ou d\u2019occasion sont pr\u00e9sent\u00e9s par pr\u00e8s de 680 exposants dont les plus grands chantiers internationaux. Pr\u00e8s de 150 unit\u00e9s fra\u00eechement sorties de leurs ateliers sont mises \u00e0 l\u2019eau pour cette occasion sp\u00e9ciale qu\u2019est le Cannes Yachting Festival et pr\u00e9sent\u00e9es en avant-premi\u00e8re mondiale. A leurs c\u00f4t\u00e9s, les espaces \u00e0 terre accueillent \u00e9quipementiers, motoristes, soci\u00e9t\u00e9s de services\u2026 Pour continuer \u00e0 sensibiliser les visiteurs, le Cannes Yachting Festival propose de nouveau son \u00ab Innovation Route \u00bb avec une quarantaine d\u2019exposants qui pr\u00e9sentent des solutions \u00e9co-performantes et au service d\u2019une meilleure exp\u00e9rience de navigation.<\/p>\n<p><strong>L\u00e9gende de la photo du haut<\/strong> : coucher de soleil sur la plage de l&rsquo;h\u00f4tel Barri\u00e8re Le Majestic &#8211; Cannes Croisette.<br \/><strong>P.S.<\/strong> : le chanson \u00ab Quand vient la fin de l&rsquo;\u00e9t\u00e9 sur la plage \u00bb a \u00e9t\u00e9 cr\u00e9\u00e9e par le chanteur toulousain Mike Shannon avec les Chats Sauvages en 1962. Il a remplac\u00e9 le c\u00e9l\u00e8bre chanteur ni\u00e7ois Dick Rivers au sein du groupe l\u00e9gendaire \u00ab Les Chats Sauvages \u00bb d&rsquo;octobre 1962 \u00e0 mai 1964.<\/p>\n<p>Copyright \u00a92025 NRV Nice Rendezvous. Tous droits r\u00e9serv\u00e9s. <br \/>@ actualites_nrv #Nice06<br \/><a href=\"https:\/\/www.instagram.com\/nice_rendezvous\/\" target=\"_blank\" rel=\"noopener\">https:\/\/www.instagram.com\/nice_rendezvous\/<\/a><br \/><a href=\"https:\/\/www.threads.com\/\" target=\"_blank\" rel=\"noopener\">https:\/\/www.threads.com\/<\/a>@nice_rendezvous<br \/><a href=\"https:\/\/bsky.app\/profile\/nicerendezvous.bsky.social\" target=\"_blank\" rel=\"noopener\">https:\/\/bsky.app\/profile\/nicerendezvous.bsky.social<\/a><\/p>\n<p><img loading=\"lazy\" decoding=\"async\" style=\"margin-right: 20px; margin-bottom: 2px; float: left;\" alt=\"logo-nicerendezvous\" src=\"https:\/\/www.europesays.com\/fr\/wp-content\/uploads\/2025\/04\/logo-nrdv.jpg\" height=\"40\" width=\"40\"\/>Toutes les actualit\u00e9s les plus r\u00e9centes de <strong>NRV<\/strong>, <strong>NiceRendezVous<\/strong>, le site de rencontre avec les \u00e9v\u00e9nements, la culture et l&rsquo;histoire de <strong>Nice, de la C\u00f4te d&rsquo;Azur et de la Principaut\u00e9 de Monaco<\/strong>, sont pr\u00e9sent\u00e9es<a target=\"_blank\" title=\"Les actus r\u00e9centes de Nice-RendezVous sur Google actualit\u00e9s\" href=\"http:\/\/news.google.fr\/news\/search?pz=1&amp;cf=i&amp;ned=fr&amp;hl=fr&amp;q=site%3Anicerendezvous.com&amp;scoring=n&amp;ict=ln\" rel=\"noopener\"> ici par <strong>Google actualit\u00e9<\/strong><\/a><\/p>\n<p id=\"slidetag\">\u00a0<\/p>\n<p><script async src=\"\/\/www.instagram.com\/embed.js\"><\/script><\/p>\n","protected":false},"excerpt":{"rendered":"L\u2019\u00e9t\u00e9 se prolonge sur la plage m\u00eame si le calendrier nous informe que l\u2019automne va bient\u00f4t pointer son&hellip;\n","protected":false},"author":2,"featured_media":9501,"comment_status":"","ping_status":"","sticky":false,"template":"","format":"standard","meta":{"footnotes":""},"categories":[2819],"tags":[1111,11,4763,4764,2883,1777,674,5729,1011,27,12,2401,51799,15656,882,396,25,5256],"class_list":{"0":"post-385203","1":"post","2":"type-post","3":"status-publish","4":"format-standard","5":"has-post-thumbnail","7":"category-nice","8":"tag-actu","9":"tag-actualites","10":"tag-agenda","11":"tag-carnet","12":"tag-ete","13":"tag-eu","14":"tag-europe","15":"tag-fin","16":"tag-fr","17":"tag-france","18":"tag-news","19":"tag-nice","20":"tag-nice-rendezvous-202-semaine-37","21":"tag-plage","22":"tag-provence-alpes-cote-dazur","23":"tag-quand","24":"tag-republique-francaise","25":"tag-vient"},"share_on_mastodon":{"url":"https:\/\/pubeurope.com\/@fr\/115191188371843888","error":""},"_links":{"self":[{"href":"https:\/\/www.europesays.com\/fr\/wp-json\/wp\/v2\/posts\/385203","targetHints":{"allow":["GET"]}}],"collection":[{"href":"https:\/\/www.europesays.com\/fr\/wp-json\/wp\/v2\/posts"}],"about":[{"href":"https:\/\/www.europesays.com\/fr\/wp-json\/wp\/v2\/types\/post"}],"author":[{"embeddable":true,"href":"https:\/\/www.europesays.com\/fr\/wp-json\/wp\/v2\/users\/2"}],"replies":[{"embeddable":true,"href":"https:\/\/www.europesays.com\/fr\/wp-json\/wp\/v2\/comments?post=385203"}],"version-history":[{"count":0,"href":"https:\/\/www.europesays.com\/fr\/wp-json\/wp\/v2\/posts\/385203\/revisions"}],"wp:featuredmedia":[{"embeddable":true,"href":"https:\/\/www.europesays.com\/fr\/wp-json\/wp\/v2\/media\/9501"}],"wp:attachment":[{"href":"https:\/\/www.europesays.com\/fr\/wp-json\/wp\/v2\/media?parent=385203"}],"wp:term":[{"taxonomy":"category","embeddable":true,"href":"https:\/\/www.europesays.com\/fr\/wp-json\/wp\/v2\/categories?post=385203"},{"taxonomy":"post_tag","embeddable":true,"href":"https:\/\/www.europesays.com\/fr\/wp-json\/wp\/v2\/tags?post=385203"}],"curies":[{"name":"wp","href":"https:\/\/api.w.org\/{rel}","templated":true}]}}