{"id":385204,"date":"2025-09-12T11:53:13","date_gmt":"2025-09-12T11:53:13","guid":{"rendered":"https:\/\/www.europesays.com\/fr\/385204\/"},"modified":"2025-09-12T11:53:13","modified_gmt":"2025-09-12T11:53:13","slug":"le-chu-inaugure-son-unite-psychiatrique-de-courte-duree-dediee-aux-15-20-ans","status":"publish","type":"post","link":"https:\/\/www.europesays.com\/fr\/385204\/","title":{"rendered":"Le CHU inaugure son unit\u00e9 psychiatrique de courte dur\u00e9e d\u00e9di\u00e9e aux 15-20 ans"},"content":{"rendered":"<p>Le <a href=\"https:\/\/www.20minutes.fr\/nantes\/4110929-20240919-nantes-va-devenir-site-actuel-chu-reconversion-entre-premiere-phase\" target=\"_blank\" class=\"c-link c-link--is-underlined\" rel=\"noopener\">CHU de Nantes<\/a> a inaugur\u00e9 jeudi son unit\u00e9 de psychiatrie de courte dur\u00e9e \u00ab\u00a0Phila\u00e9\u00a0\u00bb d\u00e9di\u00e9e \u00e0 l\u2019accueil des jeunes de 15 \u00e0 20 ans. \u00ab\u00a0Un lieu indispensable alors que la sant\u00e9 mentale des jeunes se d\u00e9grade\u00a0\u00bb, a indiqu\u00e9 la maire de la ville Johanna Rolland sur son compte Instagram.<\/p>\n<p>Selon les r\u00e9centes conclusions d\u2019une <a href=\"https:\/\/www.20minutes.fr\/sante\/4170766-20250902-sante-mentale-jeune-francais-quatre-depression\" target=\"_blank\" class=\"c-link c-link--is-underlined\" rel=\"noopener\">\u00e9tude sur la sant\u00e9 mentale<\/a> des jeunes men\u00e9e par la mutualit\u00e9 fran\u00e7aise et les instituts Montaigne et Terram\u00a0: 25\u00a0% des jeunes Fran\u00e7ais de 15-29 ans -soit un jeune sur quatre- pr\u00e9sentent des <a href=\"https:\/\/www.20minutes.fr\/high-tech\/sciences\/4169042-20250822-etats-unis-homme-depressif-depuis-30-ans-ressent-nouveau-joie-grace-implant-cerebral\" target=\"_blank\" class=\"c-link c-link--is-underlined\" rel=\"noopener\">signes de d\u00e9pression<\/a> en\u00a02025.<\/p>\n<p>\u00ab\u00a0Renforcer l\u2019offre de soins\u00a0\u00bb chez les jeunes<\/p>\n<p>L\u2019ouverture de cette unit\u00e9 \u00ab\u00a0constitue une premi\u00e8re \u00e9tape d\u00e9terminante pour renforcer l\u2019offre de soins en sant\u00e9 mentale aupr\u00e8s des adolescents et jeunes adultes\u00a0\u00bb, a exprim\u00e9 le directeur g\u00e9n\u00e9ral du CHU de Nantes Philippe El Sa\u00efr. Avec une capacit\u00e9 d\u2019accueil de huit lits, l\u2019unit\u00e9 accueille les patients \u00e0 la suite d\u2019un passage aux urgences. Pour les accompagner le CHU mobilise plusieurs \u00e9ducateurs et infirmiers ainsi qu\u2019un psychiatre, <a href=\"https:\/\/www.20minutes.fr\/sante\/4112299-20240927-enfants-suicidaires-renvoyes-chez-chu-nantes-inquietante-crise-pedopsy\" target=\"_blank\" class=\"c-link c-link--is-underlined\" rel=\"noopener\">p\u00e9dopsychiatre<\/a>, psychologue et une assistante sociale.<\/p>\n<\/p>\n<p>Avec l&rsquo;ouverture de ce nouveau service le CHU de Nantes veut \u00ab\u00a0r\u00e9pondre aux besoins de <a href=\"https:\/\/www.20minutes.fr\/societe\/4133043-20250120-sante-mentale-17-ans-miel-invente-appli-reconnecter-ados-souffrance-parents\" target=\"_blank\" class=\"c-link c-link--is-underlined\" rel=\"noopener\">soins des adolescents et jeunes adultes<\/a>, alors que notre territoire conna\u00eet un retard important dans son offre de soins\u00a0\u00bb, souligne Philippe El Sa\u00efr. Une seconde unit\u00e9 de huit lits suppl\u00e9mentaires devrait voir le jour au sein de l\u2019\u00e9tablissement \u00ab\u00a0\u00e0 horizon\u00a02027\u00a0\u00bb, indique un communiqu\u00e9. <\/p>\n<p>En mai dernier, le syndicat CGT du CHU de Nantes dressait un \u00e9tat des lieux alarmant en Loire-Atlantique. En l\u2019espace de deux ans, <a href=\"https:\/\/www.20minutes.fr\/nantes\/4153080-20250512-loire-atlantique-psychiatrie-va-droit-mur-130-lits-fermes-deux-ans\" target=\"_blank\" class=\"c-link c-link--is-underlined\" rel=\"noopener\">130 lits ont \u00e9t\u00e9 ferm\u00e9s<\/a> au sein des quatre unit\u00e9s sp\u00e9cialis\u00e9es en psychiatrie et p\u00e9dopsychiatrie du d\u00e9partement.<\/p>\n","protected":false},"excerpt":{"rendered":"Le CHU de Nantes a inaugur\u00e9 jeudi son unit\u00e9 de psychiatrie de courte dur\u00e9e \u00ab\u00a0Phila\u00e9\u00a0\u00bb d\u00e9di\u00e9e \u00e0 l\u2019accueil&hellip;\n","protected":false},"author":2,"featured_media":385205,"comment_status":"","ping_status":"","sticky":false,"template":"","format":"standard","meta":{"footnotes":""},"categories":[2818],"tags":[1111,11,1777,674,1011,27,3047,766,12,2636,235,1306,25,71,2072],"class_list":{"0":"post-385204","1":"post","2":"type-post","3":"status-publish","4":"format-standard","5":"has-post-thumbnail","7":"category-nantes","8":"tag-actu","9":"tag-actualites","10":"tag-eu","11":"tag-europe","12":"tag-fr","13":"tag-france","14":"tag-loire-atlantique","15":"tag-nantes","16":"tag-news","17":"tag-pays-de-la-loire","18":"tag-psychiatrie","19":"tag-regions","20":"tag-republique-francaise","21":"tag-sante","22":"tag-sante-mentale"},"share_on_mastodon":{"url":"https:\/\/pubeurope.com\/@fr\/115191192258500366","error":""},"_links":{"self":[{"href":"https:\/\/www.europesays.com\/fr\/wp-json\/wp\/v2\/posts\/385204","targetHints":{"allow":["GET"]}}],"collection":[{"href":"https:\/\/www.europesays.com\/fr\/wp-json\/wp\/v2\/posts"}],"about":[{"href":"https:\/\/www.europesays.com\/fr\/wp-json\/wp\/v2\/types\/post"}],"author":[{"embeddable":true,"href":"https:\/\/www.europesays.com\/fr\/wp-json\/wp\/v2\/users\/2"}],"replies":[{"embeddable":true,"href":"https:\/\/www.europesays.com\/fr\/wp-json\/wp\/v2\/comments?post=385204"}],"version-history":[{"count":0,"href":"https:\/\/www.europesays.com\/fr\/wp-json\/wp\/v2\/posts\/385204\/revisions"}],"wp:featuredmedia":[{"embeddable":true,"href":"https:\/\/www.europesays.com\/fr\/wp-json\/wp\/v2\/media\/385205"}],"wp:attachment":[{"href":"https:\/\/www.europesays.com\/fr\/wp-json\/wp\/v2\/media?parent=385204"}],"wp:term":[{"taxonomy":"category","embeddable":true,"href":"https:\/\/www.europesays.com\/fr\/wp-json\/wp\/v2\/categories?post=385204"},{"taxonomy":"post_tag","embeddable":true,"href":"https:\/\/www.europesays.com\/fr\/wp-json\/wp\/v2\/tags?post=385204"}],"curies":[{"name":"wp","href":"https:\/\/api.w.org\/{rel}","templated":true}]}}