{"id":385206,"date":"2025-09-12T11:54:49","date_gmt":"2025-09-12T11:54:49","guid":{"rendered":"https:\/\/www.europesays.com\/fr\/385206\/"},"modified":"2025-09-12T11:54:49","modified_gmt":"2025-09-12T11:54:49","slug":"le-garcon-souffre-de-plusieurs-fractures-lautomobiliste-en-fuite","status":"publish","type":"post","link":"https:\/\/www.europesays.com\/fr\/385206\/","title":{"rendered":"le gar\u00e7on souffre de plusieurs fractures, l&rsquo;automobiliste en fuite"},"content":{"rendered":"<p>            Par<br \/>\n        <strong><br \/>\n            <a href=\"https:\/\/actu.fr\/auteur\/thomas-bernard\" title=\"Consulter tous les articles de Thomas Bernard\" target=\"_blank\" rel=\"noopener\">Thomas Bernard<\/a><br \/>\n        <\/strong><\/p>\n<p>        Publi\u00e9 le<\/p>\n<p>            12 sept. 2025 \u00e0 9h09<br \/>\n        ; mis \u00e0 jour le 12 sept. 2025 \u00e0 11h51    <\/p>\n<p>[Mise \u00e0 jour le vendredi 12 septembre 2025 \u00e0 10\u2009h\u200950\u2009: selon les \u00e9l\u00e9ments communiqu\u00e9s par la police \u00e0 actu Nantes, le petit gar\u00e7on souffre de plusieurs fractures au niveau du bassin, de la m\u00e2choire et du tibia p\u00e9ron\u00e9. Ses jours ne seraient plus en danger. L\u2019automobiliste, au volant d\u2019un Renault Sc\u00e9nic au moment des faits, est toujours en fuite et activement recherch\u00e9. Une enqu\u00eate a \u00e9t\u00e9 ouverte.]<\/p>\n<p class=\" wall-content\">Un drame en d\u00e9but de soir\u00e9e, ce jeudi 11\u00a0septembre 2025. Peu apr\u00e8s 18h30, les pompiers interviennent dans le quartier Chantenay-Bellevue-Sainte-Anne suite \u00e0 un accident de la voie publique entre un pi\u00e9ton et une voiture. <strong>Un gar\u00e7on \u00e2g\u00e9 de 7\u00a0ans a \u00e9t\u00e9 renvers\u00e9 par un v\u00e9hicule<\/strong>, rue du Bois Hardy.<\/p>\n<p>    <a href=\"https:\/\/www.google.com\/maps\/embed?pb=!1m18!1m12!1m3!1d4558.83244954113!2d-1.6042079035073595!3d47.20292340332359!2m3!1f0!2f0!3f0!3m2!1i1024!2i768!4f13.1!3m3!1m2!1s0x4805eb800c075bd3%3A0xa3cb4aa782f5a41e!2sRue%20du%20Bois%20Hardy%2C%2044100%20Nantes!5e0!3m2!1sfr!2sfr!4v1757660340963!5m2!1sfr!2sfr\" title=\"Ouvrie le lien\" target=\"_blank\" rel=\"noopener\">Cliquez ici pour visualiser le contenu<\/a><\/p>\n<p>Le chauffeur a pris la\u00a0fuite<\/p>\n<p class=\" wall-content\">Selon le centre op\u00e9rationnel d\u00e9partemental d\u2019incendie et de secours (Codis), <strong>l\u2019enfant a \u00e9t\u00e9 transport\u00e9 en urgence absolue au CHU de Nantes<\/strong>. Toujours selon les pompiers, la voiture qui a renvers\u00e9 le petit gar\u00e7on a pris la fuite.<\/p>\n<p class=\" wall-content\">Personnalisez votre actualit\u00e9 en ajoutant vos villes et m\u00e9dias en favori avec <a href=\"https:\/\/moncompte.actu.fr\" title=\"D\u00e9couvez Mon Actu\" rel=\"nofollow noopener\" data-trk=\"{&quot;cta&quot;:{&quot;action&quot;:&quot;https:\\\/\\\/moncompte.actu.fr&quot;,&quot;category&quot;:&quot;mon compte&quot;,&quot;from&quot;:&quot;article footer&quot;,&quot;name&quot;:&quot;Mon actu&quot;,&quot;type&quot;:&quot;cta&quot;}}\" target=\"_blank\">Mon Actu<\/a>.<\/p>\n","protected":false},"excerpt":{"rendered":"Par Thomas Bernard Publi\u00e9 le 12 sept. 2025 \u00e0 9h09 ; mis \u00e0 jour le 12 sept. 2025&hellip;\n","protected":false},"author":2,"featured_media":385207,"comment_status":"","ping_status":"","sticky":false,"template":"","format":"standard","meta":{"footnotes":""},"categories":[2818],"tags":[119,1111,11,7426,1777,674,118,1011,27,766,12,2636,1311,25],"class_list":{"0":"post-385206","1":"post","2":"type-post","3":"status-publish","4":"format-standard","5":"has-post-thumbnail","7":"category-nantes","8":"tag-accident","9":"tag-actu","10":"tag-actualites","11":"tag-chu-de-nantes","12":"tag-eu","13":"tag-europe","14":"tag-faits-divers","15":"tag-fr","16":"tag-france","17":"tag-nantes","18":"tag-news","19":"tag-pays-de-la-loire","20":"tag-pompiers","21":"tag-republique-francaise"},"share_on_mastodon":{"url":"https:\/\/pubeurope.com\/@fr\/115191200156928276","error":""},"_links":{"self":[{"href":"https:\/\/www.europesays.com\/fr\/wp-json\/wp\/v2\/posts\/385206","targetHints":{"allow":["GET"]}}],"collection":[{"href":"https:\/\/www.europesays.com\/fr\/wp-json\/wp\/v2\/posts"}],"about":[{"href":"https:\/\/www.europesays.com\/fr\/wp-json\/wp\/v2\/types\/post"}],"author":[{"embeddable":true,"href":"https:\/\/www.europesays.com\/fr\/wp-json\/wp\/v2\/users\/2"}],"replies":[{"embeddable":true,"href":"https:\/\/www.europesays.com\/fr\/wp-json\/wp\/v2\/comments?post=385206"}],"version-history":[{"count":0,"href":"https:\/\/www.europesays.com\/fr\/wp-json\/wp\/v2\/posts\/385206\/revisions"}],"wp:featuredmedia":[{"embeddable":true,"href":"https:\/\/www.europesays.com\/fr\/wp-json\/wp\/v2\/media\/385207"}],"wp:attachment":[{"href":"https:\/\/www.europesays.com\/fr\/wp-json\/wp\/v2\/media?parent=385206"}],"wp:term":[{"taxonomy":"category","embeddable":true,"href":"https:\/\/www.europesays.com\/fr\/wp-json\/wp\/v2\/categories?post=385206"},{"taxonomy":"post_tag","embeddable":true,"href":"https:\/\/www.europesays.com\/fr\/wp-json\/wp\/v2\/tags?post=385206"}],"curies":[{"name":"wp","href":"https:\/\/api.w.org\/{rel}","templated":true}]}}