{"id":38521,"date":"2025-04-20T09:17:10","date_gmt":"2025-04-20T09:17:10","guid":{"rendered":"https:\/\/www.europesays.com\/fr\/38521\/"},"modified":"2025-04-20T09:17:10","modified_gmt":"2025-04-20T09:17:10","slug":"quand-lapero-tourne-au-carnage-a-grenoble","status":"publish","type":"post","link":"https:\/\/www.europesays.com\/fr\/38521\/","title":{"rendered":"quand l&rsquo;ap\u00e9ro tourne au carnage \u00e0 Grenoble"},"content":{"rendered":"<p>Grenoble, le 16 janvier 1988, 20 heures. Au bar Le Marly, c\u2019est encore l\u2019heure de l\u2019ap\u00e9ritif. Sous les yeux de Madame Martin, la patronne, huit clients discutent un verre \u00e0 la main. Plong\u00e9s dans leur conversation, ils ne voient pas le fourgon qui, \u00e0 20 h 15, ralentit \u00e0 la hauteur du bar. Cinq minutes plus tard, les clients ne remarquent pas non plus la Golf qui s\u2019arr\u00eate \u00e0 quelques m\u00e8tres de l\u2019\u00e9tablissement. Il est 20 h 20, trois hommes encagoul\u00e9s descendent de la voiture et foncent vers le bar. L\u2019ap\u00e9ro tourne au carnage.<\/p>\n<p class=\"componentDescription\">Retrouvez tous les \u00e9pisodes de notre s\u00e9rie de podcasts \u00ab\u00a0Crimes et myst\u00e8res, des Alpes jusqu&rsquo;\u00e0 Marseille\u00a0\u00bb<\/p>\n<p>Ce contenu est bloqu\u00e9 car vous n&rsquo;avez pas accept\u00e9 les cookies et autres traceurs.<\/p>\n<p>En cliquant sur \u00ab J\u2019accepte \u00bb, les cookies et autres traceurs seront d\u00e9pos\u00e9s et vous pourrez visualiser les contenus Acast (<a href=\"\" class=\"consentModule_policy\" target=\"_blank\" title=\"Consulter la politique de protection des donn\u00e9es du fournisseur\">plus d&rsquo;informations<\/a>).<\/p>\n<p>En cliquant sur \u00ab J\u2019accepte tous les cookies \u00bb, vous autorisez des d\u00e9p\u00f4ts de cookies et autres traceurs pour le stockage de vos donn\u00e9es sur nos sites et applications \u00e0 des fins de personnalisation et de ciblage publicitaire.<\/p>\n<p class=\"consentModule_secondaryText\">&#13;<br \/>\n                Vous gardez la possibilit\u00e9 de retirer votre consentement \u00e0 tout moment en consultant notre <a href=\"https:\/\/www.ledauphine.com\/protection-des-donnees\" target=\"_blank\" title=\"Consulter notre politique de protection des donn\u00e9es\" rel=\"noopener\">politique de protection des donn\u00e9es<\/a>. <br \/>&#13;<br \/>\n                <a href=\"https:\/\/www.ledauphine.com\/faits-divers-justice\/2025\/04\/19\/javascript:Didomi.notice.show()\" class=\"consentModule_cmp\" target=\"_blank\" rel=\"noopener\">G\u00e9rer mes choix<\/a>&#13;\n            <\/p>\n<p>&#13;<br \/>\n                                J&rsquo;accepte&#13;<br \/>\n                J&rsquo;accepte tous les cookies&#13;\n            <\/p>\n","protected":false},"excerpt":{"rendered":"Grenoble, le 16 janvier 1988, 20 heures. Au bar Le Marly, c\u2019est encore l\u2019heure de l\u2019ap\u00e9ritif. Sous les&hellip;\n","protected":false},"author":2,"featured_media":38522,"comment_status":"","ping_status":"","sticky":false,"template":"","format":"standard","meta":{"footnotes":""},"categories":[9566],"tags":[1111,11,2430,112,1777,674,274,107,1011,27,2731,108,12,3725,25,273,106],"class_list":{"0":"post-38521","1":"post","2":"type-post","3":"status-publish","4":"format-standard","5":"has-post-thumbnail","7":"category-grenoble","8":"tag-actu","9":"tag-actualites","10":"tag-auvergne-rhone-alpes","11":"tag-edition-grenoble-agglomeration","12":"tag-eu","13":"tag-europe","14":"tag-faits-divers-justice","15":"tag-fil-info","16":"tag-fr","17":"tag-france","18":"tag-grenoble","19":"tag-isere","20":"tag-news","21":"tag-podcast","22":"tag-republique-francaise","23":"tag-selection-de-la-redaction","24":"tag-selection-de-la-redaction-38"},"share_on_mastodon":{"url":"https:\/\/pubeurope.com\/@fr\/114369543797464330","error":""},"_links":{"self":[{"href":"https:\/\/www.europesays.com\/fr\/wp-json\/wp\/v2\/posts\/38521","targetHints":{"allow":["GET"]}}],"collection":[{"href":"https:\/\/www.europesays.com\/fr\/wp-json\/wp\/v2\/posts"}],"about":[{"href":"https:\/\/www.europesays.com\/fr\/wp-json\/wp\/v2\/types\/post"}],"author":[{"embeddable":true,"href":"https:\/\/www.europesays.com\/fr\/wp-json\/wp\/v2\/users\/2"}],"replies":[{"embeddable":true,"href":"https:\/\/www.europesays.com\/fr\/wp-json\/wp\/v2\/comments?post=38521"}],"version-history":[{"count":0,"href":"https:\/\/www.europesays.com\/fr\/wp-json\/wp\/v2\/posts\/38521\/revisions"}],"wp:featuredmedia":[{"embeddable":true,"href":"https:\/\/www.europesays.com\/fr\/wp-json\/wp\/v2\/media\/38522"}],"wp:attachment":[{"href":"https:\/\/www.europesays.com\/fr\/wp-json\/wp\/v2\/media?parent=38521"}],"wp:term":[{"taxonomy":"category","embeddable":true,"href":"https:\/\/www.europesays.com\/fr\/wp-json\/wp\/v2\/categories?post=38521"},{"taxonomy":"post_tag","embeddable":true,"href":"https:\/\/www.europesays.com\/fr\/wp-json\/wp\/v2\/tags?post=38521"}],"curies":[{"name":"wp","href":"https:\/\/api.w.org\/{rel}","templated":true}]}}