{"id":385224,"date":"2025-09-12T12:04:11","date_gmt":"2025-09-12T12:04:11","guid":{"rendered":"https:\/\/www.europesays.com\/fr\/385224\/"},"modified":"2025-09-12T12:04:11","modified_gmt":"2025-09-12T12:04:11","slug":"la-circulation-des-tgv-perturbee-sur-laxe-paris-lyon","status":"publish","type":"post","link":"https:\/\/www.europesays.com\/fr\/385224\/","title":{"rendered":"la circulation des TGV perturb\u00e9e sur l&rsquo;axe Paris-Lyon"},"content":{"rendered":"<p>Gal\u00e8re en cours pour les voyageurs sur la ligne \u00e0 grande vitesse Sud-Est. En gare, la SNCF explique les retards, qui peuvent aller de 20 minutes jusqu&rsquo;\u00e0 deux heures, par \u00ab\u00a0une panne de la signalisation caus\u00e9e par un vol de c\u00e2ble aux abords de la gare du Creusot Montchanin\u00a0\u00bb.<\/p>\n<p>En cons\u00e9quence, certains trains doivent \u00eatres d\u00e9tourn\u00e9s sur la ligne classique. D\u2019apr\u00e8s la SNCF,\u00a0le retour \u00e0 la normale de la circulation n\u2019est pas pr\u00e9vu avant ce samedi d\u00e9but de matin\u00e9e.<\/p>\n<p>  Des retards aussi entre Lyon et Marseille<\/p>\n<p>Ce midi entre Lyon et Paris, les retards sont plut\u00f4t estim\u00e9s \u00e0 1 h 30 par la SNCF. \u00c0 titre d\u2019exemple, le TGV Inoui 6618 est parti de Perrache avec 5 minutes de retard &#8211; il passait ensuite par Part-Dieu &#8211; mais il accusera une heure trente de retard \u00e0 l\u2019arriv\u00e9e gare de Lyon. Les voyageurs seront \u00e0 Paris \u00e0 16 h 30 au lieu de 15 heures initialement.<\/p>\n<p>Entre Lyon et Marseille, de gros retards sont aussi en cours. Le Ouigo de 16 h 06 \u00e0 Part-Dieu n\u2019est pas annonc\u00e9 avant 17 h 56.<\/p>\n","protected":false},"excerpt":{"rendered":"Gal\u00e8re en cours pour les voyageurs sur la ligne \u00e0 grande vitesse Sud-Est. En gare, la SNCF explique&hellip;\n","protected":false},"author":2,"featured_media":385225,"comment_status":"","ping_status":"","sticky":false,"template":"","format":"standard","meta":{"footnotes":""},"categories":[1889],"tags":[1111,11,2430,3542,2757,1777,674,1011,27,2428,12,25,2429,1097,2803],"class_list":{"0":"post-385224","1":"post","2":"type-post","3":"status-publish","4":"format-standard","5":"has-post-thumbnail","7":"category-lyon","8":"tag-actu","9":"tag-actualites","10":"tag-auvergne-rhone-alpes","11":"tag-circulation","12":"tag-edition-lyon-villeurbanne","13":"tag-eu","14":"tag-europe","15":"tag-fr","16":"tag-france","17":"tag-lyon","18":"tag-news","19":"tag-republique-francaise","20":"tag-rhone","21":"tag-trafic","22":"tag-transport"},"share_on_mastodon":{"url":"https:\/\/pubeurope.com\/@fr\/115191235431735657","error":""},"_links":{"self":[{"href":"https:\/\/www.europesays.com\/fr\/wp-json\/wp\/v2\/posts\/385224","targetHints":{"allow":["GET"]}}],"collection":[{"href":"https:\/\/www.europesays.com\/fr\/wp-json\/wp\/v2\/posts"}],"about":[{"href":"https:\/\/www.europesays.com\/fr\/wp-json\/wp\/v2\/types\/post"}],"author":[{"embeddable":true,"href":"https:\/\/www.europesays.com\/fr\/wp-json\/wp\/v2\/users\/2"}],"replies":[{"embeddable":true,"href":"https:\/\/www.europesays.com\/fr\/wp-json\/wp\/v2\/comments?post=385224"}],"version-history":[{"count":0,"href":"https:\/\/www.europesays.com\/fr\/wp-json\/wp\/v2\/posts\/385224\/revisions"}],"wp:featuredmedia":[{"embeddable":true,"href":"https:\/\/www.europesays.com\/fr\/wp-json\/wp\/v2\/media\/385225"}],"wp:attachment":[{"href":"https:\/\/www.europesays.com\/fr\/wp-json\/wp\/v2\/media?parent=385224"}],"wp:term":[{"taxonomy":"category","embeddable":true,"href":"https:\/\/www.europesays.com\/fr\/wp-json\/wp\/v2\/categories?post=385224"},{"taxonomy":"post_tag","embeddable":true,"href":"https:\/\/www.europesays.com\/fr\/wp-json\/wp\/v2\/tags?post=385224"}],"curies":[{"name":"wp","href":"https:\/\/api.w.org\/{rel}","templated":true}]}}