{"id":385228,"date":"2025-09-12T12:08:17","date_gmt":"2025-09-12T12:08:17","guid":{"rendered":"https:\/\/www.europesays.com\/fr\/385228\/"},"modified":"2025-09-12T12:08:17","modified_gmt":"2025-09-12T12:08:17","slug":"les-journees-nationales-des-artistes-ouvrent-les-ateliers-au-public","status":"publish","type":"post","link":"https:\/\/www.europesays.com\/fr\/385228\/","title":{"rendered":"Les Journ\u00e9es nationales des artistes ouvrent les ateliers au public"},"content":{"rendered":"<p><img loading=\"lazy\" decoding=\"async\" alt=\"\u00a9 AP-Anne-Moreaux - Aur\u00e9lie Ferrand, R\u00e9my Aron et Tristan Vyscok, respectivement directrice g\u00e9n\u00e9rale, pr\u00e9sident et membre du conseil d'administration de La Maison des Artistes lors du lancement de la 1re \u00e9dition des JNA.\" data-zoom-src=\"https:\/\/www.europesays.com\/fr\/wp-content\/uploads\/2025\/09\/initial-jna-2025.jpg\" data-zoomable=\"\" height=\"702\" src=\"https:\/\/www.europesays.com\/fr\/wp-content\/uploads\/2025\/09\/initial-jna-2025.jpg\" width=\"1248\"\/>  <\/p>\n<p class=\"article-desc\">\u00a9 AP-Anne-Moreaux &#8211; Aur\u00e9lie Ferrand, R\u00e9my Aron et Tristan Vyscok, respectivement directrice g\u00e9n\u00e9rale, pr\u00e9sident et membre du conseil d&rsquo;administration de La Maison des Artistes lors du lancement de la 1re \u00e9dition des JNA. <\/p>\n<p>Ce samedi 13 et dimanche 14 septembre, le public est invit\u00e9 \u00e0 pousser la porte des <strong>ateliers d\u2019artistes <\/strong>de son territoire, \u00e0 \u00e9changer sur leur travail, participer \u00e0 des d\u00e9monstrations et d\u00e9couvrir ou acqu\u00e9rir des \u0153uvres. <\/p>\n<p>Port\u00e9es par <strong>La Maison des Artistes<\/strong>, association de r\u00e9f\u00e9rence totalement ind\u00e9pendante et derni\u00e8re grande structure professionnelle pour les artistes visuels qui compte 25 000 adh\u00e9rents, les <strong>Journ\u00e9es nationales des artistes <\/strong>(<a href=\"https:\/\/mesinfos.fr\/92260-fontenay-aux-roses\/fontenay-aux-roses-participe-aux-journees-portes-ouvertes-des-ateliers-d-artistes-228471.html\" rel=\"noopener\" target=\"_blank\">JNA<\/a>) ont pour objectif de mettre en lumi\u00e8re la diversit\u00e9 de la cr\u00e9ation artistique, et <strong>favoriser le lien direct<\/strong>\u00a0entre les artistes et le public. <\/p>\n<blockquote>\n<p>\u201cNous souhaitons que cette grande f\u00eate soit bouillonnante, cr\u00e9ative et vivante\u201d, lance <strong>R\u00e9my Aron, pr\u00e9sident de La Maison des Artistes<\/strong> et artiste peintre, ravi de lancer l\u2019\u00e9v\u00e9nement. <\/p>\n<\/blockquote>\n<p>B\u00e9n\u00e9ficiant du <strong>parrainage de la ministre de la Culture Rachida Dati<\/strong>, et r\u00e9alis\u00e9e en partenariat avec l&rsquo;Association des Maires de France et des Pr\u00e9sidents d&rsquo;Intercommunalit\u00e9, cette initiative originale s\u2019appuie sur un <strong>maillage territorial fort<\/strong>, associant collectivit\u00e9s locales, associations et entreprises afin d&rsquo;ouvrir de nouveaux espaces d&rsquo;expositions aux artistes. <\/p>\n<p>D\u00e9couvrir le site officiel des JNA <\/p>\n<p>Le site officiel des JNA vous permet de voir quels sont les \u00e9v\u00e9nements et les portes ouvertes d&rsquo;atelier de votre commune, d\u00e9partement ou territoire. Cliquez ici : <a href=\"https:\/\/www.lesjourneesnationalesdesartistes.fr\/\" target=\"_blank\" rel=\"noopener\">www.lesjourneesnationalesdesartistes.fr\/.<\/a> <\/p>\n<p><img decoding=\"async\" alt=\"\" class=\"img-size-full\" data-zoomable=\"\" height=\"827\" loading=\"lazy\" src=\"https:\/\/www.europesays.com\/fr\/wp-content\/uploads\/2025\/09\/jna-carte-evenements.jpg\" width=\"1597\"\/> <\/p>\n<p>Un colloque sur les actualit\u00e9s de l&rsquo;art ( \u00ab\u00a0\u00c9lus et artistes dans la cit\u00e9\u00a0\u00bb ; \u00ab\u00a0IA et protection du droit d\u2019auteur\u00a0\u00bb ; \u00ab\u00a0Vers un statut des artistes-auteurs en Europe ?\u00a0\u00bb) a lieu <strong>ce vendredi 12 septembre<\/strong> \u00e0 partir de 14h et est diffus\u00e9 en direct sur <a data-link-id=\"8YdA3vTCSnacarNcTL5G3A\" href=\"https:\/\/eye.la-maison-des-artistes.fr\/c?p=wAbNCHXDxBDQhkbQsfAk0MBE0I_QofHQtdCmadDN_SjEEPHQh0DQ3vTQwkp20Jxq0LNcTNC-RtDc2SxodHRwczovL2xlc2pvdXJuZWVzbmF0aW9uYWxlc2Rlc2FydGlzdGVzLmZyL7g1YTYwOGVlMGI4NWI1MzZhOWY0YmRhNWTZJGVjZjdkZmU5LTQ5MzAtNGU0My04MWY4LTdhOWMyMDI1ZDUxZcC2Z0tTRHAtcUFRRUNFRi02THBmNUhhUb1leWUubGEtbWFpc29uLWRlcy1hcnRpc3Rlcy5mcsQU0MYO0IDQyNCn8BnQiu51ItDaJQLQxzwUXhnQsw\" rel=\"noopener\" target=\"_blank\">le site des JNA<\/a> ainsi que sur <a class=\"invalid-link\" data-link-id=\"Ta7XChakQ8yY1mgNjrsX2A\" href=\"https:\/\/eye.la-maison-des-artistes.fr\/c?p=wAbNCHXDxBDQhkbQsfAk0MBE0I_QofHQtdCmadDN_SjEENCbZkhiQzhA0NDQuCTQotC7ChDQptCb2TVodHRwczovL3d3dy55b3V0dWJlLmNvbS9AbGFtYWlzb25kZXNhcnRpc3Rlc19vZmZpY2llbLg1YTYwOGVlMGI4NWI1MzZhOWY0YmRhNWTZJGVjZjdkZmU5LTQ5MzAtNGU0My04MWY4LTdhOWMyMDI1ZDUxZcC2Z0tTRHAtcUFRRUNFRi02THBmNUhhUb1leWUubGEtbWFpc29uLWRlcy1hcnRpc3Rlcy5mcsQU0MYO0IDQyNCn8BnQiu51ItDaJQLQxzwUXhnQsw\" rel=\"noopener\" target=\"_blank\">la cha\u00eene YouTube<\/a> de La Maison des Artistes.\u00a0<\/p>\n<p>  Exposer la diversit\u00e9 de la cr\u00e9ation fran\u00e7aise <\/p>\n<p><strong>La Maison des Artistes<\/strong> joue un r\u00f4le majeur pour <strong>soutenir la cr\u00e9ation fran\u00e7aise<\/strong>. Ainsi, c\u2019est elle qui a recueilli la s\u00e9curit\u00e9 sociale des artistes d\u00e8s les ann\u00e9es 1960 jusqu&rsquo;\u00e0 fin 2022 apr\u00e8s sa fusion avec l&rsquo;Agessa. Tous les membres de son conseil d\u2019administration sont b\u00e9n\u00e9voles et l&rsquo;adh\u00e9sion co\u00fbte seulement 34 euros par artiste. <\/p>\n<p>Avec les <strong>JNA<\/strong>, elle entend poursuivre son action en affirmant des objectifs ambitieux : <\/p>\n<ul>\n<li><strong>exposer la diversit\u00e9 de la cr\u00e9ation fran\u00e7aise\u00a0<\/strong>; <\/li>\n<li>d\u00e9velopper le contact direct entre le public et les artistes lors d\u2019une focale annuelle\u00a0; <\/li>\n<li>favoriser le d\u00e9veloppement de projets locaux multi-acteurs communs\u00a0; <\/li>\n<li>soutenir la visibilit\u00e9 des \u0153uvres comme premi\u00e8re source de revenus pour les artistes auteurs du champ des arts visuels\u00a0; <\/li>\n<li>mettre en lumi\u00e8re les enjeux auxquels sont confront\u00e9s les artistes.<\/li>\n<\/ul>\n<blockquote>\n<p>\u201cLes JNA sont une reconqu\u00eate et peut \u00eatre m\u00eame une renaissance car nous savons que la grande diversit\u00e9 de la cr\u00e9ation artistique n&rsquo;est pas mise en avant par les institutions\u201d, explique <strong>R\u00e9my Aron, pr\u00e9sident de La Maison des Artistes<\/strong>. <\/p>\n<\/blockquote>\n<p>Pour cette premi\u00e8re \u00e9dition, pas moins de <strong>2778 artistes<\/strong> participent aux JNA sur tout le territoire \u00e0 travers <strong>1420 \u00e9v\u00e9nements<\/strong>. L\u2019id\u00e9e fondamentale consiste \u00e0 \u201cd\u00e9fendre le d\u00e9sir et la diversit\u00e9 des artistes\u201d gr\u00e2ce \u00e0 la \u201cmutualisation des \u00e9nergies\u201d. <\/p>\n<p><img decoding=\"async\" alt=\"\" class=\"img-align-center img-size-limited\" data-zoomable=\"\" height=\"1601\" loading=\"lazy\" src=\"https:\/\/www.europesays.com\/fr\/wp-content\/uploads\/2025\/09\/ouverture-jna-aurelie-ferrand-remy-aron-tristan-vystok.jpg\" width=\"2000\"\/>\u00a9 AP-Anne-Moreaux &#8211; \u201cAujourd&rsquo;hui le temps d&rsquo;exposition se r\u00e9duit comme peau de chagrin et r\u00e9ussir \u00e0 vivre de son art est tr\u00e8s compliqu\u00e9\u201d, d\u00e9plore <strong>R\u00e9my Aron, pr\u00e9sident de La Maison des Artistes.\u00a0<\/strong> <\/p>\n<p>D\u00e9mocratiser le contact direct avec les artistes <\/p>\n<p>L&rsquo;id\u00e9e est de cr\u00e9er une journ\u00e9e o\u00f9 un moment d\u00e9di\u00e9, comme pour la f\u00eate de la musique, o\u00f9 les ateliers d&rsquo;artistes feraient leurs portes ouvertes pour f\u00eater l&rsquo;art sur tout le territoire. <\/p>\n<blockquote>\n<p><strong>\u201c<\/strong>Les JNA sont un moyen de dire que l&rsquo;art est pour tous ! Il faut casser les inhibitions et aider les gens \u00e0 pousser les portes des ateliers et des galeries d&rsquo;art\u201d, d\u00e9clare <strong>Tristan Vyscok, membre du conseil d&rsquo;administration de La Maison des Artistes<\/strong>. <\/p>\n<\/blockquote>\n<p>L\u2019\u00e9v\u00e9nement vise ainsi \u00e0 <strong>d\u00e9mocratiser le contact direct avec les artistes <\/strong>en associant diverse structures, en rapprochant l\u2019offre et la demande de lieux et en diffusant les bonnes pratiques pour une reconnaissance de la profession d\u2019artiste. <\/p>\n<p>\u201cAujourd&rsquo;hui le temps d&rsquo;exposition se r\u00e9duit comme peau de chagrin et r\u00e9ussir \u00e0 vivre de son art est tr\u00e8s compliqu\u00e9 donc la continuit\u00e9 des revenus pr\u00e9par\u00e9e par le gouvernement ne doit pas \u00eatre une tarte \u00e0 la cr\u00e8me\u201d, commente <strong>R\u00e9my Aron <\/strong>faisant r\u00e9f\u00e9rence \u00e0 la <a href=\"http:\/\/www.affiches-parisiennes.com\/cdn-cgi\/l\/email-protection#82eaf6f6f2f1b8adadf5f5f5acf1e7ece3f6ace4f0adeee7e5adf2f2eeb0b6afb3b2b5aceaf6efee\" rel=\"noopener\" target=\"_blank\">proposition de loi visant\u00a0\u00e0\u00a0garantir\u00a0la\u00a0continuit\u00e9\u00a0des\u00a0revenus\u00a0des\u00a0artistes-auteurs<\/a>, d\u00e9pos\u00e9e au S\u00e9nat fin 2024 et dont l\u2019aboutissement se fait attendre.<\/p>\n<p> Appeler au m\u00e9c\u00e9nat pour soutenir l&rsquo;art <\/p>\n<p>Pour<strong> Tristan Vyscok<\/strong>, si Dosto\u00efevski disait que \u201cla beaut\u00e9 sauvera le monde\u201d, les JNA sauveront peut-\u00eatre les artistes en leur offrant une v\u00e9ritable visibilit\u00e9 et en permettant des partenariats avec les acteurs de la vie \u00e9conomique. <\/p>\n<p>La Maison des Artistes nourri l\u2019ambition que les JNE aient un rayonnement fort au fur et \u00e0 mesure de leurs \u00e9ditions et puissent \u00eatre \u00e0 l\u2019origine de nombreux partenariats. Le but est aussi<strong> d\u2019appeler au m\u00e9c\u00e9nat pour soutenir l&rsquo;art<\/strong>. <\/p>\n<p>\u201cCe projet a \u00e9t\u00e9 r\u00e9alis\u00e9 pour rapprocher les artistes des structures publiques de leur territoire. Nous avons cr\u00e9\u00e9 une application qui permet de faire rencontrer l&rsquo;offre et la demande de lieu d&rsquo;exposition d&rsquo;art et la volont\u00e9 d&rsquo;accompagner les bonnes pratiques professionnelles\u201d, pr\u00e9cise Aur\u00e9lie Ferrand, directrice g\u00e9n\u00e9rale de cette association totalement ind\u00e9pendante qui ne re\u00e7oit aucune subvention publique \u201cce qui lui conf\u00e8re une libert\u00e9 et une capacit\u00e9 de parole tr\u00e8s importante\u201d.<\/p>\n","protected":false},"excerpt":{"rendered":"\u00a9 AP-Anne-Moreaux &#8211; Aur\u00e9lie Ferrand, R\u00e9my Aron et Tristan Vyscok, respectivement directrice g\u00e9n\u00e9rale, pr\u00e9sident et membre du conseil&hellip;\n","protected":false},"author":2,"featured_media":385229,"comment_status":"","ping_status":"","sticky":false,"template":"","format":"standard","meta":{"footnotes":""},"categories":[1888],"tags":[1111,1928,11,1927,3734,2937,1777,674,1011,27,12,1926,626,1925,25],"class_list":{"0":"post-385228","1":"post","2":"type-post","3":"status-publish","4":"format-standard","5":"has-post-thumbnail","7":"category-paris","8":"tag-actu","9":"tag-actu-paris","10":"tag-actualites","11":"tag-actualites-paris","12":"tag-art","13":"tag-artistes","14":"tag-eu","15":"tag-europe","16":"tag-fr","17":"tag-france","18":"tag-news","19":"tag-news-paris","20":"tag-paris","21":"tag-paris-news","22":"tag-republique-francaise"},"share_on_mastodon":{"url":"https:\/\/pubeurope.com\/@fr\/115191251697215439","error":""},"_links":{"self":[{"href":"https:\/\/www.europesays.com\/fr\/wp-json\/wp\/v2\/posts\/385228","targetHints":{"allow":["GET"]}}],"collection":[{"href":"https:\/\/www.europesays.com\/fr\/wp-json\/wp\/v2\/posts"}],"about":[{"href":"https:\/\/www.europesays.com\/fr\/wp-json\/wp\/v2\/types\/post"}],"author":[{"embeddable":true,"href":"https:\/\/www.europesays.com\/fr\/wp-json\/wp\/v2\/users\/2"}],"replies":[{"embeddable":true,"href":"https:\/\/www.europesays.com\/fr\/wp-json\/wp\/v2\/comments?post=385228"}],"version-history":[{"count":0,"href":"https:\/\/www.europesays.com\/fr\/wp-json\/wp\/v2\/posts\/385228\/revisions"}],"wp:featuredmedia":[{"embeddable":true,"href":"https:\/\/www.europesays.com\/fr\/wp-json\/wp\/v2\/media\/385229"}],"wp:attachment":[{"href":"https:\/\/www.europesays.com\/fr\/wp-json\/wp\/v2\/media?parent=385228"}],"wp:term":[{"taxonomy":"category","embeddable":true,"href":"https:\/\/www.europesays.com\/fr\/wp-json\/wp\/v2\/categories?post=385228"},{"taxonomy":"post_tag","embeddable":true,"href":"https:\/\/www.europesays.com\/fr\/wp-json\/wp\/v2\/tags?post=385228"}],"curies":[{"name":"wp","href":"https:\/\/api.w.org\/{rel}","templated":true}]}}