{"id":385230,"date":"2025-09-12T12:09:10","date_gmt":"2025-09-12T12:09:10","guid":{"rendered":"https:\/\/www.europesays.com\/fr\/385230\/"},"modified":"2025-09-12T12:09:10","modified_gmt":"2025-09-12T12:09:10","slug":"les-dossiers-saccumulent-selon-la-procureure-de-paris","status":"publish","type":"post","link":"https:\/\/www.europesays.com\/fr\/385230\/","title":{"rendered":"les dossiers s&rsquo;accumulent, selon la procureure de Paris"},"content":{"rendered":"<p class=\"mb-4 text-lg md:leading-8 break-words\">En France, quatre jours apr\u00e8s la d\u00e9couverte d&rsquo;une dizaine de t\u00eates de cochons d\u00e9pos\u00e9es devant des mosqu\u00e9es de Paris et sa proche banlieue, aucune arrestation n&rsquo;a encore \u00e9t\u00e9 r\u00e9alis\u00e9e mais la piste de l&rsquo;ing\u00e9rence \u00e9trang\u00e8re s&rsquo;\u00e9toffe. D\u00e8s le lendemain, le parquet annon\u00e7ait que les responsables de ces actes \u00e9taient \u00e9trangers et avaient d\u00e9j\u00e0 quitt\u00e9 le territoire. La procureure de Paris souligne, ce vendredi 12 septembre, l&rsquo;importance croissante des ing\u00e9rences \u00e9trang\u00e8res dans le but de d\u00e9stabiliser la soci\u00e9t\u00e9 fran\u00e7aise\u00a0: depuis 2023, c&rsquo;est le neuvi\u00e8me dossier g\u00e9r\u00e9 par son parquet.<\/p>\n<p class=\"mb-4 text-lg md:leading-8 break-words\">Il y a d&rsquo;abord eu les <strong><a href=\"https:\/\/www.rfi.fr\/fr\/france\/20231031-france-des-\u00e9toiles-de-david-tagu\u00e9es-\u00e0-paris-sur-des-immeubles-une-enqu\u00eate-ouverte\" rel=\"nofollow noopener\" target=\"_blank\" data-ylk=\"slk:\u00e9toiles de David;elm:context_link;itc:0;sec:content-canvas\" class=\"link \">\u00e9toiles de David<\/a><\/strong> peintes en bleu sur des murs d&rsquo;immeubles de la r\u00e9gion parisienne. Nous sommes alors \u00e0 l&rsquo;automne 2023, en plein conflit entre Isra\u00ebl et le Hamas. Puis, quelques mois plus tard, apparaissent des <strong><a href=\"https:\/\/www.rfi.fr\/fr\/france\/20240727-trois-ressortissants-bulgares-arr\u00eat\u00e9s-pour-avoir-tagu\u00e9-des-mains-rouges-au-m\u00e9morial-de-la-shoah\" rel=\"nofollow noopener\" target=\"_blank\" data-ylk=\"slk:\u00ab\u00a0mains rouges\u00a0\u00bb;elm:context_link;itc:0;sec:content-canvas\" class=\"link \">\u00ab\u00a0mains rouges\u00a0\u00bb<\/a><\/strong> tagu\u00e9es sur le m\u00e9morial de la Shoah \u00e0 Paris, de la <strong><a href=\"https:\/\/www.rfi.fr\/fr\/france\/20250531-france-des-jets-de-peinture-verte-sur-des-synagogues-et-le-m\u00e9morial-de-la-shoah-\u00e0-paris\" rel=\"nofollow noopener\" target=\"_blank\" data-ylk=\"slk:peinture verte;elm:context_link;itc:0;sec:content-canvas\" class=\"link \">peinture verte<\/a><\/strong>, projet\u00e9e sur des synagogues. Et aussi des pochoirs noirs avec l&rsquo;inscription \u00ab des mirages pour l&rsquo;Ukraine\u00a0\u00bb et le dessin d&rsquo;un <strong><a href=\"https:\/\/www.rfi.fr\/fr\/france\/20240603-cercueils-au-pied-de-la-tour-eiffel-au-moins-un-des-auteurs-en-lien-avec-les-mains-rouges-sur-le-m\u00e9morial-de-la-shoah\" rel=\"nofollow noopener\" target=\"_blank\" data-ylk=\"slk:cercueil;elm:context_link;itc:0;sec:content-canvas\" class=\"link \">cercueil<\/a><\/strong> volant.<\/p>\n<p>Points communs<\/p>\n<p class=\"mb-4 text-lg md:leading-8 break-words\">Laure Beccuau, la procureure de Paris, est convaincue qu&rsquo;il s&rsquo;agit d&rsquo;op\u00e9rations d&rsquo;ing\u00e9rence \u00e9trang\u00e8re. Toutes pr\u00e9sentent des points communs\u00a0: \u00ab Ce sont des gens d&rsquo;origine \u00e9trang\u00e8re qui viennent dans un temps tr\u00e8s court sur le territoire fran\u00e7ais pour perp\u00e9trer leurs agissements. Dans la totalit\u00e9 des dossiers, \u00e0 l&rsquo;exception des plus r\u00e9cents, car les enqu\u00eates sont encore en cours, nous avons identifi\u00e9 les responsables de ces faits. Nombre d&rsquo;entre eux ont \u00e9t\u00e9 plac\u00e9s en d\u00e9tention et nous savons que, parce qu&rsquo;ils le disent eux-m\u00eames, ils ont des commanditaires.\u00a0\u00bb<\/p>\n<p>\u00ab\u00a0Photos\u00a0\u00bb<\/p>\n<p class=\"mb-4 text-lg md:leading-8 break-words\">\u00ab Certaines fois, ils prennent en photo ce qu&rsquo;ils ont fait, et envoient les photos au-del\u00e0 des fronti\u00e8res\u00a0\u00bb \u00e0 ces commanditaires, a ajout\u00e9 la procureure, cit\u00e9e par l&rsquo;AFP. L&rsquo;essentiel des mis en cause est d&rsquo;origine d&rsquo;Europe de l&rsquo;Est. Cela pourrait aussi \u00eatre le cas dans la derni\u00e8re affaire en date, celle des t\u00eates de cochon plac\u00e9es devant des mosqu\u00e9es.\u00a0La plaque d&rsquo;immatriculation des deux suspect \u00e9tant serbe. Dans plusieurs de ces dossiers, des r\u00e9seaux pro-russes ont \u00e9t\u00e9 identifi\u00e9s comme les possibles commanditaires. Des r\u00e9seaux ayant d\u00e9j\u00e0 travaill\u00e9 pour les services de s\u00e9curit\u00e9 int\u00e9rieure de <strong><a href=\"https:\/\/www.rfi.fr\/fr\/tag\/russie\/\" rel=\"nofollow noopener\" target=\"_blank\" data-ylk=\"slk:Moscou;elm:context_link;itc:0;sec:content-canvas\" class=\"link \">Moscou<\/a><\/strong>.<\/p>\n<p class=\"mb-4 text-lg md:leading-8 break-words\">\u00c0 lire aussi<a href=\"https:\/\/fr.news.yahoo.com\/france-indignation-g%C3%A9n%C3%A9rale-apr%C3%A8s-d%C3%A9couverte-122551008.html\" class=\"link  yahoo-link\" data-ylk=\"slk:France: indignation g\u00e9n\u00e9rale apr\u00e8s la d\u00e9couverte de t\u00eates de cochon devant des mosqu\u00e9es en r\u00e9gion parisienne;elm:context_link;itc:0;sec:content-canvas;outcm:mb_qualified_link;_E:mb_qualified_link;ct:story;\" rel=\"nofollow noopener\" target=\"_blank\">France: indignation g\u00e9n\u00e9rale apr\u00e8s la d\u00e9couverte de t\u00eates de cochon devant des mosqu\u00e9es en r\u00e9gion parisienne<\/a><\/p>\n","protected":false},"excerpt":{"rendered":"En France, quatre jours apr\u00e8s la d\u00e9couverte d&rsquo;une dizaine de t\u00eates de cochons d\u00e9pos\u00e9es devant des mosqu\u00e9es de&hellip;\n","protected":false},"author":2,"featured_media":385231,"comment_status":"","ping_status":"","sticky":false,"template":"","format":"standard","meta":{"footnotes":""},"categories":[1888],"tags":[1111,1928,11,1927,1777,674,1011,27,17056,12,1926,626,1925,25,51125],"class_list":{"0":"post-385230","1":"post","2":"type-post","3":"status-publish","4":"format-standard","5":"has-post-thumbnail","7":"category-paris","8":"tag-actu","9":"tag-actu-paris","10":"tag-actualites","11":"tag-actualites-paris","12":"tag-eu","13":"tag-europe","14":"tag-fr","15":"tag-france","16":"tag-memorial-de-la-shoah","17":"tag-news","18":"tag-news-paris","19":"tag-paris","20":"tag-paris-news","21":"tag-republique-francaise","22":"tag-tetes-de-cochon"},"share_on_mastodon":{"url":"https:\/\/pubeurope.com\/@fr\/115191255133428780","error":""},"_links":{"self":[{"href":"https:\/\/www.europesays.com\/fr\/wp-json\/wp\/v2\/posts\/385230","targetHints":{"allow":["GET"]}}],"collection":[{"href":"https:\/\/www.europesays.com\/fr\/wp-json\/wp\/v2\/posts"}],"about":[{"href":"https:\/\/www.europesays.com\/fr\/wp-json\/wp\/v2\/types\/post"}],"author":[{"embeddable":true,"href":"https:\/\/www.europesays.com\/fr\/wp-json\/wp\/v2\/users\/2"}],"replies":[{"embeddable":true,"href":"https:\/\/www.europesays.com\/fr\/wp-json\/wp\/v2\/comments?post=385230"}],"version-history":[{"count":0,"href":"https:\/\/www.europesays.com\/fr\/wp-json\/wp\/v2\/posts\/385230\/revisions"}],"wp:featuredmedia":[{"embeddable":true,"href":"https:\/\/www.europesays.com\/fr\/wp-json\/wp\/v2\/media\/385231"}],"wp:attachment":[{"href":"https:\/\/www.europesays.com\/fr\/wp-json\/wp\/v2\/media?parent=385230"}],"wp:term":[{"taxonomy":"category","embeddable":true,"href":"https:\/\/www.europesays.com\/fr\/wp-json\/wp\/v2\/categories?post=385230"},{"taxonomy":"post_tag","embeddable":true,"href":"https:\/\/www.europesays.com\/fr\/wp-json\/wp\/v2\/tags?post=385230"}],"curies":[{"name":"wp","href":"https:\/\/api.w.org\/{rel}","templated":true}]}}