{"id":385234,"date":"2025-09-12T12:11:14","date_gmt":"2025-09-12T12:11:14","guid":{"rendered":"https:\/\/www.europesays.com\/fr\/385234\/"},"modified":"2025-09-12T12:11:14","modified_gmt":"2025-09-12T12:11:14","slug":"un-homme-de-28-ans-condamne-pour-avoir-violemment-frappe-une-jeune-femme-au-sol","status":"publish","type":"post","link":"https:\/\/www.europesays.com\/fr\/385234\/","title":{"rendered":"Un homme de 28 ans condamn\u00e9 pour avoir violemment frapp\u00e9 une jeune femme au sol"},"content":{"rendered":"<p class=\"mb-4 text-lg md:leading-8 break-words\"><strong>tribunal &#8211; Jeudi, le tribunal de Paris a condamn\u00e9 un homme de 28 ans responsable de violentes agressions lors de la derni\u00e8re F\u00eate de la musique.\u00a0Il avait notamment ass\u00e9n\u00e9 un violent coup de pied \u00e0 une jeune femme qui se trouvait au sol<\/strong><\/p>\n<p class=\"mb-4 text-lg md:leading-8 break-words\">Un jeune homme de 28 ans a \u00e9t\u00e9 condamn\u00e9 \u00e0\u00a018\u00a0mois de prison, dont neuf avec sursis, par le tribunal de <a href=\"https:\/\/www.20minutes.fr\/faits_divers\/faits-divers-paris\/?at_medium=RSS%20feed&amp;at_campaign=ynews&amp;utm_source=yahoo&amp;utm_medium=rss&amp;utm_campaign=news_feed&amp;utm_content=in_article_link\" rel=\"nofollow noopener\" target=\"_blank\" data-ylk=\"slk:Paris;elm:context_link;itc:0;sec:content-canvas\" class=\"link \">Paris<\/a> jeudi. Comme le r\u00e9v\u00e8le <a href=\"https:\/\/www.leparisien.fr\/faits-divers\/jai-disjoncte-un-an-de-prison-ferme-pour-lauteur-dune-violente-agression-lors-de-la-fete-de-la-musique-11-09-2025-KO6MU3UOX5F6LM2JRKWMVV2QSA.php?at_medium=RSS%20feed&amp;at_campaign=ynews&amp;utm_source=yahoo&amp;utm_medium=rss&amp;utm_campaign=news_feed&amp;utm_content=in_article_link\" rel=\"nofollow noopener\" target=\"_blank\" data-ylk=\"slk:Le Parisien;elm:context_link;itc:0;sec:content-canvas\" class=\"link \">Le Parisien<\/a>, il a \u00e9t\u00e9 reconnu coupable de violentes <a href=\"https:\/\/www.20minutes.fr\/dossier\/agression?at_medium=RSS%20feed&amp;at_campaign=ynews&amp;utm_source=yahoo&amp;utm_medium=rss&amp;utm_campaign=news_feed&amp;utm_content=in_article_link\" rel=\"nofollow noopener\" target=\"_blank\" data-ylk=\"slk:agressions;elm:context_link;itc:0;sec:content-canvas\" class=\"link \">agressions<\/a>\u00a0commises le 21\u00a0juin dernier lors de la <a href=\"https:\/\/www.20minutes.fr\/dossier\/fete_de_la_musique?at_medium=RSS%20feed&amp;at_campaign=ynews&amp;utm_source=yahoo&amp;utm_medium=rss&amp;utm_campaign=news_feed&amp;utm_content=in_article_link\" rel=\"nofollow noopener\" target=\"_blank\" data-ylk=\"slk:F\u00eate de la musique;elm:context_link;itc:0;sec:content-canvas\" class=\"link \">F\u00eate de la musique<\/a>. Il a notamment ass\u00e9n\u00e9 un violent coup de pied \u00e0 une femme qui se trouvait au sol.<\/p>\n<p class=\"mb-4 text-lg md:leading-8 break-words\">Le soir des faits, il a\u00a0approch\u00e9 trois personnes\u00a0: un\u00a0jeune homme et sa compagne, qui \u00e9taient avec une amie. Selon l\u2019une des victimes, il leur aurait \u00ab\u00a0propos\u00e9 du shit\u00a0\u00bb. Le trio ne lui a pas r\u00e9pondu et a commenc\u00e9 \u00e0 partir, ce qu\u2019il n\u2019a pas appr\u00e9ci\u00e9. Il a alors insult\u00e9 le jeune homme et l\u2019a gifl\u00e9. Sa petite amie a ensuite sorti une gazeuse et asperg\u00e9 le pr\u00e9venu et ses quatre amis.<\/p>\n<p>\u00ab\u00a0Ma m\u00e8re et ma s\u0153ur ne m\u2019adressent plus la parole\u00a0\u00bb<\/p>\n<p class=\"mb-4 text-lg md:leading-8 break-words\">Puis la situation a totalement d\u00e9g\u00e9n\u00e9r\u00e9. La compagne du jeune homme a elle aussi \u00e9t\u00e9 agress\u00e9e, tout comme l\u2019amie qui les accompagnait ce soir-l\u00e0. Alors qu\u2019elle se trouvait au sol, cette derni\u00e8re a re\u00e7u un violent coup de pied au visage de la part du pr\u00e9venu. \u00ab\u00a0Cela m\u2019a sonn\u00e9, tout \u00e9tait flou\u00a0\u00bb, a-t-elle d\u00e9clar\u00e9, cit\u00e9e par nos confr\u00e8res. Film\u00e9e, la sc\u00e8ne a rapidement fait le tour des r\u00e9seaux sociaux.<\/p>\n<p class=\"mb-4 text-lg md:leading-8 break-words\">Devant le tribunal, le pr\u00e9venu a expliqu\u00e9 avoir \u00ab\u00a0disjonct\u00e9\u00a0\u00bb lors du coup de pied. \u00ab\u00a0Cela ne me ressemble pas. Je ne suis pas fier de moi. [\u2026] Je suis la honte de ma famille. Ma m\u00e8re et ma s\u0153ur ne m\u2019adressent plus la parole\u00a0\u00bb, a-t-il indiqu\u00e9. Trois mois de prison avec sursis, li\u00e9s \u00e0 une condamnation ant\u00e9rieure, ont \u00e9t\u00e9 (&#8230;)<\/p>\n<p class=\"mb-4 text-lg md:leading-8 break-words\"><a href=\"https:\/\/www.20minutes.fr\/faits_divers\/4172726-20250912-paris-homme-28-ans-condamne-avoir-violemment-frappe-jeune-femme-sol?at_medium=RSS%20feed&amp;at_campaign=ynews&amp;utm_source=yahoo&amp;utm_medium=rss&amp;utm_campaign=news_feed&amp;utm_content=read_more_link&quot;\" rel=\"nofollow noopener\" target=\"_blank\" data-ylk=\"slk:Lire la suite sur 20minutes;elm:context_link;itc:0;sec:content-canvas\" class=\"link \">Lire la suite sur 20minutes<\/a><\/p>\n<p>\u00c0 lire aussi :<br \/><a href=\"https:\/\/www.20minutes.fr\/societe\/4171258-20250912-taser-bombe-lacrymo-femmes-arment-quand-elles-sortent-tard-soir?at_medium=RSS%20feed&amp;at_campaign=ynews&amp;utm_source=yahoo&amp;utm_medium=rss&amp;utm_campaign=news_feed&amp;utm_content=related_content_link\" rel=\"nofollow noopener\" target=\"_blank\" data-ylk=\"slk:Taser, bombe lacrymo\u2026 Ces femmes qui s\u2019arment quand elles sortent tard le soir;elm:context_link;itc:0;sec:content-canvas\" class=\"link \">Taser, bombe lacrymo\u2026 Ces femmes qui s\u2019arment quand elles sortent tard le soir<\/a><br \/><a href=\"https:\/\/www.20minutes.fr\/justice\/4172240-20250910-jeune-homme-20-ans-ecroue-apres-violente-agression-couteau-devant-boite-nuit?at_medium=RSS%20feed&amp;at_campaign=ynews&amp;utm_source=yahoo&amp;utm_medium=rss&amp;utm_campaign=news_feed&amp;utm_content=related_content_link\" rel=\"nofollow noopener\" target=\"_blank\" data-ylk=\"slk:Un jeune homme de 20 ans \u00e9crou\u00e9 apr\u00e8s une violente agression au couteau devant une bo\u00eete de nuit;elm:context_link;itc:0;sec:content-canvas\" class=\"link \">Un jeune homme de 20 ans \u00e9crou\u00e9 apr\u00e8s une violente agression au couteau devant une bo\u00eete de nuit<\/a><\/p>\n","protected":false},"excerpt":{"rendered":"tribunal &#8211; Jeudi, le tribunal de Paris a condamn\u00e9 un homme de 28 ans responsable de violentes agressions&hellip;\n","protected":false},"author":2,"featured_media":385235,"comment_status":"","ping_status":"","sticky":false,"template":"","format":"standard","meta":{"footnotes":""},"categories":[1888],"tags":[11,51803,1777,674,25885,1011,27,4933,12,626,25,4595,11436,51802],"class_list":{"0":"post-385234","1":"post","2":"type-post","3":"status-publish","4":"format-standard","5":"has-post-thumbnail","7":"category-paris","8":"tag-actualites","9":"tag-coup-de-pied","10":"tag-eu","11":"tag-europe","12":"tag-fete-de-la-musique","13":"tag-fr","14":"tag-france","15":"tag-homme","16":"tag-news","17":"tag-paris","18":"tag-republique-francaise","19":"tag-tribunal-de-paris","20":"tag-une-femme","21":"tag-violent-coup-de-pied"},"share_on_mastodon":{"url":"https:\/\/pubeurope.com\/@fr\/115191262970474650","error":""},"_links":{"self":[{"href":"https:\/\/www.europesays.com\/fr\/wp-json\/wp\/v2\/posts\/385234","targetHints":{"allow":["GET"]}}],"collection":[{"href":"https:\/\/www.europesays.com\/fr\/wp-json\/wp\/v2\/posts"}],"about":[{"href":"https:\/\/www.europesays.com\/fr\/wp-json\/wp\/v2\/types\/post"}],"author":[{"embeddable":true,"href":"https:\/\/www.europesays.com\/fr\/wp-json\/wp\/v2\/users\/2"}],"replies":[{"embeddable":true,"href":"https:\/\/www.europesays.com\/fr\/wp-json\/wp\/v2\/comments?post=385234"}],"version-history":[{"count":0,"href":"https:\/\/www.europesays.com\/fr\/wp-json\/wp\/v2\/posts\/385234\/revisions"}],"wp:featuredmedia":[{"embeddable":true,"href":"https:\/\/www.europesays.com\/fr\/wp-json\/wp\/v2\/media\/385235"}],"wp:attachment":[{"href":"https:\/\/www.europesays.com\/fr\/wp-json\/wp\/v2\/media?parent=385234"}],"wp:term":[{"taxonomy":"category","embeddable":true,"href":"https:\/\/www.europesays.com\/fr\/wp-json\/wp\/v2\/categories?post=385234"},{"taxonomy":"post_tag","embeddable":true,"href":"https:\/\/www.europesays.com\/fr\/wp-json\/wp\/v2\/tags?post=385234"}],"curies":[{"name":"wp","href":"https:\/\/api.w.org\/{rel}","templated":true}]}}