{"id":385238,"date":"2025-09-12T12:13:09","date_gmt":"2025-09-12T12:13:09","guid":{"rendered":"https:\/\/www.europesays.com\/fr\/385238\/"},"modified":"2025-09-12T12:13:09","modified_gmt":"2025-09-12T12:13:09","slug":"guerre-en-ukraine-apres-lincursion-de-drones-presumee-russes-en-pologne-leurope-fait-le-pari-de-lescalade-militaire-contre-moscou","status":"publish","type":"post","link":"https:\/\/www.europesays.com\/fr\/385238\/","title":{"rendered":"Guerre en Ukraine\u00a0: apr\u00e8s l\u2019incursion de drones pr\u00e9sum\u00e9e russes en Pologne, l\u2019Europe fait le pari de l\u2019escalade militaire contre Moscou"},"content":{"rendered":"<p>L\u2019intrusion de 19 drones pr\u00e9sum\u00e9s russes en territoire polonais dans la nuit du 9 au mercredi 10\u00a0septembre renforce l\u2019escalade militaire en Europe. Interrog\u00e9 jeudi sur <a href=\"https:\/\/www.humanite.fr\/monde\/drones\/guerre-en-ukraine-la-pologne-dit-avoir-tire-contre-des-objets-hostiles-apres-lintrusion-de-drones-russes-dans-son-espace-aerien\" target=\"_blank\" rel=\"noopener\">cet incident diplomatique majeur<\/a>, Donald Trump a, comme \u00e0 son habitude, partag\u00e9 son m\u00e9contentement.<\/p>\n<p>Le pr\u00e9sident \u00e9tats-unien a sous-entendu que cette incursion \u00ab\u00a0a pu \u00eatre une erreur\u00a0\u00bb. \u00ab\u00a0Nous aussi, nous pr\u00e9f\u00e9rerions que l\u2019attaque de drones contre la Pologne soit une erreur. Mais ce n\u2019en est pas une. Et nous le savons\u00a0\u00bb, lui a r\u00e9pondu le premier ministre polonais, Donald Tusk, sur X.<\/p>\n<p>Paris convoque l\u2019ambassadeur de Russie en France<\/p>\n<p>Bien que Moscou ait rejet\u00e9 toute responsabilit\u00e9, les autorit\u00e9s polonaises excluent l\u2019hypoth\u00e8se d\u2019une d\u00e9viation accidentelle des drones jusque sur leur sol, qui aurait par exemple pu d\u00e9couler du brouillage \u00e9lectronique de la d\u00e9fense antia\u00e9rienne ukrainienne. Elles ont d\u00e9clar\u00e9 avoir r\u00e9cup\u00e9r\u00e9 17 drones ou d\u00e9bris de drones de facture russe, sans que leur chute n\u2019engendre de d\u00e9g\u00e2ts mat\u00e9riels importants, ni de bless\u00e9s.<\/p>\n<p>Face \u00e0 la gravit\u00e9 de la situation, le ministre d\u00e9missionnaire des Affaires \u00e9trang\u00e8res fran\u00e7ais, <a href=\"https:\/\/www.humanite.fr\/monde\/abdelmadjid-tebboune\/entre-france-et-lalgerie-retour-a-la-diplomatie\" target=\"_blank\" rel=\"noopener\">Jean-No\u00ebl Barrot,<\/a> a convoqu\u00e9 l\u2019ambassadeur de Russie en France vendredi 12\u00a0septembre pour tenter d\u2019obtenir des explications. \u00ab\u00a0Nous allons lui dire (\u2026) que nous ne nous laisserons pas intimider, a-t-il pr\u00e9venu sur France Inter. Intentionnel ou non, accidentel ou non (\u2026) Tout cela est absolument inacceptable. Tout cela vient s\u2019ajouter <a href=\"https:\/\/www.humanite.fr\/monde\/diplomatie\/des-cibles-legitimes-poutine-avertit-les-allies-de-kyiv-au-lendemain-de-leur-reunion-au-sommet-sur-lukraine\" target=\"_blank\" rel=\"noopener\">aux innombrables provocations de Vladimir Poutine<\/a>\u00a0\u00bb.<\/p>\n<p>Ces derniers jours, la Pologne, la Su\u00e8de, les Pays-Bas, la R\u00e9publique tch\u00e8que, la Roumanie, la Belgique et l\u2019Espagne ont eux aussi convoqu\u00e9 les ambassadeurs de Russie ou les charg\u00e9s d\u2019affaires des repr\u00e9sentations diplomatiques russes.<\/p>\n<p>Macron envoie trois Rafale pour prot\u00e9ger l\u2019espace a\u00e9rien polonais<\/p>\n<p>Le chef de la diplomatie fran\u00e7aise sortante a \u00e9galement indiqu\u00e9 que la France avait \u00ab\u00a0imm\u00e9diatement marqu\u00e9 sa disponibilit\u00e9 pour contribuer davantage encore au renforcement de la protection de ce qu\u2019on appelle le flanc Est de l\u2019OTAN (est de l\u2019Europe)\u00a0\u00bb.<\/p>\n<p>De quoi s\u2019inscrire une fois de plus dans la fuite en avant militariste du continent promue du premier chef par <a href=\"https:\/\/www.humanite.fr\/monde\/armement\/gaza-ukraine-donald-trump-pour-son-discours-sur-letat-de-lunion-ursula-von-der-leyen-promet-des-larmes-et-du-sang\" target=\"_blank\" rel=\"noopener\">la Commission europ\u00e9enne et son hyperpr\u00e9sidente Ursula von der Leyen<\/a>. Le pr\u00e9sident Emmanuel Macron suit \u00e9galement le mouvement puisqu\u2019il a annonc\u00e9 jeudi soir que la France d\u00e9ploierait trois chasseurs Rafale \u00ab\u00a0pour contribuer \u00e0 la protection de l\u2019espace a\u00e9rien polonais\u00a0\u00bb.<\/p>\n<p>En d\u00e9placement \u00e0 Kiev ce vendredi, le ministre des affaires \u00e9trang\u00e8res polonais, Radoslaw Sikorski, doit rencontrer son homologue ukrainien, Andrii Sybiha.<\/p>\n<p>\u00ab\u00a0Nous tiendrons aujourd\u2019hui des discussions substantielles sur notre s\u00e9curit\u00e9 commune, l\u2019adh\u00e9sion de l\u2019Ukraine \u00e0 l\u2019Union europ\u00e9enne et \u00e0 l\u2019OTAN, ainsi que sur la pression \u00e0 exercer sur Moscou\u00a0\u00bb, a affirm\u00e9 ce dernier. De son c\u00f4t\u00e9, Varsovie a \u00e9tabli une zone d\u2019exclusion a\u00e9rienne \u00e0 la fronti\u00e8re entre la Bi\u00e9lorussie \u2013 alli\u00e9 privil\u00e9gi\u00e9 du Kremlin \u2013 et l\u2019Ukraine, mesure cens\u00e9e \u00eatre en vigueur jusqu\u2019au 9\u00a0d\u00e9cembre.<\/p>\n<p>Des exercices militaires conjoints entre la Russie et la Bi\u00e9lorussie<\/p>\n<p>D\u00e8s mardi 9\u00a0septembre, d\u00e9cision a \u00e9t\u00e9 prise de fermer la fronti\u00e8re avec la Bi\u00e9lorussie en raison des man\u0153uvres militaires conjointes entre Minsk et Moscou pr\u00e9vues du 12 au 16\u00a0septembre au B\u00e9larus, en Russie, ainsi qu\u2019en mer de Barents et en mer Baltique.<\/p>\n<p>Ces exercices d\u2019ampleur, baptis\u00e9s Zapad-2025 (Ouest-2025), sont les premiers \u00e0 se d\u00e9rouler depuis le d\u00e9but de la guerre en Ukraine, en f\u00e9vrier 2022.<\/p>\n<p>\u00ab\u00a0Nous appelons Varsovie \u00e0 r\u00e9fl\u00e9chir aux cons\u00e9quences de telles mesures contreproductives (\u2026) Il est \u00e9vident que les mesures de confrontation prises par les dirigeants polonais ne suivent qu\u2019un seul objectif\u00a0: justifier une politique d\u2019escalade des tensions dans le centre de l\u2019Europe\u00a0\u00bb, a signal\u00e9 la porte-parole de la diplomatie russe, Maria Zakharova, en marge de ces exercices militaires.<\/p>\n<p>Pendant ce temps,<a href=\"https:\/\/www.humanite.fr\/monde\/drones\/guerre-en-ukraine-plus-de-800-drones-et-missiles-tires-par-la-russie-le-siege-du-gouvernement-touche-a-kiev\" target=\"_blank\" rel=\"noopener\"> la \u00ab\u00a0guerre des drones\u00a0\u00bb se poursuit<\/a>\u00a0: d\u2019apr\u00e8s les autorit\u00e9s ukrainiennes, Moscou a lanc\u00e9 40 engins sur Kiev cette nuit, dont trente-trois ont \u00e9t\u00e9 abattus ou neutralis\u00e9s. C\u2019\u00e9taient 458 drones et missiles lanc\u00e9s dans la nuit du 9 au 10\u00a0septembre. Suite \u00e0 la violation de l\u2019espace a\u00e9rien de la Pologne au m\u00eame moment, le Conseil de s\u00e9curit\u00e9 des Nations unies doit se r\u00e9unit en urgence, ce vendredi, \u00e0 la demande de Varsovie.<\/p>\n<p>\u00catre le journal de la paix, notre d\u00e9fi quotidien<\/p>\n<p>Depuis Jaur\u00e8s, la d\u00e9fense de la paix est dans notre ADN.<\/p>\n<ul class=\"wp-block-list\">\n<li>Qui informe encore aujourd\u2019hui sur <strong>les actions des pacifistes<\/strong> pour le d\u00e9sarmement\u00a0?<\/li>\n<li>Combien de m\u00e9dias rappellent que <strong>les combats de d\u00e9colonisation <\/strong>ont encore cours, et qu\u2019ils doivent \u00eatre soutenus\u00a0?<\/li>\n<li>Combien valorisent les <strong>solidarit\u00e9s internationales<\/strong>, et s\u2019engagent sans ambigu\u00eft\u00e9 aux c\u00f4t\u00e9s des exil\u00e9s\u00a0?<\/li>\n<\/ul>\n<p><strong>Nos valeurs n\u2019ont pas de fronti\u00e8res.<\/strong><\/p>\n<p>Aidez-nous \u00e0 soutenir le droit \u00e0 l\u2019autod\u00e9termination et l\u2019option de la paix.<br \/><a href=\"https:\/\/www.humanite.fr\/lhumanite-cest-vous\" target=\"_blank\" rel=\"noopener\">Je veux en savoir plus\u00a0!<\/a><\/p>\n","protected":false},"excerpt":{"rendered":"L\u2019intrusion de 19 drones pr\u00e9sum\u00e9s russes en territoire polonais dans la nuit du 9 au mercredi 10\u00a0septembre renforce&hellip;\n","protected":false},"author":2,"featured_media":385239,"comment_status":"","ping_status":"","sticky":false,"template":"","format":"standard","meta":{"footnotes":""},"categories":[1590],"tags":[11,1777,674,131,12,2437,132,220],"class_list":{"0":"post-385238","1":"post","2":"type-post","3":"status-publish","4":"format-standard","5":"has-post-thumbnail","7":"category-ukraine","8":"tag-actualites","9":"tag-eu","10":"tag-europe","11":"tag-guerre-en-ukraine","12":"tag-news","13":"tag-pologne","14":"tag-russie","15":"tag-ukraine"},"share_on_mastodon":{"url":"https:\/\/pubeurope.com\/@fr\/115191270879327910","error":""},"_links":{"self":[{"href":"https:\/\/www.europesays.com\/fr\/wp-json\/wp\/v2\/posts\/385238","targetHints":{"allow":["GET"]}}],"collection":[{"href":"https:\/\/www.europesays.com\/fr\/wp-json\/wp\/v2\/posts"}],"about":[{"href":"https:\/\/www.europesays.com\/fr\/wp-json\/wp\/v2\/types\/post"}],"author":[{"embeddable":true,"href":"https:\/\/www.europesays.com\/fr\/wp-json\/wp\/v2\/users\/2"}],"replies":[{"embeddable":true,"href":"https:\/\/www.europesays.com\/fr\/wp-json\/wp\/v2\/comments?post=385238"}],"version-history":[{"count":0,"href":"https:\/\/www.europesays.com\/fr\/wp-json\/wp\/v2\/posts\/385238\/revisions"}],"wp:featuredmedia":[{"embeddable":true,"href":"https:\/\/www.europesays.com\/fr\/wp-json\/wp\/v2\/media\/385239"}],"wp:attachment":[{"href":"https:\/\/www.europesays.com\/fr\/wp-json\/wp\/v2\/media?parent=385238"}],"wp:term":[{"taxonomy":"category","embeddable":true,"href":"https:\/\/www.europesays.com\/fr\/wp-json\/wp\/v2\/categories?post=385238"},{"taxonomy":"post_tag","embeddable":true,"href":"https:\/\/www.europesays.com\/fr\/wp-json\/wp\/v2\/tags?post=385238"}],"curies":[{"name":"wp","href":"https:\/\/api.w.org\/{rel}","templated":true}]}}