{"id":385260,"date":"2025-09-12T12:25:10","date_gmt":"2025-09-12T12:25:10","guid":{"rendered":"https:\/\/www.europesays.com\/fr\/385260\/"},"modified":"2025-09-12T12:25:10","modified_gmt":"2025-09-12T12:25:10","slug":"atp-david-ferrer-dithyrambique-au-sujet-dalcaraz-je-lai-vu-exceller-a-lus-open-pour-moi-cetait-le-meilleur-grand-chelem-quil-ait-jamais-dispute-tant-mentalement-que-tactiquement","status":"publish","type":"post","link":"https:\/\/www.europesays.com\/fr\/385260\/","title":{"rendered":"ATP > David Ferrer dithyrambique au sujet d&rsquo;Alcaraz : \u00ab\u00a0Je l&rsquo;ai vu exceller \u00e0 l&rsquo;US Open\u00a0; pour moi, c&rsquo;\u00e9tait le meilleur Grand Chelem qu&rsquo;il ait jamais disput\u00e9, tant mentalement que tactiquement\u00a0\u00bb"},"content":{"rendered":"<p>Dans une inter\u00adview donn\u00e9e au quoti\u00addien <strong><a href=\"https:\/\/as.com\/tenis\/copa_davis\/ferrer-nadal-y-alcaraz-nos-han-malacostumbrado-n\/\" data-wpel-link=\"external\" target=\"_blank\" rel=\"nofollow external noopener\">AS, <\/a><\/strong>David Ferrer, capi\u00adtaine de l\u2019\u00e9quipe d\u2019Espagne a bien voulu \u00e9voquer le cas Alcaraz.<\/p>\n<p>\u00ab\u202f<strong>Je l\u2019ai vu exceller \u00e0 l\u2019US Open\u202f; pour moi, c\u2019\u00e9tait le meilleur Grand Chelem qu\u2019il ait jamais disput\u00e9, tant menta\u00adle\u00adment que tacti\u00adque\u00adment. Il a fait preuve d\u2019une matu\u00adrit\u00e9 extra\u00ador\u00addi\u00adnaire pour son \u00e2geIl y a de bons joueurs en Espagne. Mais avec un joueur comme Carlos Alcaraz, on le place \u00e0 un autre niveau. C\u2019est un joueur d\u2019une stature parti\u00adcu\u00adli\u00e8re, l\u2019un des meilleurs du monde et de l\u2019his\u00adtoire, comme Rafa Nadal. On est g\u00e2t\u00e9s\u00a0: Rafa termine et Carlos appa\u00adra\u00eet, et \u00e7a para\u00eet normal, mais ce n\u2019est pas le cas. C\u2019est illogique\u202f\u00bb<\/strong><\/p>\n<p class=\"post-published-date\" style=\"color: silver; font-size: 75%; text-align: left;\">Publi\u00e9 le vendredi 12 septembre 2025 \u00e0 13:14<\/p>\n","protected":false},"excerpt":{"rendered":"Dans une inter\u00adview donn\u00e9e au quoti\u00addien AS, David Ferrer, capi\u00adtaine de l\u2019\u00e9quipe d\u2019Espagne a bien voulu \u00e9voquer le&hellip;\n","protected":false},"author":2,"featured_media":375907,"comment_status":"","ping_status":"","sticky":false,"template":"","format":"standard","meta":{"footnotes":""},"categories":[1415],"tags":[1744,1011,27,1960,60,1467],"class_list":{"0":"post-385260","1":"post","2":"type-post","3":"status-publish","4":"format-standard","5":"has-post-thumbnail","7":"category-tennis","8":"tag-alcaraz","9":"tag-fr","10":"tag-france","11":"tag-nadal","12":"tag-sports","13":"tag-tennis"},"share_on_mastodon":{"url":"https:\/\/pubeurope.com\/@fr\/115191317963027007","error":""},"_links":{"self":[{"href":"https:\/\/www.europesays.com\/fr\/wp-json\/wp\/v2\/posts\/385260","targetHints":{"allow":["GET"]}}],"collection":[{"href":"https:\/\/www.europesays.com\/fr\/wp-json\/wp\/v2\/posts"}],"about":[{"href":"https:\/\/www.europesays.com\/fr\/wp-json\/wp\/v2\/types\/post"}],"author":[{"embeddable":true,"href":"https:\/\/www.europesays.com\/fr\/wp-json\/wp\/v2\/users\/2"}],"replies":[{"embeddable":true,"href":"https:\/\/www.europesays.com\/fr\/wp-json\/wp\/v2\/comments?post=385260"}],"version-history":[{"count":0,"href":"https:\/\/www.europesays.com\/fr\/wp-json\/wp\/v2\/posts\/385260\/revisions"}],"wp:featuredmedia":[{"embeddable":true,"href":"https:\/\/www.europesays.com\/fr\/wp-json\/wp\/v2\/media\/375907"}],"wp:attachment":[{"href":"https:\/\/www.europesays.com\/fr\/wp-json\/wp\/v2\/media?parent=385260"}],"wp:term":[{"taxonomy":"category","embeddable":true,"href":"https:\/\/www.europesays.com\/fr\/wp-json\/wp\/v2\/categories?post=385260"},{"taxonomy":"post_tag","embeddable":true,"href":"https:\/\/www.europesays.com\/fr\/wp-json\/wp\/v2\/tags?post=385260"}],"curies":[{"name":"wp","href":"https:\/\/api.w.org\/{rel}","templated":true}]}}