{"id":385267,"date":"2025-09-12T12:30:16","date_gmt":"2025-09-12T12:30:16","guid":{"rendered":"https:\/\/www.europesays.com\/fr\/385267\/"},"modified":"2025-09-12T12:30:16","modified_gmt":"2025-09-12T12:30:16","slug":"girondins-jean-grillot-revele-pourquoi-il-a-dit-non-au-national-1-pour-rester-a-bordeaux","status":"publish","type":"post","link":"https:\/\/www.europesays.com\/fr\/385267\/","title":{"rendered":"Girondins : Jean Grillot r\u00e9v\u00e8le pourquoi il a dit non au National 1 pour rester \u00e0 Bordeaux"},"content":{"rendered":"<p><img decoding=\"async\" src=\"https:\/\/www.europesays.com\/fr\/wp-content\/uploads\/2025\/08\/671_9f81a11f5819dd6e38a8bd0f05821588.jpg\" alt=\"Girondins : Jean Grillot r\u00e9v\u00e8le pourquoi il a dit non au National 1 pour rester \u00e0 Bordeaux\" class=\"img-responsive mt-3\"\/><\/p>\n<p class=\"text-center mb-3\" style=\"font-size: 14px\">\u00a9 Iconsport<\/p>\n<p>      <strong>Jean Grillot, entre attachement et ambition pour les Girondins de Bordeaux<\/strong><\/p>\n<p style=\"text-align: justify;\">Jean Grillot dans <a href=\"https:\/\/www.lequipe.fr\/Football\/Actualites\/-on-connait-pas-mal-d-aires-d-autoroutes-maintenant-les-confidences-de-jean-grillot-plus-jeune-capitaine-de-l-histoire-des-girondins-de-bordeaux-et-ultime-rescape-de-la-ligue-2\/1592398\" target=\"_blank\" rel=\"noopener nofollow\">L&rsquo;\u00c9quipe<\/a> : \u00ab\u00a0C&rsquo;est vrai, et j&rsquo;ai des ambitions, je veux jouer au plus haut niveau. J&rsquo;ai eu beaucoup de discussions avec le coach, son adjoint, et je pense que c&rsquo;est le bon choix de rester ici, de pouvoir faire remonter ce club, \u00e7a peut cr\u00e9er des souvenirs qui restent \u00e0 vie. J&rsquo;ai d\u00e9cid\u00e9 de rester par attachement.\u00a0\u00bb<\/p>\n<p style=\"text-align: justify;\">Il poursuit :<\/p>\n<p style=\"text-align: justify;\">\u00ab\u00a0Pour vous dire, quand j&rsquo;ai sign\u00e9 \u00e0 Bordeaux, il y avait Yannick Stopyra (directeur du centre) et Alain Giresse, qui \u00e9tait dans le coin. Mon grand-p\u00e8re avait \u00e9t\u00e9 touch\u00e9. Alors, je ne sais pas si je suis un porte-\u00e9tendard, et on n&rsquo;imagine pas \u00e7a quand on signe aux Girondins, mais c&rsquo;est vrai que la r\u00e9gion du Sud-Ouest n&rsquo;est plus tr\u00e8s repr\u00e9sent\u00e9e, donc l&rsquo;objectif est de la remettre sur la carte des clubs professionnels.\u00a0\u00bb<\/p>\n<p style=\"text-align: justify;\">Jean Grillot est sous contrat avec Bordeaux jusqu&rsquo;au mois de juin 2026.<\/p>\n<p style=\"text-align: justify;\">\u00a0<\/p>\n<p>\u00c0 lire ici &gt;&gt;<strong> <a href=\"https:\/\/www.webgirondins.com\/actualite-girondins-girondins-la-tuile-pour-royce-openda-le-club-de-bordeaux-va-devoir-s-adapter-130389\" target=\"_blank\" rel=\"noopener nofollow\">la tuile pour Royce Openda, le club de Bordeaux va devoir s&rsquo;adapter<\/a><\/strong><\/p>\n<p>Notre podcast court \u00e0 \u00e9couter :<\/p>\n<p>\u00a0<\/p>\n","protected":false},"excerpt":{"rendered":"\u00a9 Iconsport Jean Grillot, entre attachement et ambition pour les Girondins de Bordeaux Jean Grillot dans L&rsquo;\u00c9quipe :&hellip;\n","protected":false},"author":2,"featured_media":350681,"comment_status":"","ping_status":"","sticky":false,"template":"","format":"standard","meta":{"footnotes":""},"categories":[1410],"tags":[1997,13898,5244,4930,1446,2930,2263,9866,63,1011,27,1987,15011,2173,13392,1441,3238,2513,471,7555,21708,8291,7932,60,9620,2222],"class_list":{"0":"post-385267","1":"post","2":"type-post","3":"status-publish","4":"format-standard","5":"has-post-thumbnail","7":"category-football","8":"tag-bordeaux","9":"tag-choix","10":"tag-club","11":"tag-clubs","12":"tag-dans","13":"tag-dijon","14":"tag-equipe","15":"tag-explique","16":"tag-football","17":"tag-fr","18":"tag-france","19":"tag-girondins","20":"tag-grillot","21":"tag-interview","22":"tag-jean","23":"tag-joueur","24":"tag-national","25":"tag-plusieurs","26":"tag-pour","27":"tag-pourquoi","28":"tag-raisons","29":"tag-rester","30":"tag-revele","31":"tag-sports","32":"tag-suivi","33":"tag-valenciennes"},"share_on_mastodon":{"url":"https:\/\/pubeurope.com\/@fr\/115191338401655177","error":""},"_links":{"self":[{"href":"https:\/\/www.europesays.com\/fr\/wp-json\/wp\/v2\/posts\/385267","targetHints":{"allow":["GET"]}}],"collection":[{"href":"https:\/\/www.europesays.com\/fr\/wp-json\/wp\/v2\/posts"}],"about":[{"href":"https:\/\/www.europesays.com\/fr\/wp-json\/wp\/v2\/types\/post"}],"author":[{"embeddable":true,"href":"https:\/\/www.europesays.com\/fr\/wp-json\/wp\/v2\/users\/2"}],"replies":[{"embeddable":true,"href":"https:\/\/www.europesays.com\/fr\/wp-json\/wp\/v2\/comments?post=385267"}],"version-history":[{"count":0,"href":"https:\/\/www.europesays.com\/fr\/wp-json\/wp\/v2\/posts\/385267\/revisions"}],"wp:featuredmedia":[{"embeddable":true,"href":"https:\/\/www.europesays.com\/fr\/wp-json\/wp\/v2\/media\/350681"}],"wp:attachment":[{"href":"https:\/\/www.europesays.com\/fr\/wp-json\/wp\/v2\/media?parent=385267"}],"wp:term":[{"taxonomy":"category","embeddable":true,"href":"https:\/\/www.europesays.com\/fr\/wp-json\/wp\/v2\/categories?post=385267"},{"taxonomy":"post_tag","embeddable":true,"href":"https:\/\/www.europesays.com\/fr\/wp-json\/wp\/v2\/tags?post=385267"}],"curies":[{"name":"wp","href":"https:\/\/api.w.org\/{rel}","templated":true}]}}