{"id":385268,"date":"2025-09-12T12:31:11","date_gmt":"2025-09-12T12:31:11","guid":{"rendered":"https:\/\/www.europesays.com\/fr\/385268\/"},"modified":"2025-09-12T12:31:11","modified_gmt":"2025-09-12T12:31:11","slug":"on-est-les-kate-winslet-et-leonardo-dicaprio-du-pauvre-isabelle-carre-et-bernard-campan-un-duo-inseparable","status":"publish","type":"post","link":"https:\/\/www.europesays.com\/fr\/385268\/","title":{"rendered":"\u00ab\u00a0On est les Kate Winslet et Leonardo DiCaprio du pauvre\u00a0!\u00a0\u00bb\u00a0: Isabelle Carr\u00e9 et Bernard Campan, un duo ins\u00e9parable"},"content":{"rendered":"<p class=\"paragraph text_align_left lp-f-body-02\">Une sensibilit\u00e9 \u00e0 fleur de peau, une malice dans le regard, une tendresse dans les mots et les gestes, une place singuli\u00e8re dans le cin\u00e9ma et le th\u00e9\u00e2tre fran\u00e7ais, une affection du public durable, jamais d\u00e9mentie\u2026 La liste est longue de tout ce qu\u2019<a href=\"https:\/\/www.leparisien.fr\/culture-loisirs\/cinema\/il-est-grand-temps-que-ca-se-termine-isabelle-carre-publie-une-tribune-en-reaction-a-laffaire-depardieu-27-12-2023-VGH5IEFG25HGJCYNLJNDYCQCLQ.php?ts=1757499240087\" target=\"_self\" rel=\"noopener\">Isabelle Carr\u00e9<\/a>, 54 ans, et <a href=\"https:\/\/www.leparisien.fr\/culture-loisirs\/tv\/m6-bernard-campan-chef-etoile-dans-le-telefilm-la-belle-etincelle-22-03-2023-P3VPAEIMUZFSLAPQWIA323FA4Y.php\" target=\"_blank\" rel=\"noreferrer noopener\">Bernard Campan<\/a>, 67 ans, ont en commun.<\/p>\n<p class=\"paragraph text_align_left lp-f-body-02\">Ils aiment se rem\u00e9morer les moments pass\u00e9s ensemble, et surtout imaginer ceux \u00e0 venir, les plus nombreux possible, ils l\u2019esp\u00e8rent. Leur intense complicit\u00e9 n\u2019emp\u00eache pas une certaine pudeur quand le photographe leur demande de se rapprocher, de se regarder. Ils s\u2019avouent m\u00eame un peu g\u00ean\u00e9s quand ils doivent s\u2019embrasser sur sc\u00e8ne.<\/p>\n","protected":false},"excerpt":{"rendered":"Une sensibilit\u00e9 \u00e0 fleur de peau, une malice dans le regard, une tendresse dans les mots et les&hellip;\n","protected":false},"author":2,"featured_media":385269,"comment_status":"","ping_status":"","sticky":false,"template":"","format":"standard","meta":{"footnotes":""},"categories":[1359],"tags":[650,872,58,59,1011,27,12156,973],"class_list":{"0":"post-385268","1":"post","2":"type-post","3":"status-publish","4":"format-standard","5":"has-post-thumbnail","7":"category-people","8":"tag-cinema","9":"tag-culture-et-loisirs","10":"tag-divertissement","11":"tag-entertainment","12":"tag-fr","13":"tag-france","14":"tag-le-parisien-week-end","15":"tag-people"},"share_on_mastodon":{"url":"https:\/\/pubeurope.com\/@fr\/115191341624809651","error":""},"_links":{"self":[{"href":"https:\/\/www.europesays.com\/fr\/wp-json\/wp\/v2\/posts\/385268","targetHints":{"allow":["GET"]}}],"collection":[{"href":"https:\/\/www.europesays.com\/fr\/wp-json\/wp\/v2\/posts"}],"about":[{"href":"https:\/\/www.europesays.com\/fr\/wp-json\/wp\/v2\/types\/post"}],"author":[{"embeddable":true,"href":"https:\/\/www.europesays.com\/fr\/wp-json\/wp\/v2\/users\/2"}],"replies":[{"embeddable":true,"href":"https:\/\/www.europesays.com\/fr\/wp-json\/wp\/v2\/comments?post=385268"}],"version-history":[{"count":0,"href":"https:\/\/www.europesays.com\/fr\/wp-json\/wp\/v2\/posts\/385268\/revisions"}],"wp:featuredmedia":[{"embeddable":true,"href":"https:\/\/www.europesays.com\/fr\/wp-json\/wp\/v2\/media\/385269"}],"wp:attachment":[{"href":"https:\/\/www.europesays.com\/fr\/wp-json\/wp\/v2\/media?parent=385268"}],"wp:term":[{"taxonomy":"category","embeddable":true,"href":"https:\/\/www.europesays.com\/fr\/wp-json\/wp\/v2\/categories?post=385268"},{"taxonomy":"post_tag","embeddable":true,"href":"https:\/\/www.europesays.com\/fr\/wp-json\/wp\/v2\/tags?post=385268"}],"curies":[{"name":"wp","href":"https:\/\/api.w.org\/{rel}","templated":true}]}}