{"id":385270,"date":"2025-09-12T12:32:09","date_gmt":"2025-09-12T12:32:09","guid":{"rendered":"https:\/\/www.europesays.com\/fr\/385270\/"},"modified":"2025-09-12T12:32:09","modified_gmt":"2025-09-12T12:32:09","slug":"we-have-a-new-rubens-lhistoire-extraordinaire-de-ce-tableau-disparu-depuis-des-siecles-et-retrouve-a-paris","status":"publish","type":"post","link":"https:\/\/www.europesays.com\/fr\/385270\/","title":{"rendered":"\u00ab\u00a0We have a new Rubens\u00a0\u00bb : l&rsquo;histoire extraordinaire de ce tableau, disparu depuis des si\u00e8cles, et retrouv\u00e9 \u00e0 Paris"},"content":{"rendered":"<p class=\"PopSlotParagraph qg-tx2 qg-xtra-lh svelte-1r0pyek\"><strong>Un chef-d&rsquo;\u0153uvre in\u00e9dit qui r\u00e9apparait 400 ans apr\u00e8s sa cr\u00e9ation&#8230; \u00e7a n&rsquo;arrive pas tous les jours.<\/strong>\u00a0Retrouv\u00e9 en plein Paris, dans un h\u00f4tel particulier, ses propri\u00e9taires n&rsquo;imaginaient pas d\u00e9tenir un chef-d&rsquo;\u0153uvre du c\u00e9l\u00e8bre Pierre Paul Rubens.\u00a0Inconnu jusqu&rsquo;ici, ce tableau in\u00e9dit n&rsquo;avait donc jamais \u00e9t\u00e9 document\u00e9, les plus grands sp\u00e9cialistes du peintre ignoraient d&rsquo;ailleurs jusqu&rsquo;\u00e0 son existence et ils sont pourtant formels\u00a0: ce \u00ab\u00a0Christ en croix\u00a0\u00bb, qui sera vendu le 30 novembre prochain aux ench\u00e8res, est bel et bien de la main du ma\u00eetre flamand.<\/p>\n<p class=\"PopSlotParagraph qg-tx2 qg-xtra-lh svelte-1r0pyek\">Une porte d\u00e9rob\u00e9e nous conduit \u00e0 ce \u00ab\u00a0tableau extraordinaire\u00a0\u00bb, conserv\u00e9 dans un lieu secret, auquel France Inter a pu avoir acc\u00e8s. Une \u0153uvre qui, depuis 1613, a travers\u00e9 les si\u00e8cles de g\u00e9n\u00e9rations en g\u00e9n\u00e9rations, sans \u00e9veiller les soup\u00e7ons\u2026\u00a0Jusqu&rsquo;\u00e0 cet inventaire r\u00e9alis\u00e9 l&rsquo;an dernier \u00e0 la demande d&rsquo;une famille parisienne par Jean-Pierre Osenat, commissaire-priseur. \u00ab\u00a0Les gens, souvent, ne connaissent pas la valeur des objets qu&rsquo;ils ont chez eux, ils imaginent que la pendule sur la commode \u00e0 une valeur \u00e9norme alors qu&rsquo;elle ne vaut pas grand-chose\u00a0\u00bb, s&rsquo;amuse-t-il.<\/p>\n<p class=\"qg-sr-only\" role=\"heading\" aria-level=\"3\">Pour voir ce contenu, acceptez les cookies.<\/p>\n<p class=\"ConsentNotice-description qg-tx3 svelte-m9wmt1\">Pour afficher ce contenu Instagram, vous devez accepter les cookies <b>R\u00e9seaux Sociaux<\/b>.<br \/>Ces cookies permettent de partager ou r\u00e9agir directement sur les r\u00e9seaux sociaux auxquels vous \u00eates connect\u00e9s ou d&rsquo;int\u00e9grer du contenu initialement post\u00e9 sur ces r\u00e9seaux sociaux. Ils permettent aussi aux r\u00e9seaux sociaux d&rsquo;utiliser vos visites sur nos sites et applications \u00e0 des fins de personnalisation et de ciblage publicitaire.<\/p>\n<p>  G\u00e9rer mes choix     J&rsquo;autorise  <\/p>\n<p>Analyses de pigments, radiographies&#8230;<\/p>\n<p class=\"PopSlotParagraph qg-tx2 qg-xtra-lh svelte-1r0pyek\">Recouvert d&rsquo;un drap noir, c&rsquo;est donc un \u00ab\u00a0chef-d&rsquo;\u0153uvre de Rubens\u00a0\u00bb, un Christ extr\u00eamement r\u00e9aliste, d&rsquo;un m\u00e8tre de hauteur, qui se d\u00e9voile.\u00a0Un tableau typique de l&rsquo;\u00e9cole flamande, authentifi\u00e9 par l&rsquo;unique coll\u00e8ge d&rsquo;experts gardiens de l&rsquo;\u0153uvre de Rubens, \u00e0 Anvers, en Belgique. \u00ab\u00a0Dans un premier temps, on a fait des analyses de pigments, des radiographies, et puis on m&rsquo;a appel\u00e9 pour me dire &lsquo;Jean-Pierre, we have a new Rubens&rsquo; [Nous avons un nouveau Rubens]\u00a0\u00bb, raconte le sp\u00e9cialiste des ench\u00e8res. \u00ab\u00a0Voil\u00e0 donc ce tableau qui va \u00eatre inclus dans le catalogue de l&rsquo;artiste\u00a0\u00bb\u00a0et dont la vente pourrait d\u00e9passer les\u00a02 millions d&rsquo;euros.<\/p>\n<p class=\"PopSlotParagraph qg-tx2 qg-xtra-lh svelte-1r0pyek\">Une d\u00e9couverte \u00ab\u00a0rarissime et inou\u00efe\u00a0\u00bb, dans un tr\u00e8s bon \u00e9tat de conservation et \u00ab\u00a0vraie profession de foi et un sujet de pr\u00e9dilection pour Rubens, protestant converti au catholicisme\u00a0\u00bb.\u00a0Si le peintre a r\u00e9alis\u00e9 nombre de tableaux pour l&rsquo;Eglise, ce chef d&rsquo;oeuvre, d&rsquo;une dimension de 105,5 sur 72,5 centim\u00e8tres, \u00e9tait probablement destin\u00e9 \u00e0 un collectionneur priv\u00e9. Il a appartenu au peintre acad\u00e9mique du XIXe si\u00e8cle William Bouguereau puis aux propri\u00e9taires de l&rsquo;h\u00f4tel particulier parisien o\u00f9 il \u00e9t\u00e9 retrouv\u00e9.<\/p>\n","protected":false},"excerpt":{"rendered":"Un chef-d&rsquo;\u0153uvre in\u00e9dit qui r\u00e9apparait 400 ans apr\u00e8s sa cr\u00e9ation&#8230; \u00e7a n&rsquo;arrive pas tous les jours.\u00a0Retrouv\u00e9 en plein&hellip;\n","protected":false},"author":2,"featured_media":385271,"comment_status":"","ping_status":"","sticky":false,"template":"","format":"standard","meta":{"footnotes":""},"categories":[1358],"tags":[1348,1384,1385,1386,58,59,1011,27],"class_list":{"0":"post-385270","1":"post","2":"type-post","3":"status-publish","4":"format-standard","5":"has-post-thumbnail","7":"category-arts-et-design","8":"tag-arts","9":"tag-arts-and-design","10":"tag-arts-et-design","11":"tag-design","12":"tag-divertissement","13":"tag-entertainment","14":"tag-fr","15":"tag-france"},"share_on_mastodon":{"url":"https:\/\/pubeurope.com\/@fr\/115191345715747911","error":""},"_links":{"self":[{"href":"https:\/\/www.europesays.com\/fr\/wp-json\/wp\/v2\/posts\/385270","targetHints":{"allow":["GET"]}}],"collection":[{"href":"https:\/\/www.europesays.com\/fr\/wp-json\/wp\/v2\/posts"}],"about":[{"href":"https:\/\/www.europesays.com\/fr\/wp-json\/wp\/v2\/types\/post"}],"author":[{"embeddable":true,"href":"https:\/\/www.europesays.com\/fr\/wp-json\/wp\/v2\/users\/2"}],"replies":[{"embeddable":true,"href":"https:\/\/www.europesays.com\/fr\/wp-json\/wp\/v2\/comments?post=385270"}],"version-history":[{"count":0,"href":"https:\/\/www.europesays.com\/fr\/wp-json\/wp\/v2\/posts\/385270\/revisions"}],"wp:featuredmedia":[{"embeddable":true,"href":"https:\/\/www.europesays.com\/fr\/wp-json\/wp\/v2\/media\/385271"}],"wp:attachment":[{"href":"https:\/\/www.europesays.com\/fr\/wp-json\/wp\/v2\/media?parent=385270"}],"wp:term":[{"taxonomy":"category","embeddable":true,"href":"https:\/\/www.europesays.com\/fr\/wp-json\/wp\/v2\/categories?post=385270"},{"taxonomy":"post_tag","embeddable":true,"href":"https:\/\/www.europesays.com\/fr\/wp-json\/wp\/v2\/tags?post=385270"}],"curies":[{"name":"wp","href":"https:\/\/api.w.org\/{rel}","templated":true}]}}