{"id":385272,"date":"2025-09-12T12:33:16","date_gmt":"2025-09-12T12:33:16","guid":{"rendered":"https:\/\/www.europesays.com\/fr\/385272\/"},"modified":"2025-09-12T12:33:16","modified_gmt":"2025-09-12T12:33:16","slug":"nikola-karabatic-le-plus-grand-de-tous-les-temps","status":"publish","type":"post","link":"https:\/\/www.europesays.com\/fr\/385272\/","title":{"rendered":"Nikola Karabatic, le plus grand de tous les temps"},"content":{"rendered":"<p>\u00ab\u00a0Entr\u00e9 dans la l\u00e9gende du handball, il a tout r\u00e9ussi, inaugurant un palmar\u00e8s exceptionnel, inspirant ses anciens et futurs partenaires, devenant un mod\u00e8le pour la jeunesse. Ce long voyage en ballon s\u2019imposait naturellement qu\u2019on en revive, \u00e9tape apr\u00e8s \u00e9tape, toutes les \u00e9motions.\u00a0\u00bb<\/p>\n<p>Ces quelques mots, extraits de l\u2019avant-propos de ce superbe ouvrage, r\u00e9sument parfaitement \u00e0 la fois le h\u00e9ros du r\u00e9cit propos\u00e9 par le journaliste de L\u2019Equipe Laurent Moisset et le narratif choisi par ce dernier. Soit un v\u00e9ritable album de famille o\u00f9 la vie et le parcours professionnel de <a href=\"https:\/\/www.republicain-lorrain.fr\/p\/nikola-karabatic\" target=\"_blank\" rel=\"nofollow noopener\">Nikola Karabatic<\/a> se d\u00e9voilent page apr\u00e8s page.<\/p>\n<p>Bien entendu, Laurent Moisset donne la parole au principal int\u00e9ress\u00e9 mais aussi \u00e0 ceux qui l\u2019ont c\u00f4toy\u00e9 de ses d\u00e9buts \u00e0 Colmar jusqu\u2019aux sommets de l\u2019Olympique. Ils sont \u00e9ducateurs, co\u00e9quipiers, entra\u00eeneurs, s\u00e9lectionneurs\u2026 Et tous sont forc\u00e9ment admiratifs du <a href=\"https:\/\/www.republicain-lorrain.fr\/jeux-olympiques\/2024\/08\/07\/nikola-karabatic-apres-son-dernier-match-je-n-ai-pas-le-droit-d-etre-triste\" target=\"_blank\" rel=\"nofollow noopener\">parcours sportif d\u2019un handballeur sacr\u00e9 trois fois meilleur joueur du monde<\/a>, vainqueur \u00e9galement \u00e0 trois reprises de la Ligue des Champions avec trois clubs diff\u00e9rents, sans parler de son incroyable palmar\u00e8s avec l\u2019\u00e9quipe de France.<\/p>\n<p>De la \u00ab graine de champion\u00a0\u00bb au \u00ab plus grand joueur de tous les temps\u00a0\u00bb<\/p>\n<p>C\u2019est tout \u00e7a que retrace ce livre o\u00f9 il est question de \u00ab\u00a0graine de champion\u00a0\u00bb, d\u2019un \u00ab\u00a0nouveau statut\u00a0\u00bb, d\u2019un passage \u00e0 Kiel, d\u2019un \u00ab\u00a0souffle croate\u00a0\u00bb, de Jeux Olympiques, d\u2019une \u00ab\u00a0chute\u00a0\u00bb et d\u2019une \u00ab\u00a0reconstruction\u00a0\u00bb, d\u2019exploits en Bleu, de transferts et, bien entendu de famille. Sans oublier des chiffres impressionnants \u00e0 l\u2019image du palmar\u00e8s du \u00ab\u00a0plus grand joueur de tous les temps\u00a0\u00bb.<\/p>\n<p>Se plonger dans le r\u00e9cit de Laurent Moisset \u2013 qui a suivi, au plus pr\u00e8s, toute la carri\u00e8re de Nikola Karabatic \u2013, c\u2019est remonter le temps, comprendre comment ce ph\u00e9nom\u00e8ne de pr\u00e9cocit\u00e9 a r\u00e9ussi \u00e0 durer aussi longtemps au plus haut niveau, comment, aussi, il a su surmonter toutes les \u00e9preuves qui se sont dress\u00e9es devant lui. Et les nombreuses photos qui jalonnent le livre, illustrent \u00e0 merveille ce parcours hors du commun.<\/p>\n<p>Nikola Karabatic, le plus grand de tous les temps de Laurent Moisset, <a href=\"https:\/\/www.en-exergue.fr\/publications\/\" target=\"_blank\" rel=\"nofollow noopener\">en exergue \u00e9ditions<\/a>, 192 pages, 29,90 euros<\/p>\n","protected":false},"excerpt":{"rendered":"\u00ab\u00a0Entr\u00e9 dans la l\u00e9gende du handball, il a tout r\u00e9ussi, inaugurant un palmar\u00e8s exceptionnel, inspirant ses anciens et&hellip;\n","protected":false},"author":2,"featured_media":385273,"comment_status":"","ping_status":"","sticky":false,"template":"","format":"standard","meta":{"footnotes":""},"categories":[1357],"tags":[1379,58,59,107,1701,1011,27,329,1792,1380,2410,517,1947],"class_list":{"0":"post-385272","1":"post","2":"type-post","3":"status-publish","4":"format-standard","5":"has-post-thumbnail","7":"category-livres","8":"tag-books","9":"tag-divertissement","10":"tag-entertainment","11":"tag-fil-info","12":"tag-fil-info-sport","13":"tag-fr","14":"tag-france","15":"tag-france-monde","16":"tag-handball","17":"tag-livres","18":"tag-livres-bd","19":"tag-sport","20":"tag-sport-national"},"share_on_mastodon":{"url":"https:\/\/pubeurope.com\/@fr\/115191349832442898","error":""},"_links":{"self":[{"href":"https:\/\/www.europesays.com\/fr\/wp-json\/wp\/v2\/posts\/385272","targetHints":{"allow":["GET"]}}],"collection":[{"href":"https:\/\/www.europesays.com\/fr\/wp-json\/wp\/v2\/posts"}],"about":[{"href":"https:\/\/www.europesays.com\/fr\/wp-json\/wp\/v2\/types\/post"}],"author":[{"embeddable":true,"href":"https:\/\/www.europesays.com\/fr\/wp-json\/wp\/v2\/users\/2"}],"replies":[{"embeddable":true,"href":"https:\/\/www.europesays.com\/fr\/wp-json\/wp\/v2\/comments?post=385272"}],"version-history":[{"count":0,"href":"https:\/\/www.europesays.com\/fr\/wp-json\/wp\/v2\/posts\/385272\/revisions"}],"wp:featuredmedia":[{"embeddable":true,"href":"https:\/\/www.europesays.com\/fr\/wp-json\/wp\/v2\/media\/385273"}],"wp:attachment":[{"href":"https:\/\/www.europesays.com\/fr\/wp-json\/wp\/v2\/media?parent=385272"}],"wp:term":[{"taxonomy":"category","embeddable":true,"href":"https:\/\/www.europesays.com\/fr\/wp-json\/wp\/v2\/categories?post=385272"},{"taxonomy":"post_tag","embeddable":true,"href":"https:\/\/www.europesays.com\/fr\/wp-json\/wp\/v2\/tags?post=385272"}],"curies":[{"name":"wp","href":"https:\/\/api.w.org\/{rel}","templated":true}]}}