{"id":385278,"date":"2025-09-12T12:36:15","date_gmt":"2025-09-12T12:36:15","guid":{"rendered":"https:\/\/www.europesays.com\/fr\/385278\/"},"modified":"2025-09-12T12:36:15","modified_gmt":"2025-09-12T12:36:15","slug":"cillian-murphy-dans-la-serie-harry-potter-lacteur-a-confirme-quil-ne-serait-pas-voldemort","status":"publish","type":"post","link":"https:\/\/www.europesays.com\/fr\/385278\/","title":{"rendered":"Cillian Murphy dans la s\u00e9rie \u00abHarry Potter\u00bb\u00a0? L\u2019acteur a confirm\u00e9 qu\u2019il ne serait pas Voldemort"},"content":{"rendered":"<p>        <img decoding=\"async\" loading=\"lazy\" src=\"https:\/\/www.europesays.com\/fr\/wp-content\/uploads\/2025\/09\/10ba853_upload-1-ixdwzsz1r6ix-afp-20240220-1908745154-v5-highres-2024palmspringsinternationalfilmfes.jpeg\"  width=\"728\" height=\"409\" alt=\"Cillian Murphy ne sera pas Voldemort dans la future s\u00e9rie HBO \u00abHarry Potter\u00bb.\"\/>  <\/p>\n<p>KEVIN WINTER \/ Getty Images via AFP<\/p>\n<p>Cillian Murphy ne sera pas Voldemort dans la future s\u00e9rie HBO \u00abHarry Potter\u00bb.<\/p>\n<p class=\"asset asset-text\">S\u00c9RIE &#8211; Si on conna\u00eet une bonne partie du casting de la prochaine s<a href=\"https:\/\/www.huffingtonpost.fr\/culture\/article\/la-serie-harry-potter-a-trouve-ses-nouveaux-harry-ron-et-hermione_250590.html\" target=\"_blank\" rel=\"noopener\">\u00e9rie HBO Max Harry Potter<\/a>, certains personnages du roman n\u2019ont pas encore officiellement d\u2019interpr\u00e8te. C\u2019est le cas notamment de l\u2019antagoniste principal\u00a0: le sorcier Voldemort. Plusieurs rumeurs avan\u00e7aient que le nouveau Seigneur des T\u00e9n\u00e8bres pourrait \u00eatre <a href=\"https:\/\/www.huffingtonpost.fr\/culture\/article\/serie-harry-potter-sur-hbo-max-cillian-murphy-pour-le-role-de-voldemort-ralph-fiennes-dit-deja-oui_243098.html\" target=\"_blank\" rel=\"noopener\">Cillian Murphy<\/a>. Incontournable pour ses r\u00f4les dans Peaky Blinders ou Oppenheimer, l\u2019acteur irlandais a finalement balay\u00e9 cette possibilit\u00e9.<\/p>\n<p class=\"asset asset-text\">C\u2019est dans le <a href=\"https:\/\/www.youtube.com\/watch?v=XT3enUDkkYk&amp;t=1577s\" target=\"_blank\" rel=\"noopener\" title=\"Nouvelle fen\u00eatre\">podcast\u00a0Happy Sad Confused\u00a0avec Josh Horowitz<\/a> que le natif de Cork est revenu sur les rumeurs le liant au personnage de l\u2019univers de <a href=\"https:\/\/www.huffingtonpost.fr\/culture\/article\/le-retour-des-stars-de-harry-potter-dans-une-suite-est-impossible-pour-ce-realisateur_254250.htm\" target=\"_blank\" rel=\"noopener\" title=\"Nouvelle fen\u00eatre\">JK Rowling<\/a>. \u00ab\u00a0Non. Non. Franchement. Mes enfants me montrent parfois des trucs, mais je n\u2019ai jamais entendu parler de \u00e7a\u00a0\u00bb, a r\u00e9pondu l\u2019acteur de 49\u00a0ans lorsqu\u2019on lui a pos\u00e9 la question. Il a \u00e9galement ajout\u00e9 qu\u2019il serait dur de succ\u00e9der \u00e0 l\u2019acteur original des films \u00ab\u00a0De plus, c\u2019est vraiment difficile de passer apr\u00e8s\u00a0Ralph Fiennes. C\u2019est une v\u00e9ritable l\u00e9gende du cin\u00e9ma. Alors bonne chance \u00e0 celui ou celle qui prendra sa place.\u00a0\u00bb Les deux hommes ont r\u00e9cemment tourn\u00e9 ensemble dans le film 28\u00a0ans plus tard\u00a0: Le Temple des os pr\u00e9vu en janvier\u00a02026.<\/p>\n<p class=\"asset asset-text\">Sur le plateau de\u00a0<a href=\"https:\/\/www.youtube.com\/watch?v=SksVmR0cOEk\" target=\"_blank\" rel=\"noopener\" title=\"Nouvelle fen\u00eatre\">Watch What Happens<\/a> Live\u00a0l\u2019an dernier, la question avait \u00e9t\u00e9 pos\u00e9e \u00e0 Ralph Fiennes si l\u2019acteur d\u2019Oppenheimer pouvait \u00eatre un bon successeur\u00a0? \u00ab\u00a0Cillian est un acteur fantastique\u00a0\u00bb, avait-il d\u00e9clar\u00e9, \u00ab\u00a0Je trouve vraiment que c\u2019est une excellente suggestion. Je serais totalement pour.\u00a0\u00bb<\/p>\n<p>    Le myst\u00e8re Voldemort    <\/p>\n<p class=\"asset asset-text\">Si pour l\u2019instant aucun nom n\u2019a filtr\u00e9 sur le nom du prochain Voldemort, Ralph Fiennes reste\u00a0n\u00e9anmoins ouvert \u00e0 l\u2019id\u00e9e de redevenir le Seigneur des T\u00e9n\u00e8bres. Il avait confi\u00e9 en 2022\u00a0<a href=\"https:\/\/variety.com\/2022\/film\/news\/ralph-fiennes-harry-potter-voldemort-harry-potter-1235433184\/\" target=\"_blank\" rel=\"noopener\" title=\"Nouvelle fen\u00eatre\">\u00e0 Variety<\/a> qu\u2019il serait pr\u00eat \u00e0 reprendre le r\u00f4le\u00a0: \u00ab\u00a0Bien s\u00fbr\u00a0! Aucun doute l\u00e0-dessus.\u00a0\u00bb Une possibilit\u00e9 \u00e0 ne pas \u00e9carter puisque l\u2019acteur Warwick Davis,\u00a0qui interpr\u00e8te le professeur Flitwick dans les films, va l\u2019\u00eatre \u00e9galement de retour dans la s\u00e9rie dans son propre r\u00f4le.<\/p>\n<p class=\"asset asset-text\">Le tournage de la saison 1\u00a0de la s\u00e9rie Harry Potter est en cours, mais on ignore quand l\u2019apparition de Voldemort aura lieu. HBO a confirm\u00e9 que chaque saison correspondrait \u00e0 un tome de la saga. Or le Seigneur des T\u00e9n\u00e8bres n\u2019appara\u00eet physiquement qu\u2019\u00e0 partir de la fin du tome 4\u00a0Harry Potter et la Coupe de Feu. Pourtant les fans n\u2019auront peut-\u00eatre pas \u00e0 patienter si longtemps. De nombreuses rumeurs avancent en effet que Celui-dont-on-ne-doit-pas-prononcer-le-nom sera pr\u00e9sent dans la saison 1\u00a0de la s\u00e9rie HBO Max. Pour le savoir il faudra en tout cas patienter jusqu\u2019\u00e0 la diffusion pr\u00e9vue courant 2027.<\/p>\n","protected":false},"excerpt":{"rendered":"KEVIN WINTER \/ Getty Images via AFP Cillian Murphy ne sera pas Voldemort dans la future s\u00e9rie HBO&hellip;\n","protected":false},"author":2,"featured_media":385279,"comment_status":"","ping_status":"","sticky":false,"template":"","format":"standard","meta":{"footnotes":""},"categories":[1354],"tags":[251,58,59,1346,1011,27,6610,5547,14518,1360,51805,595],"class_list":{"0":"post-385278","1":"post","2":"type-post","3":"status-publish","4":"format-standard","5":"has-post-thumbnail","7":"category-films","8":"tag-culture","9":"tag-divertissement","10":"tag-entertainment","11":"tag-films","12":"tag-fr","13":"tag-france","14":"tag-harry-potter","15":"tag-hbo","16":"tag-jk-rowling","17":"tag-movies","18":"tag-peaky-blinders","19":"tag-serie-tv"},"share_on_mastodon":{"url":"https:\/\/pubeurope.com\/@fr\/115191361488382900","error":""},"_links":{"self":[{"href":"https:\/\/www.europesays.com\/fr\/wp-json\/wp\/v2\/posts\/385278","targetHints":{"allow":["GET"]}}],"collection":[{"href":"https:\/\/www.europesays.com\/fr\/wp-json\/wp\/v2\/posts"}],"about":[{"href":"https:\/\/www.europesays.com\/fr\/wp-json\/wp\/v2\/types\/post"}],"author":[{"embeddable":true,"href":"https:\/\/www.europesays.com\/fr\/wp-json\/wp\/v2\/users\/2"}],"replies":[{"embeddable":true,"href":"https:\/\/www.europesays.com\/fr\/wp-json\/wp\/v2\/comments?post=385278"}],"version-history":[{"count":0,"href":"https:\/\/www.europesays.com\/fr\/wp-json\/wp\/v2\/posts\/385278\/revisions"}],"wp:featuredmedia":[{"embeddable":true,"href":"https:\/\/www.europesays.com\/fr\/wp-json\/wp\/v2\/media\/385279"}],"wp:attachment":[{"href":"https:\/\/www.europesays.com\/fr\/wp-json\/wp\/v2\/media?parent=385278"}],"wp:term":[{"taxonomy":"category","embeddable":true,"href":"https:\/\/www.europesays.com\/fr\/wp-json\/wp\/v2\/categories?post=385278"},{"taxonomy":"post_tag","embeddable":true,"href":"https:\/\/www.europesays.com\/fr\/wp-json\/wp\/v2\/tags?post=385278"}],"curies":[{"name":"wp","href":"https:\/\/api.w.org\/{rel}","templated":true}]}}