{"id":385284,"date":"2025-09-12T12:39:16","date_gmt":"2025-09-12T12:39:16","guid":{"rendered":"https:\/\/www.europesays.com\/fr\/385284\/"},"modified":"2025-09-12T12:39:16","modified_gmt":"2025-09-12T12:39:16","slug":"a-londres-un-espace-dedie-a-david-bowie-ouvre-au-victoria-and-albert-museum","status":"publish","type":"post","link":"https:\/\/www.europesays.com\/fr\/385284\/","title":{"rendered":"A Londres, un espace d\u00e9di\u00e9 \u00e0 David Bowie ouvre au Victoria and Albert Museum"},"content":{"rendered":"<p>                          <img loading=\"lazy\" decoding=\"async\" src=\"https:\/\/www.europesays.com\/fr\/wp-content\/uploads\/2025\/09\/a0ccfd8_ftp-import-images-1-s42c7mqcahvz-24e5a6d2c16b4b76b9326fdd76662693-0-7670b0ad86ee4435ab9404c5.jpeg\" alt=\"L\u2019espace d\u00e9di\u00e9 \u00e0 David Bowie, situ\u00e9 dans la Storehouse du Victoria and Albert Museum, \u00e0 Londres, le 10\u00a0septembre\u00a02025.\"   width=\"664\" height=\"443\"\/>    L\u2019espace d\u00e9di\u00e9 \u00e0 David Bowie, situ\u00e9 dans la Storehouse du Victoria and Albert Museum, \u00e0 Londres, le 10\u00a0septembre\u00a02025.  JOANNA CHAN \/ AP                          <\/p>\n<p class=\"article__paragraph  \">Costumes, paroles manuscrites, partitions, photos\u2026 Un lieu d\u2019exposition permanent d\u00e9di\u00e9 \u00e0 la l\u00e9gende du rock David Bowie ouvre ses portes, samedi 13\u00a0septembre, \u00e0 Londres, avec l\u2019ambition d\u2019\u00e9clairer la vie et l\u2019\u0153uvre de l\u2019artiste mort en\u00a02016. Install\u00e9 dans la Storehouse du Victoria and Albert Museum (V&amp;A), la nouvelle antenne de ce prestigieux mus\u00e9e, cet espace fait la part belle \u00e0 quelque 90\u00a0000\u00a0pi\u00e8ces issues des archives personnelles du chanteur, dont de pr\u00e9cieuses missives qui documentent les ann\u00e9es o\u00f9 le musicien tentait de percer.<\/p>\n<p class=\"article__paragraph  \">\u00ab\u00a0Je ne pense pas que j\u2019aurais pu supporter tous les revers qu\u2019il a subis et continuer \u00e0 sourire, plein de confiance et de combativit\u00e9\u00a0\u00bb, \u00e9crit son p\u00e8re, Haywood Jones, dans une lettre adress\u00e9e \u00e0 une entreprise o\u00f9 Bowie esp\u00e9rait pouvoir travailler.<\/p>\n<p class=\"article__paragraph  \">Une autre, dat\u00e9e de juillet\u00a01968 et envoy\u00e9e par le label Apple Records \u00e0 l\u2019entourage de l\u2019artiste, atteste des refus qu\u2019il a essuy\u00e9s \u00e0 ses d\u00e9buts. \u00ab\u00a0Nous ne pensons pas qu\u2019il [David Bowie] corresponde \u00e0 ce que nous recherchons actuellement\u00a0\u00bb, est-il notamment \u00e9crit.<\/p>\n<p>                               <img loading=\"lazy\" decoding=\"async\" src=\"https:\/\/www.europesays.com\/fr\/wp-content\/uploads\/2025\/09\/f0a2898_ftp-import-images-1-1myw58cvc9ez-58e8c8a0b68f4c6f802743b4853ccff2-0-09971e2031634343a5242488.jpeg\" alt=\"La nouvelle antenne d\u00e9di\u00e9e \u00e0 David Bowie, au Victoria and Albert Museum, \u00e0 Londres, le 10\u00a0septembre\u00a02025.\"   width=\"664\" height=\"443\"\/>    La nouvelle antenne d\u00e9di\u00e9e \u00e0 David Bowie, au Victoria and Albert Museum, \u00e0 Londres, le 10\u00a0septembre\u00a02025.  JOANNA CHAN \/ AP                          <\/p>\n<p class=\"article__paragraph  \">Le centre documente aussi l\u2019influence durable de l\u2019interpr\u00e8te de Let\u2019s Dance sur les artistes qui lui ont succ\u00e9d\u00e9. Pour ce faire, il d\u00e9voile une lettre de la pop star am\u00e9ricaine Lady Gaga\u00a0: \u00ab\u00a0J\u2019ai l\u2019impression que toute ma carri\u00e8re a \u00e9t\u00e9 une tentative artistique pour que vous me remarquiez\u00a0\u00bb, \u00e9crit-elle dans sa missive.<\/p>\n<p>                    Possibilit\u00e9 de consulter d\u2019autres archives                    <\/p>\n<p class=\"article__paragraph  \">Au total, seuls 200\u00a0objets sont expos\u00e9s au public, mais les visiteurs ont la possibilit\u00e9 de consulter, sur demande, d\u2019autres pi\u00e8ces conserv\u00e9es dans les r\u00e9serves. Parmi elles, la cl\u00e9 de l\u2019appartement berlinois que Bowie partageait avec Iggy Pop \u00e0 la fin des ann\u00e9es 1970.<\/p>\n<p>                               <img loading=\"lazy\" decoding=\"async\" src=\"https:\/\/www.europesays.com\/fr\/wp-content\/uploads\/2025\/09\/ecf3927_ftp-import-images-1-m13wqnfkerle-a9bb08809ef342dda36d7bc0ad2ac8b1-0-ad8224b8d52347c28251dcce.jpeg\" alt=\"Les r\u00e9serves du Victoria and Albert Museum, \u00e0 Londres, le 10\u00a0septembre\u00a02025.\"   width=\"664\" height=\"443\"\/>    Les r\u00e9serves du Victoria and Albert Museum, \u00e0 Londres, le 10\u00a0septembre\u00a02025.  JOANNA CHAN \/ AP                          <\/p>\n<p class=\"article__paragraph  \">D\u2019autres documents r\u00e9v\u00e8lent des projets non aboutis, dont une adaptation du roman 1984, de George Orwell. L\u2019artiste envisageait \u00e9galement de mettre en sc\u00e8ne une com\u00e9die musicale inspir\u00e9e du Londres du XVIIIe\u00a0si\u00e8cle.<\/p>\n<p class=\"article__paragraph  \">Les costumes de sc\u00e8ne des personnages Thin White Duke ou Ziggy Stardust, des guitares, ou encore des \u0153uvres de fans viennent compl\u00e9ter cette plong\u00e9e dans l\u2019univers de l\u2019artiste. \u00ab\u00a0Nous avons eu la chance de recevoir ces archives dans un \u00e9tat particuli\u00e8rement bien structur\u00e9\u00a0\u00bb, souligne Sabrina Offord, du V&amp;A.\u00a0D\u00e8s les ann\u00e9es 1990, explique-t-elle \u00e0 l\u2019Agence France-Presse, l\u2019artiste \u00ab\u00a0envoyait des objets \u00e0 son \u00e9quipe avec des notes sur le contexte et sa vision de leur place au sein de son \u0153uvre\u00a0\u00bb.<\/p>\n<p class=\"author__detail\">  Le Monde avec AFP  <\/p>\n","protected":false},"excerpt":{"rendered":"L\u2019espace d\u00e9di\u00e9 \u00e0 David Bowie, situ\u00e9 dans la Storehouse du Victoria and Albert Museum, \u00e0 Londres, le 10\u00a0septembre\u00a02025.&hellip;\n","protected":false},"author":2,"featured_media":385285,"comment_status":"","ping_status":"","sticky":false,"template":"","format":"standard","meta":{"footnotes":""},"categories":[8],"tags":[58,59,1011,27],"class_list":{"0":"post-385284","1":"post","2":"type-post","3":"status-publish","4":"format-standard","5":"has-post-thumbnail","7":"category-divertissement","8":"tag-divertissement","9":"tag-entertainment","10":"tag-fr","11":"tag-france"},"share_on_mastodon":{"url":"https:\/\/pubeurope.com\/@fr\/115191373646431319","error":""},"_links":{"self":[{"href":"https:\/\/www.europesays.com\/fr\/wp-json\/wp\/v2\/posts\/385284","targetHints":{"allow":["GET"]}}],"collection":[{"href":"https:\/\/www.europesays.com\/fr\/wp-json\/wp\/v2\/posts"}],"about":[{"href":"https:\/\/www.europesays.com\/fr\/wp-json\/wp\/v2\/types\/post"}],"author":[{"embeddable":true,"href":"https:\/\/www.europesays.com\/fr\/wp-json\/wp\/v2\/users\/2"}],"replies":[{"embeddable":true,"href":"https:\/\/www.europesays.com\/fr\/wp-json\/wp\/v2\/comments?post=385284"}],"version-history":[{"count":0,"href":"https:\/\/www.europesays.com\/fr\/wp-json\/wp\/v2\/posts\/385284\/revisions"}],"wp:featuredmedia":[{"embeddable":true,"href":"https:\/\/www.europesays.com\/fr\/wp-json\/wp\/v2\/media\/385285"}],"wp:attachment":[{"href":"https:\/\/www.europesays.com\/fr\/wp-json\/wp\/v2\/media?parent=385284"}],"wp:term":[{"taxonomy":"category","embeddable":true,"href":"https:\/\/www.europesays.com\/fr\/wp-json\/wp\/v2\/categories?post=385284"},{"taxonomy":"post_tag","embeddable":true,"href":"https:\/\/www.europesays.com\/fr\/wp-json\/wp\/v2\/tags?post=385284"}],"curies":[{"name":"wp","href":"https:\/\/api.w.org\/{rel}","templated":true}]}}