{"id":385288,"date":"2025-09-12T12:41:12","date_gmt":"2025-09-12T12:41:12","guid":{"rendered":"https:\/\/www.europesays.com\/fr\/385288\/"},"modified":"2025-09-12T12:41:12","modified_gmt":"2025-09-12T12:41:12","slug":"finalement-le-danemark-choisit-le-systeme-franco-italien-de-defense-aerienne-samp-t-zone-militaire","status":"publish","type":"post","link":"https:\/\/www.europesays.com\/fr\/385288\/","title":{"rendered":"Finalement, le Danemark choisit le syst\u00e8me franco-italien de d\u00e9fense a\u00e9rienne SAMP\/T &#8211; Zone Militaire"},"content":{"rendered":"<ol>\n<li><a href=\"https:\/\/news.google.com\/rss\/articles\/CBMiuwFBVV95cUxPSWh5c041YnM1UmRteUN0OTNWWFU2Wko0NzFnX2hubGdBS1o0Z1lVR25HMVkycHN5UktGc1ZCdENGVUt4LVZTWHljZVdUM1p2YVVYREFRNm95UVVfaXNzOU5XNDhUalNWWTg0NnZiN2luYWtvUHVtd1lwek9ZamtxXzVjSHliX0dFY01ZazJJSXJWeGxraldVaGVrR0tFUFRaSWpSS1IxRHBXMVlvaVVSMGpRZTZUcVVMTFVB?oc=5\" target=\"_blank\" rel=\"noopener\">Finalement, le Danemark choisit le syst\u00e8me franco-italien de d\u00e9fense a\u00e9rienne SAMP\/T<\/a>&nbsp;&nbsp;Zone Militaire<\/li>\n<li><a href=\"https:\/\/news.google.com\/rss\/articles\/CBMisAJBVV95cUxPdklJcGgwVmtLUDdmOG9jT1NXWXRJTWpjRnF5OXJFM0ZSZFlaSFk0LXNqNWpuajczRFYwQTFnZzR0eWRPakF0V25uN0oyYjYwRkRSMi1nR0Zsa3phUmEwcG04SktON2hxeDY2S3l0OVBweVBIbnZTd0tiZDhwTDdVc0hJMGNaVnNNcjlJRHUtMGZrVHNjSjFURDVPV3VBbHhSMDRqeDJtUzVsTjV4RHB1RUVFdndOWGt1TUI5OXFpUzgxVE1vbUt6bHd5dDJlWWhzVC1GcUVhMXRId2FzbFpFTzk1ZkxzYXRON2ZsRlF5dVdINWx5cXRwYk5YRGg5T2lhZGFtbkZyNFFKZXlNUjVwVEFRak1qbnViYUxocXNSZkdXREgybEhZTE5uaVE0aGY4?oc=5\" target=\"_blank\" rel=\"noopener\">Le Danemark se tourne vers 4 pays europ\u00e9ens dont la France pour acheter pr\u00e8s de 8 milliards d&rsquo;euros de syst\u00e8mes de d\u00e9fense anti-a\u00e9riens<\/a>&nbsp;&nbsp;BFMTV<\/li>\n<li><a href=\"https:\/\/news.google.com\/rss\/articles\/CBMiiwJBVV95cUxOWkwyOXZSMkxvZFdOMm9xM3NTUkt6NE1OeXB3SlVVanlQZ3RiWGVIVjBoMjMyWWh5TFpyb09kSGZmWFhVdnpjSWo3VGJCZVZOLTZscUlONEMwVmZrR09ZTjdmSHJIT3oxY1B0bU0xS1dWbjBDR0Rzak9pZUN4MWVzMk5xWWRJeGJ0U3JaRHQyaC03T0dWeXdabVJTczVxdU94cWh0bXdYRkFseXF0RnZ6RE9tdnpxdnZzOHFXTjlpMWRHTVZkTEphOHozT29kT0JaVzc5UzlGTU95U0dRWUlXZlZ0akNJcmhrdTBKdmhWRnllVFZGSFp3YWJDM1E2N3EwdV9fZU9CYnZmQUE?oc=5\" target=\"_blank\" rel=\"noopener\">D\u00e9fense a\u00e9rienne : le Danemark s\u00e9lectionne le SAMP\/T plut\u00f4t que le syst\u00e8me am\u00e9ricain Patriot<\/a>&nbsp;&nbsp;La Tribune<\/li>\n<li><a href=\"https:\/\/news.google.com\/rss\/articles\/CBMi5wFBVV95cUxOUzZhczRUUS1NNjVOX0dYU1JEaENwRjJqRlN3ZkhwZDNTajJ3cmE1aUhYcF9lNkEwYS1nVDNoMExFdkp1LV9tb2MzWXFYemJIdnBFTmdkcEhkazhsZXF2N1hsbEM4Z0dvNWhNTGRhaDBpYS1tRXpMQWswbXBWTFBIZUp3S19rWkxyNG1LektKdGNTa0Y0eGJKTldjcUdraDZkbXAyZmFpd0pHNmhKa2lERHFSOWY1bnFOWWpXV2NkZmFTMDJDNmpuU1A2OVRsMEQtN2o4VWpDOWxkaXFCdTdnNDJNaWZGVTQ?oc=5\" target=\"_blank\" rel=\"noopener\">Le Danemark ach\u00e8te europ\u00e9en pour le plus gros contrat d\u2019armement de son histoire<\/a>&nbsp;&nbsp;Courrier international<\/li>\n<li><a href=\"https:\/\/news.google.com\/rss\/articles\/CBMiwAFBVV95cUxOblRSdGhzSVFNQ2dMcHMxT3l4bjQ2bG1TZm5aWlY0WGZjX1NrcG85NnUzMFVtZHJRYkIzTU9CbDNPNUZweFAtN2pYNG5ETUhRbFo3V3VQaVc4a0g3MHp4RkRQdTNORVdzNURYaUF6cjIwOV9MeDJyU2p0aFBYdm5TLTZncGNCc1piYVhZbG9td1hQZGZ5czM0SGhqbDY4d1pEUjBOLWZqQ0xmYWNjeEhsaG9tdFlaa0JxMWhEanBEd0o?oc=5\" target=\"_blank\" rel=\"noopener\">Le Danemark investit 7,7 milliards d\u2019euros pour des syst\u00e8mes de d\u00e9fense anti-a\u00e9riens<\/a>&nbsp;&nbsp;Lignes de d\u00e9fense<\/li>\n<\/ol>\n","protected":false},"excerpt":{"rendered":"Finalement, le Danemark choisit le syst\u00e8me franco-italien de d\u00e9fense a\u00e9rienne SAMP\/T&nbsp;&nbsp;Zone Militaire Le Danemark se tourne vers 4&hellip;\n","protected":false},"author":2,"featured_media":385289,"comment_status":"","ping_status":"","sticky":false,"template":"","format":"standard","meta":{"footnotes":""},"categories":[6],"tags":[51806,35,145,15470,33,34,51807,1011,27,51808,50097,136,38068,51809,544],"class_list":{"0":"post-385288","1":"post","2":"type-post","3":"status-publish","4":"format-standard","5":"has-post-thumbnail","7":"category-economie","8":"tag-aster-30-b1nt","9":"tag-business","10":"tag-danemark","11":"tag-defense-aerienne","12":"tag-economie","13":"tag-economy","14":"tag-eurosam","15":"tag-fr","16":"tag-france","17":"tag-gf300","18":"tag-mbda","19":"tag-otan","20":"tag-patriot","21":"tag-samp-t-ng","22":"tag-thales"},"share_on_mastodon":{"url":"https:\/\/pubeurope.com\/@fr\/115191380933470518","error":""},"_links":{"self":[{"href":"https:\/\/www.europesays.com\/fr\/wp-json\/wp\/v2\/posts\/385288","targetHints":{"allow":["GET"]}}],"collection":[{"href":"https:\/\/www.europesays.com\/fr\/wp-json\/wp\/v2\/posts"}],"about":[{"href":"https:\/\/www.europesays.com\/fr\/wp-json\/wp\/v2\/types\/post"}],"author":[{"embeddable":true,"href":"https:\/\/www.europesays.com\/fr\/wp-json\/wp\/v2\/users\/2"}],"replies":[{"embeddable":true,"href":"https:\/\/www.europesays.com\/fr\/wp-json\/wp\/v2\/comments?post=385288"}],"version-history":[{"count":0,"href":"https:\/\/www.europesays.com\/fr\/wp-json\/wp\/v2\/posts\/385288\/revisions"}],"wp:featuredmedia":[{"embeddable":true,"href":"https:\/\/www.europesays.com\/fr\/wp-json\/wp\/v2\/media\/385289"}],"wp:attachment":[{"href":"https:\/\/www.europesays.com\/fr\/wp-json\/wp\/v2\/media?parent=385288"}],"wp:term":[{"taxonomy":"category","embeddable":true,"href":"https:\/\/www.europesays.com\/fr\/wp-json\/wp\/v2\/categories?post=385288"},{"taxonomy":"post_tag","embeddable":true,"href":"https:\/\/www.europesays.com\/fr\/wp-json\/wp\/v2\/tags?post=385288"}],"curies":[{"name":"wp","href":"https:\/\/api.w.org\/{rel}","templated":true}]}}