{"id":385304,"date":"2025-09-12T12:49:11","date_gmt":"2025-09-12T12:49:11","guid":{"rendered":"https:\/\/www.europesays.com\/fr\/385304\/"},"modified":"2025-09-12T12:49:11","modified_gmt":"2025-09-12T12:49:11","slug":"un-nouveau-city-stade-pour-les-eleves-du-centre-ville-de-six-fours","status":"publish","type":"post","link":"https:\/\/www.europesays.com\/fr\/385304\/","title":{"rendered":"Un nouveau city stade pour les \u00e9l\u00e8ves du centre-ville de Six-Fours"},"content":{"rendered":"<p>En centre-ville, discr\u00e8tement nich\u00e9 derri\u00e8re l\u2019\u00e9cole maternelle Reynier, un city stade flambant neuf est sorti de terre durant l\u2019\u00e9t\u00e9. Et ce jeudi \u00e0 la sortie des classes, le maire et des \u00e9lus ont proc\u00e9d\u00e9 \u00e0 son inauguration: \u00ab\u00a0Cet \u00e9quipement n\u2019est pas seulement un terrain de sport, c\u2019est avant tout un lieu de vie et de rencontres, pens\u00e9 sp\u00e9cialement pour les \u00e9l\u00e8ves des deux \u00e9coles Reynier et Condorcet.\u00a0\u00bb<\/p>\n<p>Pour l\u2019heure seulement destin\u00e9 aux scolaires donc, il pourrait \u00eatre \u00ab\u00a0prochainement accessible durant les vacances\u00a0\u00bb, a pr\u00e9cis\u00e9 Jean-S\u00e9bastien Vialatte.<\/p>\n<p>Cet \u00e9quipement moderne, \u00e0 dominante mauve et turquoise, permet la pratique du football, du basket, du handball ou encore du volley et du badminton, gr\u00e2ce \u00e0 la possibilit\u00e9 d\u2019installer un filet au centre du terrain. Une mini-piste d\u2019athl\u00e9tisme permet \u00e9galement de savoir qui est le plus rapide.<\/p>\n<p>              <img ci-src=\"https:\/\/www.varmatin.com\/vie-locale\/protec\/DATA_ART_16228280-gKfHweZN.jpg?vh=bc5ac1&amp;ci_seal=c4ce2fd9b4\" alt=\"\"\/><\/p>\n<p>                                <strong>D\u2019autres projets pour \u00ab\u00a0transformer\u00a0\u00bb le centre-ville<\/strong><\/p>\n<p>Avant de passer \u00e0 la c\u00e9r\u00e9monie de la coupe du ruban, l\u2019\u00e9lu a salu\u00e9 les services de la ville et les entreprises qui ont particip\u00e9 \u00e0 ce chantier \u00ab\u00a0r\u00e9alis\u00e9 en un temps record\u00a0\u00bb. Puis il a rappel\u00e9 d\u2019autres projets enclench\u00e9s, qui vont participer \u00e0 la \u00ab\u00a0transformation\u00a0\u00bb du quartier: \u00ab\u00a0Apr\u00e8s la construction des deux nouvelles \u00e9coles, nous aurons d\u2019ici quelques mois un parc de 3.000m\u00b2 avec des jeux pour enfants, des tables de pique-nique, des arbres et de la v\u00e9g\u00e9tation. C\u2019est un nouvel \u00eelot fra\u00eecheur qui va voir le jour en centre-ville\u00a0\u00bb, \u00e0 l\u2019endroit o\u00f9 se trouvait l\u2019ancienne cour de l\u2019\u00e9cole maternelle, avec une entr\u00e9e donnant sur la rue R\u00e9publique (entre le CCAS et le contr\u00f4le technique). Il a \u00e9galement \u00e9voqu\u00e9 la biblioth\u00e8que et son jardin de lecture, attendus \u00e0 quelques m\u00e8tres de l\u00e0, dans une b\u00e2tisse acquise par la Ville.<\/p>\n","protected":false},"excerpt":{"rendered":"En centre-ville, discr\u00e8tement nich\u00e9 derri\u00e8re l\u2019\u00e9cole maternelle Reynier, un city stade flambant neuf est sorti de terre durant&hellip;\n","protected":false},"author":2,"featured_media":385305,"comment_status":"","ping_status":"","sticky":false,"template":"","format":"standard","meta":{"footnotes":""},"categories":[9619],"tags":[1111,11,1777,674,1011,27,12,882,25,2310,3366],"class_list":{"0":"post-385304","1":"post","2":"type-post","3":"status-publish","4":"format-standard","5":"has-post-thumbnail","7":"category-toulon","8":"tag-actu","9":"tag-actualites","10":"tag-eu","11":"tag-europe","12":"tag-fr","13":"tag-france","14":"tag-news","15":"tag-provence-alpes-cote-dazur","16":"tag-republique-francaise","17":"tag-toulon","18":"tag-vie-locale"},"share_on_mastodon":{"url":"https:\/\/pubeurope.com\/@fr\/115191412502898219","error":""},"_links":{"self":[{"href":"https:\/\/www.europesays.com\/fr\/wp-json\/wp\/v2\/posts\/385304","targetHints":{"allow":["GET"]}}],"collection":[{"href":"https:\/\/www.europesays.com\/fr\/wp-json\/wp\/v2\/posts"}],"about":[{"href":"https:\/\/www.europesays.com\/fr\/wp-json\/wp\/v2\/types\/post"}],"author":[{"embeddable":true,"href":"https:\/\/www.europesays.com\/fr\/wp-json\/wp\/v2\/users\/2"}],"replies":[{"embeddable":true,"href":"https:\/\/www.europesays.com\/fr\/wp-json\/wp\/v2\/comments?post=385304"}],"version-history":[{"count":0,"href":"https:\/\/www.europesays.com\/fr\/wp-json\/wp\/v2\/posts\/385304\/revisions"}],"wp:featuredmedia":[{"embeddable":true,"href":"https:\/\/www.europesays.com\/fr\/wp-json\/wp\/v2\/media\/385305"}],"wp:attachment":[{"href":"https:\/\/www.europesays.com\/fr\/wp-json\/wp\/v2\/media?parent=385304"}],"wp:term":[{"taxonomy":"category","embeddable":true,"href":"https:\/\/www.europesays.com\/fr\/wp-json\/wp\/v2\/categories?post=385304"},{"taxonomy":"post_tag","embeddable":true,"href":"https:\/\/www.europesays.com\/fr\/wp-json\/wp\/v2\/tags?post=385304"}],"curies":[{"name":"wp","href":"https:\/\/api.w.org\/{rel}","templated":true}]}}