{"id":385317,"date":"2025-09-12T12:57:09","date_gmt":"2025-09-12T12:57:09","guid":{"rendered":"https:\/\/www.europesays.com\/fr\/385317\/"},"modified":"2025-09-12T12:57:09","modified_gmt":"2025-09-12T12:57:09","slug":"le-departement-acte-labandon-des-projets","status":"publish","type":"post","link":"https:\/\/www.europesays.com\/fr\/385317\/","title":{"rendered":"le D\u00e9partement acte l\u2019abandon des projets"},"content":{"rendered":"<p>            Par<br \/>\n        <strong><br \/>\n            <a href=\"https:\/\/actu.fr\/auteur\/maxime-turberville\" title=\"Consulter tous les articles de Maxime Turberville\" target=\"_blank\" rel=\"noopener\">Maxime Turberville<\/a><br \/>\n        <\/strong><\/p>\n<p>        Publi\u00e9 le<\/p>\n<p>            12 sept. 2025 \u00e0 14h23        <\/p>\n<p>La majorit\u00e9 au <b>D\u00e9partement d\u2019Ille-et-Vilaine<\/b> a d\u00e9cid\u00e9 d\u2019enterrer d\u00e9finitivement les <b>projets de contournements routiers<\/b> de Vitr\u00e9, Ch\u00e2teaubourg et Foug\u00e8res. C\u2019est l\u2019annonce faite par <b>Jean-Luc Chenut<\/b>, le pr\u00e9sident de la collectivit\u00e9, lors d\u2019une conf\u00e9rence de presse, ce vendredi 12\u00a0septembre 2025.<\/p>\n<p>Suspendus depuis 2021<\/p>\n<p class=\" wall-content\">Suspendus <a href=\"https:\/\/actu.fr\/bretagne\/vitre_35360\/les-projets-de-contournement-de-vitre-et-chateaubourg-arretes_43106759.html\" target=\"_blank\" rel=\"noopener\">depuis 2021<\/a>\u2013 ce qui avait suscit\u00e9 de <a href=\"https:\/\/actu.fr\/politique\/arret-des-contournements-en-ille-et-vilaine-jean-luc-chenut-contre-attaque_43336290.html\" target=\"_blank\" rel=\"noopener\">nombreuses r\u00e9actions<\/a> \u00e0 l\u2019\u00e9poque, notamment des \u00e9lus locaux \u2013 les projets de contournement ont continu\u00e9 d\u2019alimenter les discussions.<\/p>\n<p class=\" wall-content\">Notamment chez les maires de Foug\u00e8res (Louis Feuvrier), <a href=\"https:\/\/actu.fr\/bretagne\/chateaubourg_35068\/contournement-routier-de-chateaubourg-le-maire-teddy-regnier-veut-un-referendum_43262873.html\" target=\"_blank\" rel=\"noopener\">Ch\u00e2teaubourg <\/a>(Teddy R\u00e9gnier) et Vitr\u00e9 (Isabelle Le Callennec et <a href=\"https:\/\/actu.fr\/bretagne\/vitre_35360\/contournement-de-vitre-relance-le-projet-de-troncon-ouest-est-il-faisable_61628801.html\" target=\"_blank\" rel=\"noopener\">Pierre L\u00e9onardi)<\/a>.<\/p>\n<p class=\" wall-content\">Ce vendredi 12\u00a0septembre, <b>Jean-Luc Chenut et Fr\u00e9d\u00e9ric Martin, conseiller d\u00e9partemental d\u00e9l\u00e9gu\u00e9 <\/b>aux b\u00e2timents, aux mobilit\u00e9s ont clos les d\u00e9bats sur ces dossiers.<\/p>\n<p class=\" wall-content\">\u00ab\u2009Aujourd\u2019hui, on consid\u00e8re que c\u2019est l\u2019aboutissement d\u2019une s\u00e9quence et l\u2019ouverture d\u2019une autre\u2009\u00bb, explique d\u2019embl\u00e9e Jean-Luc Chenut.<\/p>\n<p class=\" wall-content\">La majorit\u00e9 (<b>PS et EELV<\/b>) au D\u00e9partement motive sa d\u00e9cision pour des consid\u00e9rations \u00ab\u2009<b>environnementales<\/b>\u2009\u00bb et \u00ab\u2009<b>budg\u00e9taires<\/b>\u2009\u00bb.<\/p>\n<p>    <a href=\"https:\/\/www.facebook.com\/plugins\/post.php?href=https%3A%2F%2Fwww.facebook.com%2FgroupeEFCCD35%2Fposts%2Fpfbid0hwkMhFMaNDFQLX7EtYWvSC1s7YTGychhLedFjpDSAfGRtfLHwdEPSGK9RR7cnP14l&amp;show_text=true&amp;width=350\" title=\"Ouvrie le lien\" target=\"_blank\" rel=\"noopener\">Cliquez ici pour visualiser le contenu<\/a><\/p>\n<p>Votre r\u00e9gion, votre actu !<\/p>\n<p>Recevez chaque jour les infos qui comptent pour vous.<\/p>\n<p>\t<a href=\"https:\/\/actu.fr\/newsletter\" class=\"ac-btn ac-btn--corner ac-btn--medium ac-btn--blue800\" target=\"_blank\" rel=\"noopener\">S&rsquo;incrire<\/a><br \/>\nUne croissance du trafic en baisse<\/p>\n<p class=\" wall-content\">\u00ab\u2009Les enjeux environnementaux et climatiques n\u2019ont jamais \u00e9t\u00e9 aussi pr\u00e9gnants. La collectivit\u00e9 s\u2019est engag\u00e9e dans une trajectoire bas carbone car nous avons des imp\u00e9ratifs de r\u00e9sultat\u2009\u00bb, indique Jean-Luc Chenut.<\/p>\n<p class=\" wall-content\">En \u00e9voquant cela, l\u2019\u00e9lu pense notamment \u00e0 \u00ab\u2009l\u2019emprise fonci\u00e8re, un enjeu majeur\u2009\u00bb. C\u2019est l\u2019objectif de <b>z\u00e9ro artificialisation nette<\/b> (ZAN) \u00e0 l\u2019horizon de 2050.<\/p>\n<p class=\" wall-content\">Outre l\u2019argument environnemental, la majorit\u00e9 \u00e9voque aussi les <b>contraintes \u00e9conomiques et budg\u00e9taires<\/b>.<\/p>\n<blockquote class=\"ac-article-quote wall-content\">\n<p>Avant 2022, le D\u00e9partement pouvait investir 150\u00a0millions d\u2019euros, dont 40\u2009% dans les infrastructures.<\/p>\n<\/blockquote>\n<p class=\" wall-content\">50 \u00e0 60\u00a0millions d\u2019euros \u00e9taient alors chaque ann\u00e9e d\u00e9pens\u00e9s. Mais les choses ont drastiquement chang\u00e9. La situation financi\u00e8re du D\u00e9partement est loin d\u2019\u00eatre la m\u00eame. Et le contexte national n\u2019aide pas.<\/p>\n<p class=\" wall-content\">\u00ab\u2009Nous sommes rest\u00e9s en dehors de la ligne rouge, mais nous n\u2019avons plus d\u2019\u00e9pargne. Toute notre capacit\u00e9 d\u2019investissement n\u00e9cessitera le recours \u00e0 l\u2019emprunt. On va devoir r\u00e9duire de <b>35 \u00e0 40\u2009%<\/b> notre capacit\u00e9 d\u2019investissement\u2009\u00bb, d\u00e9taille Jean-Luc Chenut.<\/p>\n<p class=\" wall-content\">Le pr\u00e9sident du D\u00e9partement pr\u00e9cise qu\u2019une des priorit\u00e9s sera donn\u00e9e par exemple \u00e0 l\u2019investissement <b>dans les coll\u00e8ges<\/b>.<\/p>\n<p class=\" wall-content\">Par ailleurs, la majorit\u00e9 s\u2019appuie aussi sur une donn\u00e9e\u2009: le trafic routier.\u00a0En augmentation jusqu\u2019en 2021 (<b>croissance de 1,4\u2009% chaque ann\u00e9e en Ille-et-Vilaine<\/b>), ce chiffre aurait baiss\u00e9 d\u2019un point (0,4\u2009%) depuis le Covid.<\/p>\n<p class=\" wall-content\">Il faut noter aussi que les mobilit\u00e9s douces, elles, se sont d\u00e9velopp\u00e9es avec des am\u00e9nagements r\u00e9alis\u00e9s.<\/p>\n<p>\u00ab\u2009Pas une solution miracle\u2009\u00bb<\/p>\n<p class=\" wall-content\">Enfin, pour motiver sa d\u00e9cision, la majorit\u00e9 au D\u00e9partement s\u2019appuie sur le travail des bureaux d\u2019\u00e9tudes (Cerema et Transamo) et des comit\u00e9s citoyens.<\/p>\n<p class=\" wall-content\">Apr\u00e8s l\u2019annonce de la suspension des projets, un processus avait \u00e9t\u00e9 engag\u00e9 pour trouver des \u00ab\u2009alternatives\u2009\u00bb.<\/p>\n<p class=\" wall-content\">Ces comit\u00e9s citoyens avaient \u00e9t\u00e9 cr\u00e9\u00e9s dans chacune des villes concern\u00e9es. Chacun d\u2019entre eux avait rendu des conclusions. Il \u00e9tait notamment question de se pencher sur la question des contournements.<\/p>\n<blockquote class=\"ac-article-quote wall-content\">\n<p>Ils n\u2019ont pas d\u00e9montr\u00e9 un imp\u00e9ratif et un consensus pour dire\u2009: \u2018Il faut r\u00e9aliser ces investissements\u2019. Il y avait des r\u00e9serves sur les impacts environnementaux.<\/p>\n<p>Jean-Luc Chenut<\/p><\/blockquote>\n<p class=\" wall-content\">\u00ab\u2009Ces contournements n\u2019\u00e9taient pas pour eux des solutions miracles\u2009\u00bb, ajoute Fr\u00e9d\u00e9ric Martin.<\/p>\n<p class=\" wall-content\">D\u00e9sormais, la majorit\u00e9 d\u00e9partementale annonce engager un travail avec les collectivit\u00e9s, notamment de Vitr\u00e9 et communaut\u00e9 et Foug\u00e8res Agglom\u00e9ration, pour trouver des pistes alternatives.<\/p>\n<p class=\" wall-content\">\u00ab\u2009C\u2019est une attente des \u00e9lus du territoire, qui sont en pleine p\u00e9riode \u00e9lectorale avec les municipales. Ils ont besoin de savoir la position du D\u00e9partement sur ce qu\u2019on fait ou pas\u2009\u00bb, conclut Jean-Luc Chenut.<\/p>\n<p class=\" wall-content\">Personnalisez votre actualit\u00e9 en ajoutant vos villes et m\u00e9dias en favori avec <a href=\"https:\/\/moncompte.actu.fr\" title=\"D\u00e9couvez Mon Actu\" rel=\"nofollow noopener\" data-trk=\"{&quot;cta&quot;:{&quot;action&quot;:&quot;https:\\\/\\\/moncompte.actu.fr&quot;,&quot;category&quot;:&quot;mon compte&quot;,&quot;from&quot;:&quot;article footer&quot;,&quot;name&quot;:&quot;Mon actu&quot;,&quot;type&quot;:&quot;cta&quot;}}\" target=\"_blank\">Mon Actu<\/a>.<\/p>\n","protected":false},"excerpt":{"rendered":"Par Maxime Turberville Publi\u00e9 le 12 sept. 2025 \u00e0 14h23 La majorit\u00e9 au D\u00e9partement d\u2019Ille-et-Vilaine a d\u00e9cid\u00e9 d\u2019enterrer&hellip;\n","protected":false},"author":2,"featured_media":385318,"comment_status":"","ping_status":"","sticky":false,"template":"","format":"standard","meta":{"footnotes":""},"categories":[2821],"tags":[1111,11,829,3542,1777,674,1011,27,12,584,25,104],"class_list":{"0":"post-385317","1":"post","2":"type-post","3":"status-publish","4":"format-standard","5":"has-post-thumbnail","7":"category-rennes","8":"tag-actu","9":"tag-actualites","10":"tag-bretagne","11":"tag-circulation","12":"tag-eu","13":"tag-europe","14":"tag-fr","15":"tag-france","16":"tag-news","17":"tag-rennes","18":"tag-republique-francaise","19":"tag-societe"},"share_on_mastodon":{"url":"https:\/\/pubeurope.com\/@fr\/115191443950390019","error":""},"_links":{"self":[{"href":"https:\/\/www.europesays.com\/fr\/wp-json\/wp\/v2\/posts\/385317","targetHints":{"allow":["GET"]}}],"collection":[{"href":"https:\/\/www.europesays.com\/fr\/wp-json\/wp\/v2\/posts"}],"about":[{"href":"https:\/\/www.europesays.com\/fr\/wp-json\/wp\/v2\/types\/post"}],"author":[{"embeddable":true,"href":"https:\/\/www.europesays.com\/fr\/wp-json\/wp\/v2\/users\/2"}],"replies":[{"embeddable":true,"href":"https:\/\/www.europesays.com\/fr\/wp-json\/wp\/v2\/comments?post=385317"}],"version-history":[{"count":0,"href":"https:\/\/www.europesays.com\/fr\/wp-json\/wp\/v2\/posts\/385317\/revisions"}],"wp:featuredmedia":[{"embeddable":true,"href":"https:\/\/www.europesays.com\/fr\/wp-json\/wp\/v2\/media\/385318"}],"wp:attachment":[{"href":"https:\/\/www.europesays.com\/fr\/wp-json\/wp\/v2\/media?parent=385317"}],"wp:term":[{"taxonomy":"category","embeddable":true,"href":"https:\/\/www.europesays.com\/fr\/wp-json\/wp\/v2\/categories?post=385317"},{"taxonomy":"post_tag","embeddable":true,"href":"https:\/\/www.europesays.com\/fr\/wp-json\/wp\/v2\/tags?post=385317"}],"curies":[{"name":"wp","href":"https:\/\/api.w.org\/{rel}","templated":true}]}}