{"id":385321,"date":"2025-09-12T12:59:12","date_gmt":"2025-09-12T12:59:12","guid":{"rendered":"https:\/\/www.europesays.com\/fr\/385321\/"},"modified":"2025-09-12T12:59:12","modified_gmt":"2025-09-12T12:59:12","slug":"quand-les-biodechets-rencontrent-le-design","status":"publish","type":"post","link":"https:\/\/www.europesays.com\/fr\/385321\/","title":{"rendered":"quand les biod\u00e9chets rencontrent le design"},"content":{"rendered":"<p>Voil\u00e0 une exposition originale qui se tient du 17\u00a0septembre au 2\u00a0octobre \u00e0 Strasbourg, \u00e0 l\u2019Exploratorium <a href=\"https:\/\/www.dna.fr\/culture-loisirs\/2024\/11\/26\/l-exploratorium-d-atelier-circulr-quand-des-dechets-alimentaires-se-transforment-en-objets-100-recyclables\" target=\"_blank\" rel=\"nofollow noopener\">de l\u2019Atelier CirculR,<\/a> situ\u00e9 dans les locaux de l\u2019AFPA, rue des Corps-de-Garde, \u00e0 Strasbourg.\u00a0L\u2019exposition \u00ab\u00a0Mati\u00e8res Vives\u00a0\u00bb pr\u00e9sente en effet une s\u00e9lection de projets de design explorant la transformation de biod\u00e9chets alimentaires en mat\u00e9riaux. Les prototypes, r\u00e9cits de recherche-action et exp\u00e9rimentations mati\u00e8res de l\u2019Atelier CirculR et d\u2019une nouvelle g\u00e9n\u00e9ration de designers mettent en lumi\u00e8re la diversit\u00e9 inh\u00e9rente \u00e0 la pratique du design\u00a0: une invitation \u00e0 d\u00e9couvrir des imaginaires respectueux du vivant. Exploration, cr\u00e9ativit\u00e9, partage, \u00e9thique, proximit\u00e9 et frugalit\u00e9 sont les valeurs d\u00e9fendues, au travers des actions de l\u2019association Atelier CirculR.<\/p>\n<p>Designeuses au programme de cette exposition\u00a0: Justine Freyd, Lisa Gu\u00e9pratte, Mida Kelle, Nathalia Moutinho et Tania Nmiri, ainsi que les chercheur\u00b7se\u00b7s Marc Simonnet et Marion Roullet. Entr\u00e9e libre. Du 17\u00a0septembre au 2\u00a0octobre, ouverture du lundi au vendredi de 14h \u00e0 18h.<\/p>\n","protected":false},"excerpt":{"rendered":"Voil\u00e0 une exposition originale qui se tient du 17\u00a0septembre au 2\u00a0octobre \u00e0 Strasbourg, \u00e0 l\u2019Exploratorium de l\u2019Atelier CirculR,&hellip;\n","protected":false},"author":2,"featured_media":385322,"comment_status":"","ping_status":"","sticky":false,"template":"","format":"standard","meta":{"footnotes":""},"categories":[2820],"tags":[1111,11,2389,1687,2880,1777,674,2271,107,1011,27,775,12,25,640,2879],"class_list":{"0":"post-385321","1":"post","2":"type-post","3":"status-publish","4":"format-standard","5":"has-post-thumbnail","7":"category-strasbourg","8":"tag-actu","9":"tag-actualites","10":"tag-alsace","11":"tag-culture-loisirs","12":"tag-edition-strasbourg","13":"tag-eu","14":"tag-europe","15":"tag-exposition-arts-plastiques","16":"tag-fil-info","17":"tag-fr","18":"tag-france","19":"tag-grand-est","20":"tag-news","21":"tag-republique-francaise","22":"tag-strasbourg","23":"tag-strasbourg-ville"},"share_on_mastodon":{"url":"https:\/\/pubeurope.com\/@fr\/115191451767235163","error":""},"_links":{"self":[{"href":"https:\/\/www.europesays.com\/fr\/wp-json\/wp\/v2\/posts\/385321","targetHints":{"allow":["GET"]}}],"collection":[{"href":"https:\/\/www.europesays.com\/fr\/wp-json\/wp\/v2\/posts"}],"about":[{"href":"https:\/\/www.europesays.com\/fr\/wp-json\/wp\/v2\/types\/post"}],"author":[{"embeddable":true,"href":"https:\/\/www.europesays.com\/fr\/wp-json\/wp\/v2\/users\/2"}],"replies":[{"embeddable":true,"href":"https:\/\/www.europesays.com\/fr\/wp-json\/wp\/v2\/comments?post=385321"}],"version-history":[{"count":0,"href":"https:\/\/www.europesays.com\/fr\/wp-json\/wp\/v2\/posts\/385321\/revisions"}],"wp:featuredmedia":[{"embeddable":true,"href":"https:\/\/www.europesays.com\/fr\/wp-json\/wp\/v2\/media\/385322"}],"wp:attachment":[{"href":"https:\/\/www.europesays.com\/fr\/wp-json\/wp\/v2\/media?parent=385321"}],"wp:term":[{"taxonomy":"category","embeddable":true,"href":"https:\/\/www.europesays.com\/fr\/wp-json\/wp\/v2\/categories?post=385321"},{"taxonomy":"post_tag","embeddable":true,"href":"https:\/\/www.europesays.com\/fr\/wp-json\/wp\/v2\/tags?post=385321"}],"curies":[{"name":"wp","href":"https:\/\/api.w.org\/{rel}","templated":true}]}}