{"id":385323,"date":"2025-09-12T13:00:13","date_gmt":"2025-09-12T13:00:13","guid":{"rendered":"https:\/\/www.europesays.com\/fr\/385323\/"},"modified":"2025-09-12T13:00:13","modified_gmt":"2025-09-12T13:00:13","slug":"emanuel-emegha-je-me-sens-aime-a-strasbourg-alsasports","status":"publish","type":"post","link":"https:\/\/www.europesays.com\/fr\/385323\/","title":{"rendered":"Emanuel Emegha : \u00ab\u00a0Je me sens aim\u00e9 \u00e0 Strasbourg\u00a0\u00bb \u2014 Alsa&rsquo;Sports"},"content":{"rendered":"<p><strong>En annon\u00e7ant son d\u00e9part l\u2019\u00e9t\u00e9 prochain \u00e0 Chelsea, l\u2019attaquant Emanuel Emegha en a profit\u00e9 pour adresser un joli message aux supporters strasbourgeois, qu\u2019il va donc c\u00f4toyer une toute derni\u00e8re saison. <\/strong><\/p>\n<p>Le regard est \u00e0 l\u2019horizon mais il faut soigner sa sortie. C\u2019est le message qu\u2019a sous-entendu Emanuel Emegha ce vendredi, lors de l\u2019annonce de son d\u00e9part en 2026 direction Chelsea en Premier League. \u00ab\u00a0Je suis impatient de tout faire pour mon club, et m\u2019assurer que nous atteindrons nos objectifs\u00a0\u00bb, a-t-il d\u00e9taill\u00e9. Le N\u00e9erlandais en a aussi profit\u00e9 pour s\u2019adresser aux supporters strasbourgeois et donn\u00e9 le ton de la saison \u00e0 venir : \u00ab\u00a0je me sens aim\u00e9 \u00e0 Strasbourg, et je suis content de la fa\u00e7on dont \u00e7a se passe avec le club.  Nous ne voulons pas \u00eatre en Europe juste pour dire qu\u2019on a jou\u00e9 la Ligue Conf\u00e9rence, nous voulons vraiment faire quelque chose en \u00e9quipe. Je sais que je parle beaucoup, mais je le montrerai toujours sur le terrain. Je suis pr\u00eat.\u00a0\u00bb<\/p>\n","protected":false},"excerpt":{"rendered":"En annon\u00e7ant son d\u00e9part l\u2019\u00e9t\u00e9 prochain \u00e0 Chelsea, l\u2019attaquant Emanuel Emegha en a profit\u00e9 pour adresser un joli&hellip;\n","protected":false},"author":2,"featured_media":385324,"comment_status":"","ping_status":"","sticky":false,"template":"","format":"standard","meta":{"footnotes":""},"categories":[2820],"tags":[1111,11,1777,674,63,1011,27,775,12,4448,25,640],"class_list":{"0":"post-385323","1":"post","2":"type-post","3":"status-publish","4":"format-standard","5":"has-post-thumbnail","7":"category-strasbourg","8":"tag-actu","9":"tag-actualites","10":"tag-eu","11":"tag-europe","12":"tag-football","13":"tag-fr","14":"tag-france","15":"tag-grand-est","16":"tag-news","17":"tag-rc-strasbourg","18":"tag-republique-francaise","19":"tag-strasbourg"},"share_on_mastodon":{"url":"https:\/\/pubeurope.com\/@fr\/115191455771314477","error":""},"_links":{"self":[{"href":"https:\/\/www.europesays.com\/fr\/wp-json\/wp\/v2\/posts\/385323","targetHints":{"allow":["GET"]}}],"collection":[{"href":"https:\/\/www.europesays.com\/fr\/wp-json\/wp\/v2\/posts"}],"about":[{"href":"https:\/\/www.europesays.com\/fr\/wp-json\/wp\/v2\/types\/post"}],"author":[{"embeddable":true,"href":"https:\/\/www.europesays.com\/fr\/wp-json\/wp\/v2\/users\/2"}],"replies":[{"embeddable":true,"href":"https:\/\/www.europesays.com\/fr\/wp-json\/wp\/v2\/comments?post=385323"}],"version-history":[{"count":0,"href":"https:\/\/www.europesays.com\/fr\/wp-json\/wp\/v2\/posts\/385323\/revisions"}],"wp:featuredmedia":[{"embeddable":true,"href":"https:\/\/www.europesays.com\/fr\/wp-json\/wp\/v2\/media\/385324"}],"wp:attachment":[{"href":"https:\/\/www.europesays.com\/fr\/wp-json\/wp\/v2\/media?parent=385323"}],"wp:term":[{"taxonomy":"category","embeddable":true,"href":"https:\/\/www.europesays.com\/fr\/wp-json\/wp\/v2\/categories?post=385323"},{"taxonomy":"post_tag","embeddable":true,"href":"https:\/\/www.europesays.com\/fr\/wp-json\/wp\/v2\/tags?post=385323"}],"curies":[{"name":"wp","href":"https:\/\/api.w.org\/{rel}","templated":true}]}}