{"id":385325,"date":"2025-09-12T13:01:09","date_gmt":"2025-09-12T13:01:09","guid":{"rendered":"https:\/\/www.europesays.com\/fr\/385325\/"},"modified":"2025-09-12T13:01:09","modified_gmt":"2025-09-12T13:01:09","slug":"pres-de-nice-deux-blesses-graves-lors-dun-accident-sur-lautoroute-le-tunnel-ferme","status":"publish","type":"post","link":"https:\/\/www.europesays.com\/fr\/385325\/","title":{"rendered":"Pr\u00e8s de Nice. Deux bless\u00e9s graves lors d&rsquo;un accident sur l&rsquo;autoroute : le tunnel ferm\u00e9"},"content":{"rendered":"<p>            Par<br \/>\n        <strong><br \/>\n            <a href=\"https:\/\/actu.fr\/auteur\/ugo-maillard\" title=\"Consulter tous les articles de Ugo Maillard\" rel=\"nofollow noopener\" target=\"_blank\">Ugo Maillard<\/a><br \/>\n        <\/strong><\/p>\n<p>        Publi\u00e9 le<\/p>\n<p>            12 sept. 2025 \u00e0 14h10        <\/p>\n<p>Aux alentours de 12 h 20, un violent accident de la route s\u2019est produit dans le tunnel de la Turbie (<a href=\"https:\/\/actu.fr\/provence-alpes-cote-d-azur\/alpes-maritimes_06\" rel=\"nofollow noopener\" target=\"_blank\">Alpes-Maritimes<\/a>) sur l\u2019<strong>autoroute A500<\/strong>, ce vendredi 12 septembre 2025.<\/p>\n<p>    <a href=\"https:\/\/www.google.com\/maps\/embed?pb=!1m18!1m12!1m3!1d18302.965390466507!2d7.375641269860901!3d43.740954678756005!2m3!1f0!2f0!3f0!3m2!1i1024!2i768!4f13.1!3m3!1m2!1s0x12cdc308975963a1%3A0x28263f13e511ff5a!2sTun.%20de%20Monaco!5e0!3m2!1sfr!2sfr!4v1757678530998!5m2!1sfr!2sfr\" title=\"Ouvrie le lien\" rel=\"nofollow noopener\" target=\"_blank\">Cliquez ici pour visualiser le contenu<\/a><\/p>\n<p class=\" wall-content\">Les informations obtenues par la r\u00e9daction d\u2019<a href=\"https:\/\/actu.fr\/nice\/\" rel=\"nofollow noopener\" target=\"_blank\">actu Nice <\/a>aupr\u00e8s des sapeurs-pompiers, un choc s\u2019est produit entre un v\u00e9hicule de tourisme et un fourgon.<\/p>\n<p class=\" wall-content\">Les secours ont pris en charge <strong>deux victimes incarc\u00e9r\u00e9es<\/strong>, l\u2019une dans la voiture et l\u2019autre dans le fourgon. Il s\u2019agit d\u2019une femme et d\u2019un homme d\u2019une trentaine d\u2019ann\u00e9es, tous deux dans un \u00e9tat grave. De tr\u00e8s nombreux pompiers et des m\u00e9decins du Samu sont sur place.<\/p>\n<p>Le tunnel coup\u00e9<\/p>\n<p class=\" wall-content\">Selon les informations des secours, l\u2019accident s\u2019est produit dans le sens Monaco vers la Turbie. Cet \u00e9v\u00e8nement entra\u00eene une <strong>interruption de la circulation<\/strong> pour l\u2019ensemble des v\u00e9hicules, <strong>dans les deux sens<\/strong> de circulation dans le secteur de Monaco.<\/p>\n<p class=\" wall-content\">Les \u00e9quipes de Vinci autoroute indiquent par le biais d\u2019un communiqu\u00e9 de presse que des mesures ont \u00e9t\u00e9 mises en place pour contourner la difficult\u00e9.<\/p>\n<ul class=\" wall-content\">\n<li>Sortie obligatoire \/ entr\u00e9e interdite \u00e0 Laghet (n\u00b0 57)<\/li>\n<li>Acc\u00e8s \u00e0 l\u2019A500 depuis l\u2019A8 interdit<\/li>\n<\/ul>\n<p class=\" wall-content\">Personnalisez votre actualit\u00e9 en ajoutant vos villes et m\u00e9dias en favori avec <a href=\"https:\/\/moncompte.actu.fr\" title=\"D\u00e9couvez Mon Actu\" rel=\"nofollow noopener\" data-trk=\"{&quot;cta&quot;:{&quot;action&quot;:&quot;https:\\\/\\\/moncompte.actu.fr&quot;,&quot;category&quot;:&quot;mon compte&quot;,&quot;from&quot;:&quot;article footer&quot;,&quot;name&quot;:&quot;Mon actu&quot;,&quot;type&quot;:&quot;cta&quot;}}\" target=\"_blank\">Mon Actu<\/a>.<\/p>\n","protected":false},"excerpt":{"rendered":"Par Ugo Maillard Publi\u00e9 le 12 sept. 2025 \u00e0 14h10 Aux alentours de 12 h 20, un violent&hellip;\n","protected":false},"author":2,"featured_media":385326,"comment_status":"","ping_status":"","sticky":false,"template":"","format":"standard","meta":{"footnotes":""},"categories":[2819],"tags":[119,1111,11,1777,674,118,1011,27,12,2401,1311,882,25],"class_list":{"0":"post-385325","1":"post","2":"type-post","3":"status-publish","4":"format-standard","5":"has-post-thumbnail","7":"category-nice","8":"tag-accident","9":"tag-actu","10":"tag-actualites","11":"tag-eu","12":"tag-europe","13":"tag-faits-divers","14":"tag-fr","15":"tag-france","16":"tag-news","17":"tag-nice","18":"tag-pompiers","19":"tag-provence-alpes-cote-dazur","20":"tag-republique-francaise"},"share_on_mastodon":{"url":"https:\/\/pubeurope.com\/@fr\/115191459692986975","error":""},"_links":{"self":[{"href":"https:\/\/www.europesays.com\/fr\/wp-json\/wp\/v2\/posts\/385325","targetHints":{"allow":["GET"]}}],"collection":[{"href":"https:\/\/www.europesays.com\/fr\/wp-json\/wp\/v2\/posts"}],"about":[{"href":"https:\/\/www.europesays.com\/fr\/wp-json\/wp\/v2\/types\/post"}],"author":[{"embeddable":true,"href":"https:\/\/www.europesays.com\/fr\/wp-json\/wp\/v2\/users\/2"}],"replies":[{"embeddable":true,"href":"https:\/\/www.europesays.com\/fr\/wp-json\/wp\/v2\/comments?post=385325"}],"version-history":[{"count":0,"href":"https:\/\/www.europesays.com\/fr\/wp-json\/wp\/v2\/posts\/385325\/revisions"}],"wp:featuredmedia":[{"embeddable":true,"href":"https:\/\/www.europesays.com\/fr\/wp-json\/wp\/v2\/media\/385326"}],"wp:attachment":[{"href":"https:\/\/www.europesays.com\/fr\/wp-json\/wp\/v2\/media?parent=385325"}],"wp:term":[{"taxonomy":"category","embeddable":true,"href":"https:\/\/www.europesays.com\/fr\/wp-json\/wp\/v2\/categories?post=385325"},{"taxonomy":"post_tag","embeddable":true,"href":"https:\/\/www.europesays.com\/fr\/wp-json\/wp\/v2\/tags?post=385325"}],"curies":[{"name":"wp","href":"https:\/\/api.w.org\/{rel}","templated":true}]}}