{"id":385329,"date":"2025-09-12T13:03:12","date_gmt":"2025-09-12T13:03:12","guid":{"rendered":"https:\/\/www.europesays.com\/fr\/385329\/"},"modified":"2025-09-12T13:03:12","modified_gmt":"2025-09-12T13:03:12","slug":"braquages-de-commerces-dans-une-commune-pres-de-nantes-un-individu-interpelle","status":"publish","type":"post","link":"https:\/\/www.europesays.com\/fr\/385329\/","title":{"rendered":"Braquages de commerces dans une commune pr\u00e8s de Nantes : un individu interpell\u00e9"},"content":{"rendered":"<p>            Par<br \/>\n        <strong><br \/>\n            <a href=\"https:\/\/actu.fr\/auteur\/thomas-bernard\" title=\"Consulter tous les articles de Thomas Bernard\" rel=\"nofollow noopener\" target=\"_blank\">Thomas Bernard<\/a><br \/>\n        <\/strong><\/p>\n<p>        Publi\u00e9 le<\/p>\n<p>            12 sept. 2025 \u00e0 14h17        <\/p>\n<p>Il est garde \u00e0 vue au commissariat de Nantes. Ce jeudi 11\u00a0septembre 2025, aux alentours de 16\u2009h\u200930, <strong>la police a interpell\u00e9 un individu suspect\u00e9 d\u2019avoir braqu\u00e9 plusieurs commerces \u00e0 <a href=\"https:\/\/actu.fr\/pays-de-la-loire\/saint-sebastien-sur-loire_44190\" rel=\"nofollow noopener\" target=\"_blank\">Saint-S\u00e9bastien-sur-Loire<\/a><\/strong>. Des boulangeries du centre-ville de la commune lig\u00e9rienne ont notamment \u00e9t\u00e9 vis\u00e9es ce jeudi apr\u00e8s-midi.<\/p>\n<p>Soup\u00e7onn\u00e9 d\u2019autres braquages<\/p>\n<p class=\" wall-content\">L\u2019individu est actuellement entendu par les enqu\u00eateurs du Groupe violences aux personnes (GVP).<\/p>\n<p class=\" wall-content\">La personne interpell\u00e9e est \u00e9galement suspect\u00e9e <strong>d\u2019avoir braqu\u00e9 d\u2019autres commerces<\/strong> dans le quartier de la Fontaine, toujours \u00e0 Saint-S\u00e9bastien-sur-Loire, le mercredi 10\u00a0septembre. D\u2019apr\u00e8s les informations de <a href=\"https:\/\/www.ouest-france.fr\/societe\/faits-divers\/arme-dune-faucille-un-homme-en-noir-a-surgi-dans-deux-petits-commerces-au-sud-de-nantes-1750f90a-8e41-11f0-b721-b06ecd26fbd1\" rel=\"nofollow noopener\" target=\"_blank\">Presse Oc\u00e9an<\/a>, un homme v\u00eatu de noir, arm\u00e9 d\u2019une faucille, aurait menac\u00e9 des employ\u00e9s d\u2019une boulangerie et d\u2019un fleuriste pour repartir avec la caisse.<\/p>\n<p class=\" wall-content\">Personnalisez votre actualit\u00e9 en ajoutant vos villes et m\u00e9dias en favori avec <a href=\"https:\/\/moncompte.actu.fr\" title=\"D\u00e9couvez Mon Actu\" rel=\"nofollow noopener\" data-trk=\"{&quot;cta&quot;:{&quot;action&quot;:&quot;https:\\\/\\\/moncompte.actu.fr&quot;,&quot;category&quot;:&quot;mon compte&quot;,&quot;from&quot;:&quot;article footer&quot;,&quot;name&quot;:&quot;Mon actu&quot;,&quot;type&quot;:&quot;cta&quot;}}\" target=\"_blank\">Mon Actu<\/a>.<\/p>\n","protected":false},"excerpt":{"rendered":"Par Thomas Bernard Publi\u00e9 le 12 sept. 2025 \u00e0 14h17 Il est garde \u00e0 vue au commissariat de&hellip;\n","protected":false},"author":2,"featured_media":385330,"comment_status":"","ping_status":"","sticky":false,"template":"","format":"standard","meta":{"footnotes":""},"categories":[2818],"tags":[1111,11,1174,215,1777,674,118,1011,27,766,12,2636,1072,25],"class_list":{"0":"post-385329","1":"post","2":"type-post","3":"status-publish","4":"format-standard","5":"has-post-thumbnail","7":"category-nantes","8":"tag-actu","9":"tag-actualites","10":"tag-cambriolage","11":"tag-commerce","12":"tag-eu","13":"tag-europe","14":"tag-faits-divers","15":"tag-fr","16":"tag-france","17":"tag-nantes","18":"tag-news","19":"tag-pays-de-la-loire","20":"tag-police","21":"tag-republique-francaise"},"share_on_mastodon":{"url":"https:\/\/pubeurope.com\/@fr\/115191467883377289","error":""},"_links":{"self":[{"href":"https:\/\/www.europesays.com\/fr\/wp-json\/wp\/v2\/posts\/385329","targetHints":{"allow":["GET"]}}],"collection":[{"href":"https:\/\/www.europesays.com\/fr\/wp-json\/wp\/v2\/posts"}],"about":[{"href":"https:\/\/www.europesays.com\/fr\/wp-json\/wp\/v2\/types\/post"}],"author":[{"embeddable":true,"href":"https:\/\/www.europesays.com\/fr\/wp-json\/wp\/v2\/users\/2"}],"replies":[{"embeddable":true,"href":"https:\/\/www.europesays.com\/fr\/wp-json\/wp\/v2\/comments?post=385329"}],"version-history":[{"count":0,"href":"https:\/\/www.europesays.com\/fr\/wp-json\/wp\/v2\/posts\/385329\/revisions"}],"wp:featuredmedia":[{"embeddable":true,"href":"https:\/\/www.europesays.com\/fr\/wp-json\/wp\/v2\/media\/385330"}],"wp:attachment":[{"href":"https:\/\/www.europesays.com\/fr\/wp-json\/wp\/v2\/media?parent=385329"}],"wp:term":[{"taxonomy":"category","embeddable":true,"href":"https:\/\/www.europesays.com\/fr\/wp-json\/wp\/v2\/categories?post=385329"},{"taxonomy":"post_tag","embeddable":true,"href":"https:\/\/www.europesays.com\/fr\/wp-json\/wp\/v2\/tags?post=385329"}],"curies":[{"name":"wp","href":"https:\/\/api.w.org\/{rel}","templated":true}]}}